{"id":8482,"date":"2026-06-03T01:59:17","date_gmt":"2026-06-02T22:59:17","guid":{"rendered":"https:\/\/imgist.ru\/v-kalifornii-priblizhaetsya-shag-k-massovomu-vozvrashheniyu-buryh-medvedej-v-estestvennuyu-sredu-obitaniya\/"},"modified":"2026-08-29T11:59:46","modified_gmt":"2026-08-29T08:59:46","slug":"la-californie-se-rapproche-de-la-reintroduction-massive-dours-morts-dans-leur-habitat-naturel","status":"publish","type":"post","link":"https:\/\/imgist.ru\/fr\/v-kalifornii-priblizhaetsya-shag-k-massovomu-vozvrashheniyu-buryh-medvedej-v-estestvennuyu-sredu-obitaniya\/","title":{"rendered":"La Californie se rapproche d&#039;une r\u00e9introduction massive des ours bruns dans leur habitat naturel."},"content":{"rendered":"<p>Les grizzlis ont franchi une nouvelle \u00e9tape maladroite vers leur retour en Californie.<\/p>\n<p> La semaine derni\u00e8re, le S\u00e9nat de l&#039;\u00c9tat de Californie a vot\u00e9 par 29 voix contre 9, selon les lignes de parti, pour approuver un plan d&#039;action visant \u00e0 \u00e9valuer la faisabilit\u00e9 de la r\u00e9introduction du superpr\u00e9dateur figurant sur le drapeau de l&#039;\u00c9tat.<\/p>\n<p> Le projet de loi est maintenant soumis \u00e0 l&#039;Assembl\u00e9e l\u00e9gislative de l&#039;\u00c9tat de Californie, o\u00f9 il a \u00e9t\u00e9 lu et est actuellement \u00e0 l&#039;\u00e9tude. Il pourrait ensuite \u00eatre renvoy\u00e9 en commission ou suivre une autre voie, \u00e0 la discr\u00e9tion des l\u00e9gislateurs.<\/p>\n<p> Le projet de loi SB 1305 a \u00e9t\u00e9 modifi\u00e9 depuis la publication de l&#039;article du California Post en mars. Il assouplit consid\u00e9rablement les dispositions relatives \u00e0 la r\u00e9introduction de l&#039;ours grizzly en Californie, suite aux inqui\u00e9tudes exprim\u00e9es par les \u00e9leveurs quant aux risques que l&#039;introduction d&#039;un autre superpr\u00e9dateur pourrait repr\u00e9senter pour leur b\u00e9tail. <\/p>\n<p> Les grizzlis ont franchi une nouvelle \u00e9tape d\u00e9licate vers leur retour en Californie. Getty Images<\/p>\n<p> Le texte du projet de loi a \u00e9t\u00e9 modifi\u00e9\u00a0: au lieu de pr\u00e9senter la r\u00e9introduction de l\u2019ours grizzly en Californie comme une fatalit\u00e9, il en examine d\u00e9sormais la faisabilit\u00e9. Son titre a \u00e9t\u00e9 chang\u00e9\u00a0: \u00ab\u00a0Loi sur le r\u00e9tablissement de l\u2019ours grizzly en Californie\u00a0\u00bb devient \u00ab\u00a0Loi sur l\u2019\u00e9valuation du r\u00e9tablissement de l\u2019ours grizzly en Californie\u00a0\u00bb.<\/p>\n<p> Le projet de loi a \u00e9t\u00e9 modifi\u00e9 ou exempt\u00e9 afin de prot\u00e9ger les grizzlis potentiels, notamment par une section prot\u00e9geant les \u00e9leveurs de b\u00e9tail contre les ours en leur permettant de tuer les ours s&#039;ils chassent le b\u00e9tail.<\/p>\n<p> Une section cl\u00e9 du projet de loi, qui en pr\u00e9cisait l&#039;objectif, a \u00e9t\u00e9 modifi\u00e9e. Le texte initial supposait que l&#039;\u00c9tat souhaitait r\u00e9introduire l&#039;ours en Californie. Or, le texte amend\u00e9 pr\u00e9cise que le projet de loi vise uniquement \u00e0 d\u00e9terminer \u00ab\u00a0si la r\u00e9introduction de l&#039;ours est biologiquement r\u00e9alisable et s&#039;il existe dans l&#039;\u00c9tat des zones o\u00f9 les conditions d&#039;une coexistence durable et de la protection de la population peuvent \u00eatre r\u00e9unies\u00a0\u00bb. <\/p>\n<p> Plusieurs dispositions du projet de loi ont \u00e9t\u00e9 modifi\u00e9es ou supprim\u00e9es afin de renforcer la protection contre les grizzlis, notamment une section qui prot\u00e8ge les \u00e9leveurs en les autorisant \u00e0 abattre les ours s&#039;ils chassent leur b\u00e9tail. (Image courtoisie de Getty Images)<\/p>\n<p> La date limite de mise en \u0153uvre du plan d&#039;action est report\u00e9e du 30 juin 2028 au 30 juin 2030. Le projet de loi continue d&#039;inclure la justification des l\u00e9gislateurs pour la r\u00e9introduction de l&#039;ours, \u00e0 savoir qu&#039;il est important \u00ab pour de nombreuses tribus am\u00e9rindiennes de Californie \u00bb et m\u00e9rite une seconde chance dans l&#039;\u00e9cosyst\u00e8me californien apr\u00e8s que la chasse ait chass\u00e9 les ours de l&#039;\u00c9tat.<\/p>\n<p> Si le plan est approuv\u00e9 par l&#039;Assembl\u00e9e l\u00e9gislative de Californie et promulgu\u00e9 par le gouverneur, les l\u00e9gislateurs devront probablement encore entreprendre des d\u00e9marches officielles pour r\u00e9introduire l&#039;ours grizzly dans l&#039;\u00c9tat. Les grizzlis ont disparu de Californie en 1924.<\/p>\n<p> Peter Tira, porte-parole du D\u00e9partement californien de la p\u00eache et de la faune sauvage, a d\u00e9clar\u00e9 au California Post que la politique du d\u00e9partement est de ne pas commenter les projets de loi. Les responsables ont indiqu\u00e9 qu&#039;il s&#039;agit d&#039;une question r\u00e9currente qui revient \u00ab\u00a0tous les deux ou trois ans\u00a0\u00bb et que les avis divergent quant \u00e0 la r\u00e9introduction des ours en Californie.<\/p>\n<p> Chris Servin, qui a \u00e9t\u00e9 coordinateur du programme de r\u00e9tablissement de l&#039;ours grizzly pour le Service am\u00e9ricain de la p\u00eache et de la faune pendant 35 ans avant de prendre sa retraite en 2016, a d\u00e9clar\u00e9 au Post que tout programme de r\u00e9introduction n&#039;est \u00ab pas facile \u00bb.<\/p>\n<p> \u00ab Je pense que la question de leur emplacement n\u00e9cessitera une r\u00e9flexion approfondie, car l&#039;habitat et les sources de nourriture doivent correspondre \u00e0 ceux recherch\u00e9s \u00bb, a-t-il d\u00e9clar\u00e9. \u00ab Il faudra trouver une population d&#039;ours, ce qui est une t\u00e2che difficile, car il n&#039;y a pas beaucoup d&#039;ours en libert\u00e9. \u00bb.<\/p>\n<p> Il a ajout\u00e9 que du personnel serait n\u00e9cessaire pour surveiller les ours et leurs interactions potentielles avec les humains. <\/p>\n<p> Chris Servin a \u00e9t\u00e9 coordinateur du programme de r\u00e9tablissement de l&#039;ours grizzly pour le Service am\u00e9ricain de la p\u00eache et de la faune sauvage pendant 35 ans avant de prendre sa retraite en 2016. (NBC Montana)<\/p>\n<p> Servin a indiqu\u00e9 qu&#039;entre 50 et 100 personnes travaillent dans le nord des montagnes Rocheuses \u00e0 la gestion des populations d&#039;ours grizzlis dans quatre \u00c9tats.<\/p>\n<p> Si les ours ne s&#039;adaptent pas \u00e0 leur nouvel environnement, ils pourraient mourir, a d\u00e9clar\u00e9 Servin.<\/p>\n<p> Mais si elles commencent \u00e0 prosp\u00e9rer, elles peuvent repr\u00e9senter un danger pour les personnes.<\/p>\n<p> Servin a indiqu\u00e9 que ces ours sont connus pour \u00eatre plus agressifs que les ours noirs communs, en particulier les femelles prot\u00e9geant leurs petits. Il explique que la plupart des rencontres sont inattendues, lorsque des randonneurs et des ours se heurtent accidentellement sur les sentiers, et se terminent g\u00e9n\u00e9ralement par l&#039;ours qui fait tomber le randonneur et prend la fuite.<\/p>\n<p> \u00ab Les grizzlis pr\u00e9sentent un potentiel de conflit l\u00e9g\u00e8rement sup\u00e9rieur \u00e0 celui des ours noirs. Mais tout d\u00e9pend de la fr\u00e9quence des rencontres \u00bb, a-t-il d\u00e9clar\u00e9, en pr\u00e9cisant que les ours noirs sont beaucoup plus communs en Californie.<\/p>\n<p> Servin a fait remarquer que les attaques d&#039;ours grizzlis sont g\u00e9n\u00e9ralement rares. Cependant, le mois dernier, dans le parc national de Glacier, au Montana, un de ces ours a gri\u00e8vement bless\u00e9 et tu\u00e9 un diacre catholique. <\/p>\n<p> Servin estime qu&#039;une approche \u00e9quilibr\u00e9e est n\u00e9cessaire pour la r\u00e9introduction des ours, mais d\u00e9conseille de dramatiser les attaques d&#039;ours. Kavan \u2013 stock.adobe.com<\/p>\n<p> Servin estime qu&#039;une \u00ab approche \u00e9quilibr\u00e9e \u00bb est n\u00e9cessaire pour la r\u00e9introduction des ours, mais d\u00e9conseille les affirmations sensationnalistes concernant les attaques d&#039;ours.<\/p>\n<p> \u00ab\u00a0Tous ces cas o\u00f9 des grizzlis n&#039;ont pas attaqu\u00e9 d&#039;humains, ou o\u00f9 des campeurs n&#039;ont eu aucun probl\u00e8me dans l&#039;habitat des grizzlis, ou encore o\u00f9 des vaches vivaient l\u00e0 sans jamais \u00eatre attaqu\u00e9es, a-t-il d\u00e9clar\u00e9. Ces choses-l\u00e0 ne font pas les gros titres.\u00a0\u00bb.<\/p>\n<p> Les \u00e9leveurs de b\u00e9tail californiens avaient d\u00e9j\u00e0 exprim\u00e9 leur inqui\u00e9tude quant au fait que ce pr\u00e9dateur situ\u00e9 au sommet de la cha\u00eene alimentaire puisse commencer \u00e0 s&#039;attaquer \u00e0 leur b\u00e9tail.<\/p>\n<p> \u00ab La Californie a d\u00e9j\u00e0 du mal \u00e0 g\u00e9rer sa population de pr\u00e9dateurs situ\u00e9s au sommet de la cha\u00eene alimentaire, et la situation des loups a fait prendre conscience aux gens que nous n&#039;avons pas assez de proies pour les pr\u00e9dateurs existants et que nous n&#039;avons pas le personnel du D\u00e9partement de la p\u00eache et de la faune pour les g\u00e9rer \u00bb, a d\u00e9clar\u00e9 Rick Roberti, \u00e9leveur de b\u00e9tail de la Sierra Valley et pr\u00e9sident de la California Cattlemen&#039;s Association, \u00e0 SF Gate.<\/p>\n<p> \u00ab Et les loups ne sont rien compar\u00e9s aux grizzlis. \u00bb.<\/p>","protected":false},"excerpt":{"rendered":"<p>Les grizzlis ont franchi une nouvelle \u00e9tape d\u00e9licate vers leur retour en Californie. La semaine derni\u00e8re, le S\u00e9nat de l&#039;\u00c9tat de Californie a vot\u00e9 par 29 voix contre 9 en faveur de\u2026<\/p>","protected":false},"author":1,"featured_media":8483,"comment_status":"open","ping_status":"closed","sticky":false,"template":"","format":"standard","meta":{"footnotes":""},"categories":[2],"tags":[],"class_list":["post-8482","post","type-post","status-publish","format-standard","has-post-thumbnail","hentry","category-news","hvn-theme-has-thumbnail"],"_links":{"self":[{"href":"https:\/\/imgist.ru\/fr\/wp-json\/wp\/v2\/posts\/8482","targetHints":{"allow":["GET"]}}],"collection":[{"href":"https:\/\/imgist.ru\/fr\/wp-json\/wp\/v2\/posts"}],"about":[{"href":"https:\/\/imgist.ru\/fr\/wp-json\/wp\/v2\/types\/post"}],"author":[{"embeddable":true,"href":"https:\/\/imgist.ru\/fr\/wp-json\/wp\/v2\/users\/1"}],"replies":[{"embeddable":true,"href":"https:\/\/imgist.ru\/fr\/wp-json\/wp\/v2\/comments?post=8482"}],"version-history":[{"count":4,"href":"https:\/\/imgist.ru\/fr\/wp-json\/wp\/v2\/posts\/8482\/revisions"}],"predecessor-version":[{"id":152297,"href":"https:\/\/imgist.ru\/fr\/wp-json\/wp\/v2\/posts\/8482\/revisions\/152297"}],"wp:featuredmedia":[{"embeddable":true,"href":"https:\/\/imgist.ru\/fr\/wp-json\/wp\/v2\/media\/8483"}],"wp:attachment":[{"href":"https:\/\/imgist.ru\/fr\/wp-json\/wp\/v2\/media?parent=8482"}],"wp:term":[{"taxonomy":"category","embeddable":true,"href":"https:\/\/imgist.ru\/fr\/wp-json\/wp\/v2\/categories?post=8482"},{"taxonomy":"post_tag","embeddable":true,"href":"https:\/\/imgist.ru\/fr\/wp-json\/wp\/v2\/tags?post=8482"}],"curies":[{"name":"wp","href":"https:\/\/api.w.org\/{rel}","templated":true}]}}