{"id":9091,"date":"2026-06-03T12:10:26","date_gmt":"2026-06-03T09:10:26","guid":{"rendered":"https:\/\/imgist.ru\/anna-faris-blagodarna-za-vozvrashhenie-v-kino-posle-spada-v-karere\/"},"modified":"2026-08-29T12:00:59","modified_gmt":"2026-08-29T09:00:59","slug":"anna-faris-est-reconnaissante-de-son-retour-au-cinema-apres-une-periode-de-creux-dans-sa-carriere","status":"publish","type":"post","link":"https:\/\/imgist.ru\/fr\/anna-faris-blagodarna-za-vozvrashhenie-v-kino-posle-spada-v-karere\/","title":{"rendered":"Anna Faris est reconnaissante de son retour au cin\u00e9ma apr\u00e8s une p\u00e9riode de creux dans sa carri\u00e8re."},"content":{"rendered":"<p><strong>Anna Faris<\/strong> Elle s&#039;est exprim\u00e9e avec franchise sur son retour dans la franchise Scary Movie, le qualifiant de moment important de sa carri\u00e8re. L&#039;actrice a acc\u00e9d\u00e9 \u00e0 la c\u00e9l\u00e9brit\u00e9 gr\u00e2ce \u00e0 son r\u00f4le de Cindy Campbell dans le film Scary Movie de 2000, qui lui a ouvert les portes d&#039;Hollywood.<\/p>\n<p> L&#039;actrice a fait une pause dans sa carri\u00e8re en 2020 pour se concentrer sur sa famille, mais elle est aujourd&#039;hui reconnaissante de l&#039;opportunit\u00e9 qui lui est offerte de retrouver les fr\u00e8res Wayans et de reprendre le r\u00f4le qui a tant marqu\u00e9 sa carri\u00e8re.<\/p>\n<p> Anna Faris a exprim\u00e9 sa gratitude aux fr\u00e8res Wayans. O&#039;Connor\/AFF-USA.com \/ MEGA<\/p>\n<p> Marlon, Shawn et Keenan Wayans ont repris les r\u00eanes de la franchise Scary Movie vingt ans apr\u00e8s avoir \u00e9t\u00e9, semble-t-il, contraints de quitter leur propre projet. Dans ce sixi\u00e8me opus tr\u00e8s attendu, la distribution originale se r\u00e9unira pour parodier les films d&#039;horreur et la culture populaire.<\/p>\n<p> Dans une interview <em>Entertainment Weekly<\/em> Anna Faris, reprenant son r\u00f4le de Cindy Campbell, la \u00ab\u00a0derni\u00e8re survivante\u00a0\u00bb, a d\u00e9crit l&#039;importance de cette opportunit\u00e9 pour elle, tant sur le plan professionnel que personnel. \u00ab\u00a0Je commen\u00e7ais \u00e0 penser qu&#039;Hollywood me mettait \u00e0 la retraite. Et \u00e7a me convenait\u00a0\u00bb, a d\u00e9clar\u00e9 Faris, \u00e9voquant sa carri\u00e8re avant qu&#039;on lui propose le r\u00f4le dans Scary Movie 6.<\/p>\n<h2> L&#039;actrice a perdu le contact avec les fr\u00e8res Wayans.<\/h2>\n<p> Faris a perdu sa maison lors du terrible incendie de Palisades en 2025. Pourtant, un mois plus tard seulement, Marlon l&#039;a appel\u00e9e au sujet du film. \u00ab\u00a0Quand ma maison a br\u00fbl\u00e9, j&#039;ai d\u00fb beaucoup r\u00e9fl\u00e9chir. Alors, pouvoir les remercier\u2026 je les remercierai tous les jours. Ils ont d\u00fb \u00eatre vraiment furieux contre moi\u00a0\u00bb, a confi\u00e9 Faris.<\/p>\n<p> Faris a admis qu&#039;il s&#039;agissait de sa premi\u00e8re conversation avec les fr\u00e8res Wayans depuis leur collaboration sur \u00ab Scary Movie 2 \u00bb, le dernier volet de la franchise. Comme l&#039;avait pr\u00e9c\u00e9demment rapport\u00e9 la publication. <em>L&#039;explosion<\/em> , Marlon affirme que les fr\u00e8res Weinstein les ont \u00ab priv\u00e9s de leurs droits \u00bb et n&#039;ont eu aucune implication dans les troisi\u00e8me, quatri\u00e8me et cinqui\u00e8me films.<\/p>\n<p> Faris est revenue pour Scary Movie 3 et Scary Movie 4, et bien qu&#039;elle ait eu envie de renouer avec les fr\u00e8res Wayans, elle avait des doutes. \u00ab J&#039;en avais toujours envie. Mais honn\u00eatement, je ne savais pas s&#039;ils m&#039;en voulaient \u00bb, a-t-elle admis.<\/p>\n<p> Dans une interview, Marlon a d\u00e9clar\u00e9 qu&#039;il ne prenait pas la participation de Faris \u00e0 d&#039;autres films comme une insulte personnelle, ajoutant qu&#039;il \u00e9tait simplement heureux qu&#039;elle ait particip\u00e9 au sixi\u00e8me volet.<\/p>\n<h2> Le film \u00ab Scary Movie \u00bb a lanc\u00e9 la carri\u00e8re d&#039;Anna Faris. <\/h2>\n<p> Lumeimages \/ MEGA<\/p>\n<p> Faris, une jeune \u00e9crivaine en herbe, a obtenu une licence de lettres en 1999. Pendant ses \u00e9tudes, elle travaillait \u00e0 temps partiel comme actrice. Apr\u00e8s avoir obtenu son dipl\u00f4me, elle a d\u00e9cid\u00e9 de tenter sa chance dans le cin\u00e9ma professionnel et sa premi\u00e8re audition \u00e0 Hollywood fut pour le film Scary Movie.<\/p>\n<p> Le premier film fut un succ\u00e8s critique et commercial, propulsant la carri\u00e8re de Faris. Outre son r\u00f4le principal dans les quatre films de la saga Scary Movie, l&#039;actrice a \u00e9galement jou\u00e9 dans plusieurs autres longs m\u00e9trages, dont Bunny&#039;s House, What&#039;s Your Date?, Overboard, Just Friends et The Dictator. Elle a aussi pr\u00eat\u00e9 sa voix \u00e0 des films d&#039;animation comme Cloudy with a Chance of Meatballs et The Emoji Movie.<\/p>\n<h2> L&#039;actrice a pris des vacances impr\u00e9vues. <\/h2>\n<p> Lumeimages \/ MEGA<\/p>\n<p> En 2013, Faris d\u00e9croche un r\u00f4le principal dans la sitcom Mom de Chuck Lorre, aux c\u00f4t\u00e9s d&#039;Allison Janney. Cependant, apr\u00e8s la septi\u00e8me saison, elle annonce brusquement son d\u00e9part de la s\u00e9rie, invoquant le d\u00e9sir de \u00ab\u00a0se consacrer \u00e0 d&#039;autres projets\u00a0\u00bb. La s\u00e9rie continue une saison de plus sans elle avant de s&#039;achever en 2020.<\/p>\n<p> L&#039;actrice n&#039;a pas compl\u00e8tement mis un terme \u00e0 sa carri\u00e8re d&#039;actrice, mais elle est devenue plus s\u00e9lective dans le choix de ses projets. Dans une interview accord\u00e9e au magazine <em>PERSONNES<\/em> En 2023, Faris a r\u00e9v\u00e9l\u00e9 avoir fait une pause dans sa carri\u00e8re pour passer plus de temps avec son fils. \u00ab J&#039;ai ralenti le rythme et pass\u00e9 beaucoup de temps avec mon fils. C&#039;\u00e9tait vraiment g\u00e9nial. Ce n&#039;\u00e9tait pas une d\u00e9cision d\u00e9lib\u00e9r\u00e9e, plut\u00f4t comme des vacances \u00bb, a-t-elle expliqu\u00e9.<\/p>\n<h2> Anna Faris a d\u00e9clar\u00e9 que son retour sur le tournage de Scary Movie avait \u00e9t\u00e9 une \u00ab exp\u00e9rience r\u00e9paratrice \u00bb pour elle.<\/h2>\n<p> Faris n&#039;a pas \u00e9t\u00e9 retenue pour Scary Movie 5 car le studio pr\u00e9f\u00e9rait une distribution plus jeune, choisissant Ashley Tisdale pour le r\u00f4le principal. En avril, Faris a fait part de sa surprise \u00e0 l&#039;annonce du sixi\u00e8me volet de la franchise Scary Movie et, plus important encore, de ses retrouvailles avec ses anciens partenaires.<\/p>\n<p> \u00ab Je n&#039;arrivais pas \u00e0 y croire. Je n&#039;aurais jamais cru me sentir aussi bien en tournant &quot;Scary Movies&quot;... C&#039;est un peu... j&#039;aimerais trouver un meilleur mot, mais c&#039;est comme une gu\u00e9rison. Nous sommes de nouveau r\u00e9unis. Et \u00e7a, c&#039;est tr\u00e8s important pour moi \u00ab, a d\u00e9clar\u00e9 Faris.<\/p>\n<p> Le sixi\u00e8me volet de la franchise, intitul\u00e9 Scary Movie, sortira en salles le 5 juin.<\/p>\n<p> L&#039;article \u00ab Anna Faris reconnaissante de son retour au cin\u00e9ma apr\u00e8s une p\u00e9riode de creux dans sa carri\u00e8re \u00bb est paru initialement sur The Blast.<\/p>","protected":false},"excerpt":{"rendered":"<p>Anna Faris s&#039;est confi\u00e9e sans d\u00e9tour sur son retour dans la franchise Scary Movie, le qualifiant de moment important de sa carri\u00e8re. L&#039;actrice a acc\u00e9d\u00e9 \u00e0 la c\u00e9l\u00e9brit\u00e9 gr\u00e2ce \u00e0 son r\u00f4le de Cindy Campbell\u2026<\/p>","protected":false},"author":1,"featured_media":9092,"comment_status":"open","ping_status":"closed","sticky":false,"template":"","format":"standard","meta":{"footnotes":""},"categories":[6],"tags":[],"class_list":["post-9091","post","type-post","status-publish","format-standard","has-post-thumbnail","hentry","category-kinoindustriya","hvn-theme-has-thumbnail"],"_links":{"self":[{"href":"https:\/\/imgist.ru\/fr\/wp-json\/wp\/v2\/posts\/9091","targetHints":{"allow":["GET"]}}],"collection":[{"href":"https:\/\/imgist.ru\/fr\/wp-json\/wp\/v2\/posts"}],"about":[{"href":"https:\/\/imgist.ru\/fr\/wp-json\/wp\/v2\/types\/post"}],"author":[{"embeddable":true,"href":"https:\/\/imgist.ru\/fr\/wp-json\/wp\/v2\/users\/1"}],"replies":[{"embeddable":true,"href":"https:\/\/imgist.ru\/fr\/wp-json\/wp\/v2\/comments?post=9091"}],"version-history":[{"count":3,"href":"https:\/\/imgist.ru\/fr\/wp-json\/wp\/v2\/posts\/9091\/revisions"}],"predecessor-version":[{"id":152830,"href":"https:\/\/imgist.ru\/fr\/wp-json\/wp\/v2\/posts\/9091\/revisions\/152830"}],"wp:featuredmedia":[{"embeddable":true,"href":"https:\/\/imgist.ru\/fr\/wp-json\/wp\/v2\/media\/9092"}],"wp:attachment":[{"href":"https:\/\/imgist.ru\/fr\/wp-json\/wp\/v2\/media?parent=9091"}],"wp:term":[{"taxonomy":"category","embeddable":true,"href":"https:\/\/imgist.ru\/fr\/wp-json\/wp\/v2\/categories?post=9091"},{"taxonomy":"post_tag","embeddable":true,"href":"https:\/\/imgist.ru\/fr\/wp-json\/wp\/v2\/tags?post=9091"}],"curies":[{"name":"wp","href":"https:\/\/api.w.org\/{rel}","templated":true}]}}