{"id":9336,"date":"2026-06-03T15:12:07","date_gmt":"2026-06-03T12:12:07","guid":{"rendered":"https:\/\/imgist.ru\/nyu-jorkskomu-festivalyu-tribeca-ispolnyaetsya-25-let-i-ego-souchreditel-robert-de-niro-hochet-chtoby-on-prodolzhalsya-vechno\/"},"modified":"2026-08-29T12:01:34","modified_gmt":"2026-08-29T09:01:34","slug":"le-festival-tribeca-de-new-york-fete-ses-25-ans-et-son-cofondateur-robert-de-niro-souhaite-quil-perdure-indefiniment","status":"publish","type":"post","link":"https:\/\/imgist.ru\/fr\/nyu-jorkskomu-festivalyu-tribeca-ispolnyaetsya-25-let-i-ego-souchreditel-robert-de-niro-hochet-chtoby-on-prodolzhalsya-vechno\/","title":{"rendered":"Le festival du film de Tribeca \u00e0 New York f\u00eate ses 25 ans, et son cofondateur, Robert De Niro, souhaite qu&#039;il perdure \u00ab pour toujours \u00bb."},"content":{"rendered":"<p> Robert De Niro et Jane Rosenthal se produisent lors du 25e gala annuel du Festival du film de Tribeca, organis\u00e9 par Bloomberg, le 1er juin 2026 \u00e0 New York. (Slaven Vlasic\/Getty Images pour le Festival de Tribeca)<\/p>\n<p> Le 25e anniversaire du Festival de Tribeca \u00e0 New York d\u00e9bute mercredi soir avec la projection d&#039;un nouveau documentaire sur Earth, Wind &amp; Fire, suivie d&#039;un concert du groupe l\u00e9gendaire. Le festival, qui se d\u00e9roule jusqu&#039;au 14 juin, propose des projections de s\u00e9ries t\u00e9l\u00e9vis\u00e9es, de films et de documentaires, ainsi que des avant-premi\u00e8res, des tables rondes, des retrouvailles et la pr\u00e9sence de nombreuses stars. Pas mal pour un \u00e9v\u00e9nement qui n&#039;\u00e9tait au d\u00e9part qu&#039;un \u00e9v\u00e9nement ponctuel.<\/p>\n<p> Le festival a \u00e9t\u00e9 fond\u00e9 en 2002 par Robert De Niro et Jane Rosenthal afin de redynamiser le centre-ville de New York apr\u00e8s les attentats du 11 septembre. \u00ab\u00a0La question \u00e9tait\u00a0: comment faire revenir les gens au centre-ville, comment redonner espoir \u00e0 nos voisins\u00a0? Pour moi, c\u2019\u00e9tait un projet ponctuel\u00a0\u00bb, a confi\u00e9 Rosenthal \u00e0 ABC Audio. \u00ab\u00a0Mais Bob a toujours cru que nous le referions.\u00a0\u00bb.<\/p>\n<p> \u00ab Quand c&#039;est arriv\u00e9, j&#039;\u00e9tais tr\u00e8s optimiste \u00bb, a d\u00e9clar\u00e9 De Niro. \u00ab Je pensais que ce serait formidable si cela devenait une partie int\u00e9grante de la culture new-yorkaise, une tradition new-yorkaise qui perdurerait \u00e0 jamais, vous voyez ? \u00bb<\/p>\n<p> De Niro participera \u00e9galement \u00e0 l&#039;un des \u00e9v\u00e9nements sp\u00e9ciaux de cette ann\u00e9e : une projection du film <em>\u00ab&quot;Chauffeur de taxi&quot;\u00bb<\/em> Pour c\u00e9l\u00e9brer son 50e anniversaire et une conversation avec le r\u00e9alisateur Martin Scorsese et sa partenaire Jodie Foster, De Niro a d\u00e9clar\u00e9 qu&#039;il n&#039;aurait jamais imagin\u00e9 f\u00eater la sortie d&#039;un de ses films, m\u00eame un classique comme <em>\u00ab Chauffeur de taxi \u00bb -<\/em> apr\u00e8s sa sortie.<\/p>\n<p> \u00ab Quand on travaille sur un film, sur un projet, on ne pense jamais qu\u2019il sera re\u00e7u comme on le pr\u00e9tend. \u00bb <em>\u00ab&quot;Chauffeur de taxi<\/em> \u00bb\u00a0On n\u2019y pense m\u00eame pas\u00a0\u00bb, a-t-il d\u00e9clar\u00e9 \u00e0 ABC Audio. \u00ab\u00a0C\u2019est agr\u00e9able, mais on ne s\u2019y attend jamais\u2026 on fait le projet et c\u2019est tout.\u00a0\u00bb.<\/p>\n<p> Le festival se cl\u00f4turera par la projection d&#039;un film documentaire. <em>\u00abAlicia Keys : La fille de Hell&#039;s Kitchen;<\/em> Apr\u00e8s le spectacle, Keys se produira elle-m\u00eame.<\/p>\n<p> Copyright \u00a9 2026, ABC Audio. Tous droits r\u00e9serv\u00e9s.<\/p>","protected":false},"excerpt":{"rendered":"<p>Robert De Niro et Jane Rosenthal prennent la parole lors d&#039;une r\u00e9ception organis\u00e9e pour c\u00e9l\u00e9brer le 25e Festival du film de Tribeca, pr\u00e9sent\u00e9 par Bloomberg, le 1er juin 2026 \u00e0 New York. (Slaven Vlasic\/Getty\u2026)<\/p>","protected":false},"author":1,"featured_media":9337,"comment_status":"open","ping_status":"closed","sticky":false,"template":"","format":"standard","meta":{"footnotes":""},"categories":[6],"tags":[],"class_list":["post-9336","post","type-post","status-publish","format-standard","has-post-thumbnail","hentry","category-kinoindustriya","hvn-theme-has-thumbnail"],"_links":{"self":[{"href":"https:\/\/imgist.ru\/fr\/wp-json\/wp\/v2\/posts\/9336","targetHints":{"allow":["GET"]}}],"collection":[{"href":"https:\/\/imgist.ru\/fr\/wp-json\/wp\/v2\/posts"}],"about":[{"href":"https:\/\/imgist.ru\/fr\/wp-json\/wp\/v2\/types\/post"}],"author":[{"embeddable":true,"href":"https:\/\/imgist.ru\/fr\/wp-json\/wp\/v2\/users\/1"}],"replies":[{"embeddable":true,"href":"https:\/\/imgist.ru\/fr\/wp-json\/wp\/v2\/comments?post=9336"}],"version-history":[{"count":1,"href":"https:\/\/imgist.ru\/fr\/wp-json\/wp\/v2\/posts\/9336\/revisions"}],"predecessor-version":[{"id":153094,"href":"https:\/\/imgist.ru\/fr\/wp-json\/wp\/v2\/posts\/9336\/revisions\/153094"}],"wp:featuredmedia":[{"embeddable":true,"href":"https:\/\/imgist.ru\/fr\/wp-json\/wp\/v2\/media\/9337"}],"wp:attachment":[{"href":"https:\/\/imgist.ru\/fr\/wp-json\/wp\/v2\/media?parent=9336"}],"wp:term":[{"taxonomy":"category","embeddable":true,"href":"https:\/\/imgist.ru\/fr\/wp-json\/wp\/v2\/categories?post=9336"},{"taxonomy":"post_tag","embeddable":true,"href":"https:\/\/imgist.ru\/fr\/wp-json\/wp\/v2\/tags?post=9336"}],"curies":[{"name":"wp","href":"https:\/\/api.w.org\/{rel}","templated":true}]}}