{"id":93747,"date":"2025-01-01T03:07:01","date_gmt":"2025-01-01T01:07:01","guid":{"rendered":"http:\/\/aleksawn.bget.ru\/?p=93747"},"modified":"2025-01-01T03:07:01","modified_gmt":"2025-01-01T01:07:01","slug":"les-26-plus-belles-femmes-du-monde-en-2025","status":"publish","type":"post","link":"https:\/\/imgist.ru\/fr\/top-26-samyh-krasivyh-devushek-mira-2025-goda\/","title":{"rendered":"Les plus belles femmes du monde en 2025-2026\u00a0: celles qui influencent r\u00e9ellement la mode, le cin\u00e9ma et la musique"},"content":{"rendered":"<p>En 2026, le paysage culturel est fa\u00e7onn\u00e9 non seulement par de beaux visages, mais aussi par de jeunes femmes dont les talents, les projets et les prises de position publiques influencent les tendances mondiales. Plut\u00f4t que de se fier \u00e0 des classements subjectifs de \u00ab beaut\u00e9 \u00bb, nous avons dress\u00e9 une liste de celles qui exercent une v\u00e9ritable influence sur la musique, le cin\u00e9ma, la mode et le d\u00e9bat public \u2013 d&#039;Hollywood \u00e0 la K-pop en passant par le cin\u00e9ma d&#039;auteur europ\u00e9en.<\/p>\n<h2>Barbara Palvin<\/h2>\n<figure><img loading=\"lazy\" decoding=\"async\" class=\"aligncenter size-full wp-image-127911\" src=\"https:\/\/imgist.ru\/wp-content\/uploads\/2025\/01\/top-26-samyh-krasivyh-devushek-mira-26.jpeg\" alt=\"Le mannequin hongrois Barbara Palvin\" width=\"662\" height=\"360\" \/><\/figure>\n<ul>\n<li>Date de naissance : 8 octobre 1993.<\/li>\n<li>Lieu de naissance : Budapest, Hongrie<\/li>\n<li>Hauteur : 1,75 m<\/li>\n<li>Profession : Mannequin<\/li>\n<\/ul>\n<p>Barbara Palvin demeure l&#039;une des figures les plus embl\u00e9matiques de la mode internationale. En 2023, Victoria&#039;s Secret a relanc\u00e9 ses collaborations avec des mannequins aux physiques atypiques, et Palvin est devenue l&#039;\u00e9g\u00e9rie de la nouvelle strat\u00e9gie de la marque\u00a0: une strat\u00e9gie qui privil\u00e9giait la diversit\u00e9 plut\u00f4t que les d\u00e9clarations grandiloquentes sur les mannequins grande taille. D\u00e8s 2025, son influence s&#039;est \u00e9tendue, des campagnes pour L&#039;Or\u00e9al aux collaborations avec des cr\u00e9ateurs europ\u00e9ens, tout en maintenant un engagement fort en faveur de la mode durable et des droits des mannequins.<\/p>\n<h2>Bae Suzy<\/h2>\n<figure><img loading=\"lazy\" decoding=\"async\" class=\"aligncenter\" src=\"https:\/\/imgist.ru\/wp-content\/uploads\/2025\/02\/top-26-samyh-krasivyh-devushek-mira-2025-goda_67a949599923f.jpeg\" alt=\"L&#039;actrice et chanteuse sud-cor\u00e9enne Bae Suzy \u00e0 la premi\u00e8re de la s\u00e9rie de 2025\" width=\"662\" height=\"378\" \/><\/figure>\n<ul>\n<li>Date de naissance : 10 octobre 1994.<\/li>\n<li>Lieu de naissance : Munheung-dong, Gwangju, Cor\u00e9e du Sud<\/li>\n<li>Hauteur : 1,68 m<\/li>\n<li>Profession : Chanteuse, actrice, mannequin<\/li>\n<\/ul>\n<p>Bae Suzy continue d&#039;affirmer son statut d&#039;actrice parmi les plus respect\u00e9es de Cor\u00e9e du Sud. Forte du succ\u00e8s de la s\u00e9rie \u00ab\u00a0Agent\u00a0\u00bb (2024) et de sa participation au projet international \u00ab\u00a0The Silent Sea\u00a0: Saison 2\u00a0\u00bb, elle a \u00e9t\u00e9 invit\u00e9e aux plus grands festivals d&#039;Asie et d&#039;Europe. Parall\u00e8lement \u00e0 sa carri\u00e8re d&#039;actrice, elle est l&#039;\u00e9g\u00e9rie de marques de cosm\u00e9tiques sud-cor\u00e9ennes et s&#039;investit dans des initiatives \u00e9ducatives pour les jeunes filles des zones rurales du pays.<\/p>\n<h2>Kendall Jenner<\/h2>\n<figure><img loading=\"lazy\" decoding=\"async\" src=\"https:\/\/imgist.ru\/wp-content\/uploads\/2025\/02\/top-26-samyh-krasivyh-devushek-mira-2025-goda_67a9485c60c25.jpeg\" alt=\"Kendall Jenner \u00e0 la Fashion Week de Paris automne 2025\" width=\"662\" height=\"501\" \/><\/figure>\n<ul>\n<li>Date de naissance : 3 novembre 1995.<\/li>\n<li>Lieu de naissance : Los Angeles, \u00c9tats-Unis<\/li>\n<li>Hauteur : 1,79 m<\/li>\n<li>Profession : Mannequin<\/li>\n<\/ul>\n<p>Kendall Jenner a r\u00e9ussi sa transition de star de t\u00e9l\u00e9vision \u00e0 mannequin de haute couture. D\u00e8s 2025, elle collaborait avec des marques comme Chanel et Givenchy et avait \u00e9galement lanc\u00e9 sa propre ligne de vins biologiques, qui a rencontr\u00e9 un franc succ\u00e8s dans le secteur de la restauration californienne. Son approche commerciale est reconnue pour son engagement \u00e0 minimiser son impact environnemental, de l&#039;emballage \u00e0 la logistique.<\/p>\n<h2>Colombe Cameron<\/h2>\n<figure><img loading=\"lazy\" decoding=\"async\" src=\"https:\/\/imgist.ru\/wp-content\/uploads\/2025\/02\/top-26-samyh-krasivyh-devushek-mira-2025-goda_67a94a3072055.jpeg\" alt=\"L&#039;actrice et chanteuse am\u00e9ricaine Dove Cameron sur le tournage d&#039;une nouvelle s\u00e9rie\" width=\"662\" height=\"378\" \/><\/figure>\n<ul>\n<li>Date de naissance : 15 janvier 1996.<\/li>\n<li>Lieu de naissance : Bainbridge Island, Washington, \u00c9tats-Unis<\/li>\n<li>Hauteur : 1,57 m<\/li>\n<li>Profession : Actrice, chanteuse<\/li>\n<\/ul>\n<p>Apr\u00e8s ses d\u00e9buts chez Disney, Dove Cameron a connu une transformation radicale\u00a0: des r\u00f4les d\u2019adolescente \u00e0 des interpr\u00e9tations dramatiques plus exigeantes. En 2025, elle a tenu le r\u00f4le principal dans la s\u00e9rie \u00ab\u00a0The Line\u00a0\u00bb, un drame psycho-\u00e9motionnel explorant les fronti\u00e8res entre identit\u00e9 personnelle et num\u00e9rique. Son album solo, sorti en 2024, a \u00e9t\u00e9 salu\u00e9 par la critique pour la profondeur de ses textes et son originalit\u00e9, loin des clich\u00e9s de la pop.<\/p>\n<h2>Ella Balinska<\/h2>\n<figure><img loading=\"lazy\" decoding=\"async\" src=\"https:\/\/imgist.ru\/wp-content\/uploads\/2025\/02\/top-26-samyh-krasivyh-devushek-mira-2025-goda_67a9485da55da.jpeg\" alt=\"L&#039;actrice britannique Ella Balinska sur le tournage du film d&#039;action de 2025\" width=\"662\" height=\"378\" \/><\/figure>\n<ul>\n<li>Date de naissance : 4 octobre 1996.<\/li>\n<li>Lieu de naissance : Londres, Royaume-Uni<\/li>\n<li>Hauteur : 1,8 m<\/li>\n<li>Profession : Actrice<\/li>\n<\/ul>\n<p>Ella Balinska est un exemple rare d&#039;actrice alliant entra\u00eenement militaire et interpr\u00e9tation dramatique. Apr\u00e8s ses succ\u00e8s dans Charlie&#039;s Angels et Cours b\u00e9b\u00e9 cours, elle d\u00e9croche le r\u00f4le principal dans la s\u00e9rie britannico-am\u00e9ricaine The Watcher, o\u00f9 elle incarne une d\u00e9tective issue du milieu militaire. Elle collabore \u00e9galement avec Cartier, mettant l&#039;accent sur l&#039;approvisionnement \u00e9thique des mat\u00e9riaux utilis\u00e9s dans ses bijoux.<\/p>\n<h2>Katherine Langford<\/h2>\n<figure><img loading=\"lazy\" decoding=\"async\" src=\"https:\/\/imgist.ru\/wp-content\/uploads\/2025\/02\/top-26-samyh-krasivyh-devushek-mira-2025-goda_67a9485de259d.jpeg\" alt=\"L&#039;actrice australienne Katherine Langford dans une interview de 2025\" width=\"662\" height=\"442\" \/><\/figure>\n<ul>\n<li>Date de naissance : 29 avril 1996.<\/li>\n<li>Lieu de naissance : Perth, Australie<\/li>\n<li>Hauteur : 1,66 m<\/li>\n<li>Profession : Actrice<\/li>\n<\/ul>\n<p>Malgr\u00e9 un premier refus des \u00e9coles d&#039;art dramatique britanniques, Langford est devenue l&#039;une des actrices les plus recherch\u00e9es de sa g\u00e9n\u00e9ration. En 2025, elle jouera dans une production du Old Vic Theatre et pr\u00e9pare son premier film en tant que r\u00e9alisatrice\u00a0: un court-m\u00e9trage sur la sant\u00e9 mentale des adolescents face \u00e0 la surabondance d&#039;informations num\u00e9riques.<\/p>\n<h2>Lin Yun<\/h2>\n<figure><img loading=\"lazy\" decoding=\"async\" src=\"https:\/\/imgist.ru\/wp-content\/uploads\/2025\/02\/top-26-samyh-krasivyh-devushek-mira-2025-goda_67a94a309cde7.jpeg\" alt=\"L&#039;actrice chinoise Lin Yun aux Golden Rooster Awards 2025\" width=\"662\" height=\"442\" \/><\/figure>\n<ul>\n<li>Date de naissance : 16 avril 1996.<\/li>\n<li>Lieu de naissance : Huzhou, Chine<\/li>\n<li>Hauteur : 1,69 m<\/li>\n<li>Profession : Actrice<\/li>\n<\/ul>\n<p>Lin Yun demeure une figure incontournable du cin\u00e9ma chinois. Son travail dans \u00ab\u00a0The Silent River\u00a0\u00bb (2024) a \u00e9t\u00e9 prim\u00e9 au Festival du film de Shanghai, et en 2025, elle a particip\u00e9 \u00e0 un projet international de dialogue culturel entre l&#039;Orient et l&#039;Occident, avec des tournages \u00e0 Singapour et \u00e0 Paris.<\/p>\n<h2>Zendaya<\/h2>\n<figure><img loading=\"lazy\" decoding=\"async\" src=\"https:\/\/imgist.ru\/wp-content\/uploads\/2025\/02\/top-26-samyh-krasivyh-devushek-mira-2025-goda_67a94491ec27a.jpeg\" alt=\"L&#039;actrice et productrice am\u00e9ricaine Zendaya \u00e0 l&#039;avant-premi\u00e8re de \u00ab Dune : Partie III \u00bb, 2025\" width=\"662\" height=\"378\" \/><\/figure>\n<ul>\n<li>Date de naissance : 1er septembre 1996.<\/li>\n<li>Lieu de naissance : Oakland, Californie, \u00c9tats-Unis<\/li>\n<li>Hauteur : 1,78 m<\/li>\n<li>Profession : Actrice, chanteuse, danseuse, productrice<\/li>\n<\/ul>\n<p>Zendaya n&#039;est pas seulement une star, c&#039;est une v\u00e9ritable b\u00e2tisseuse de m\u00e9dias. En 2025, elle produira une nouvelle s\u00e9rie HBO sur l&#039;activisme des jeunes et participera \u00e0 trois projets cin\u00e9matographiques majeurs, dont Dune : Partie III. Son approche du choix des r\u00f4les et des partenaires est marqu\u00e9e par un engagement en faveur de la diversit\u00e9 \u00e0 tous les niveaux de la production.<\/p>\n<h2>Rose (ROS\u00c9)<\/h2>\n<figure><img loading=\"lazy\" decoding=\"async\" src=\"https:\/\/imgist.ru\/wp-content\/uploads\/2025\/02\/top-26-samyh-krasivyh-devushek-mira-2025-goda_67a9449223da5.jpeg\" alt=\"La chanteuse ROS\u00c9 de BLACKPINK se produira en solo \u00e0 S\u00e9oul en 2025.\" width=\"662\" height=\"442\" \/><\/figure>\n<ul>\n<li>Date de naissance : 11 f\u00e9vrier 1997.<\/li>\n<li>Lieu de naissance : Auckland, Nouvelle-Z\u00e9lande<\/li>\n<li>Hauteur : 1,68 m<\/li>\n<li>Profession : Chanteuse, danseuse<\/li>\n<\/ul>\n<p>Apr\u00e8s la fin des tourn\u00e9es de BLACKPINK en 2024, Ros\u00e9 s&#039;est consacr\u00e9e \u00e0 sa carri\u00e8re solo. Son EP \u00ab\u00a0Violet\u00a0\u00bb, sorti en 2025, est devenu le plus gros succ\u00e8s solo de toutes les membres du groupe. Elle est \u00e9galement devenue ambassadrice mondiale de la marque Yves Saint Laurent, soutenant des initiatives en faveur de la sant\u00e9 mentale.<\/p>\n<h2>Camila Cabello<\/h2>\n<figure><img loading=\"lazy\" decoding=\"async\" src=\"https:\/\/imgist.ru\/wp-content\/uploads\/2025\/02\/top-26-samyh-krasivyh-devushek-mira-2025-goda_67a9485f1597b.jpeg\" alt=\"La chanteuse cubaine Camila Cabello au festival Lollapalooza 2025\" width=\"662\" height=\"497\" \/><\/figure>\n<ul>\n<li>Date de naissance : 3 mars 1997.<\/li>\n<li>Lieu de naissance : Cojimar, Cuba<\/li>\n<li>Hauteur : 1,57 m<\/li>\n<li>Profession : Chanteur, auteur-compositeur<\/li>\n<\/ul>\n<p>Camila Cabello continue d&#039;explorer l&#039;esth\u00e9tique latino-am\u00e9ricaine dans la musique pop. En 2025, elle a lanc\u00e9 une fondation \u00e9ducative pour les enfants d&#039;immigrants aux \u00c9tats-Unis, tout en travaillant simultan\u00e9ment sur la bande originale d&#039;un film d&#039;animation sur la culture cubaine.<\/p>\n<h2>Bella Thorne<\/h2>\n<figure><img loading=\"lazy\" decoding=\"async\" src=\"https:\/\/imgist.ru\/wp-content\/uploads\/2025\/02\/top-26-samyh-krasivyh-devushek-mira-2025-goda_67a9449349558.jpeg\" alt=\"L&#039;actrice am\u00e9ricaine Bella Thorne au Festival du film ind\u00e9pendant de Toronto 2025\" width=\"662\" height=\"378\" \/><\/figure>\n<ul>\n<li>Date de naissance : 8 octobre 1997.<\/li>\n<li>Lieu de naissance : Pembroke Pines, Floride, \u00c9tats-Unis<\/li>\n<li>Hauteur : 1,73 m<\/li>\n<li>Profession : Actrice, chanteuse<\/li>\n<\/ul>\n<p>Bella Thorne a r\u00e9ussi sa transition du syst\u00e8me hollywoodien au cin\u00e9ma ind\u00e9pendant. Son premier court-m\u00e9trage en tant que r\u00e9alisatrice, \u00ab\u00a0Static\u00a0\u00bb, a \u00e9t\u00e9 pr\u00e9sent\u00e9 en avant-premi\u00e8re au Festival de San Sebasti\u00e1n. Elle reste \u00e9galement une militante engag\u00e9e, soutenant des organisations qui aident les enfants en Afrique et d\u00e9fendant les droits des personnes dyslexiques.<\/p>\n<h2>Kylie Jenner<\/h2>\n<figure><img loading=\"lazy\" decoding=\"async\" src=\"https:\/\/imgist.ru\/wp-content\/uploads\/2025\/02\/top-26-samyh-krasivyh-devushek-mira-2025-goda_67a9495be5fbb.jpeg\" alt=\"L&#039;entrepreneuse Kylie Jenner \u00e0 l&#039;inauguration de la nouvelle boutique Kylie Cosmetics \u00e0 Paris, 2025\" width=\"662\" height=\"443\" \/><\/figure>\n<ul>\n<li>Date de naissance : 10 ao\u00fbt 1997.<\/li>\n<li>Lieu de naissance : Los Angeles, \u00c9tats-Unis<\/li>\n<li>Hauteur : 1,68 m<\/li>\n<li>Profession : Personnalit\u00e9 m\u00e9diatique, entrepreneur<\/li>\n<\/ul>\n<p>Apr\u00e8s avoir vendu la majeure partie de Kylie Cosmetics, Kylie Jenner s&#039;est concentr\u00e9e sur l&#039;investissement dans des start-ups du bien-\u00eatre et de la mode durable. Sa fondation soutiendra de jeunes entrepreneurs d&#039;Am\u00e9rique latine en 2025.<\/p>\n<h2>Halima Aden<\/h2>\n<figure><img loading=\"lazy\" decoding=\"async\" src=\"https:\/\/imgist.ru\/wp-content\/uploads\/2025\/02\/top-26-samyh-krasivyh-devushek-mira-2025-goda_67a94494771d2.jpeg\" alt=\"Le mannequin Halima Aden lors d&#039;un d\u00e9fil\u00e9 de mode \u00e0 Duba\u00ef, 2025\" width=\"662\" height=\"378\" \/><\/figure>\n<ul>\n<li>Date de naissance : 19 septembre 1997.<\/li>\n<li>Lieu de naissance : Kakuma, Kenya<\/li>\n<li>Hauteur : 1,66 m<\/li>\n<li>Profession : Mannequin<\/li>\n<\/ul>\n<p>Halima Aden continue de fa\u00e7onner une esth\u00e9tique inclusive dans la mode. En 2025, elle a lanc\u00e9 sa propre ligne de v\u00eatements pour femmes musulmanes, d\u00e9velopp\u00e9e en collaboration avec des cr\u00e9ateurs turcs et indon\u00e9siens. Son approche ne se limite pas \u00e0 une \u00ab\u00a0mode pudique de niche\u00a0\u00bb, mais l&#039;int\u00e8gre pleinement au march\u00e9 mondial.<\/p>\n<h2>Ananya Panday<\/h2>\n<figure><img loading=\"lazy\" decoding=\"async\" src=\"https:\/\/imgist.ru\/wp-content\/uploads\/2025\/02\/top-26-samyh-krasivyh-devushek-mira-2025-goda_67a944949f766.jpeg\" alt=\"L&#039;actrice indienne Ananya Panday sur le tournage d&#039;un nouveau film de Bollywood, 2025\" width=\"662\" height=\"325\" \/><\/figure>\n<ul>\n<li>Date de naissance : 30 octobre 1998.<\/li>\n<li>Lieu de naissance : Mumbai, Inde<\/li>\n<li>Hauteur : 1,7 m<\/li>\n<li>Profession : Actrice<\/li>\n<\/ul>\n<p>Ananya Panday s&#039;investit activement dans la red\u00e9finition des r\u00f4les f\u00e9minins dans le cin\u00e9ma indien. Son dernier film, \u00ab City Lights \u00bb, explore la d\u00e9pendance num\u00e9rique et la pression sociale qui p\u00e8sent sur les jeunes.<\/p>\n<h2>Liza Soberano<\/h2>\n<figure><img loading=\"lazy\" decoding=\"async\" src=\"https:\/\/imgist.ru\/wp-content\/uploads\/2025\/02\/top-26-samyh-krasivyh-devushek-mira-2025-goda_67a9495c1c357.jpeg\" alt=\"L&#039;actrice philippine Liza Soberano lors d&#039;un \u00e9v\u00e9nement caritatif \u00e0 Manille, 2025\" width=\"662\" height=\"378\" \/><\/figure>\n<ul>\n<li>Date de naissance : 4 janvier 1998.<\/li>\n<li>Lieu de naissance : Santa Clara, \u00c9tats-Unis<\/li>\n<li>Hauteur : 1,68 m<\/li>\n<li>Profession : Actrice, mannequin<\/li>\n<\/ul>\n<p>Liza Soberano demeure l&#039;une des figures embl\u00e9matiques du show-business philippin. En 2025, elle a fait ses d\u00e9buts dans une s\u00e9rie internationale de Netflix traitant de migration et d&#039;identit\u00e9.<\/p>\n<h2>Isabela Merced<\/h2>\n<figure><img loading=\"lazy\" decoding=\"async\" src=\"https:\/\/imgist.ru\/wp-content\/uploads\/2025\/02\/top-26-samyh-krasivyh-devushek-mira-2025-goda_67a9495c4fcf4.jpeg\" alt=\"L&#039;actrice am\u00e9ricaine Isabela Merced sur le tournage du film d&#039;action de 2025\" width=\"662\" height=\"372\" \/><\/figure>\n<ul>\n<li>Date de naissance : 10 juillet 2001.<\/li>\n<li>Lieu de naissance : Cleveland, \u00c9tats-Unis<\/li>\n<li>Hauteur : 1,55 m<\/li>\n<li>Profession : Actrice, chanteuse<\/li>\n<\/ul>\n<p>Isabela Merced passe rapidement du statut d&#039;enfant star \u00e0 celui d&#039;actrice reconnue. En 2025, elle tiendra le r\u00f4le principal dans le remake de Fallen Angels et pr\u00e9pare un album de musique en espagnol.<\/p>\n<h2>Nancy (Momoland)<\/h2>\n<figure><img loading=\"lazy\" decoding=\"async\" src=\"https:\/\/imgist.ru\/wp-content\/uploads\/2025\/02\/top-26-samyh-krasivyh-devushek-mira-2025-goda_67a948623d702.jpeg\" alt=\"La chanteuse am\u00e9ricano-cor\u00e9enne Nancy du groupe Momoland dans le M Countdown 2025\" width=\"662\" height=\"378\" \/><\/figure>\n<ul>\n<li>Date de naissance : 13 avril 2000.<\/li>\n<li>Lieu de naissance : Daegu, Cor\u00e9e du Sud<\/li>\n<li>Hauteur : 1,62 m<\/li>\n<li>Profession : Chanteuse, actrice<\/li>\n<\/ul>\n<p>Malgr\u00e9 la reformation de Momoland, Nancy demeure une animatrice et actrice tr\u00e8s demand\u00e9e. En 2025, elle a jou\u00e9 dans une s\u00e9rie dramatique sur l&#039;eSport et a lanc\u00e9 un podcast sur l&#039;identit\u00e9 interculturelle.<\/p>\n<h2>Yael Shelbia<\/h2>\n<figure><img loading=\"lazy\" decoding=\"async\" src=\"https:\/\/imgist.ru\/wp-content\/uploads\/2025\/02\/top-26-samyh-krasivyh-devushek-mira-2025-goda_67a94497c7d65.jpeg\" alt=\"Le mannequin et actrice isra\u00e9lienne Yael Shelbia apr\u00e8s son service dans l&#039;arm\u00e9e de l&#039;air isra\u00e9lienne\" width=\"662\" height=\"378\" \/><\/figure>\n<ul>\n<li>Date de naissance : 31 ao\u00fbt 2001.<\/li>\n<li>Lieu de naissance : Nahariya, Isra\u00ebl<\/li>\n<li>Hauteur : 1,74 m<\/li>\n<li>Profession : Mannequin, actrice<\/li>\n<\/ul>\n<p>Yael Shelbia a termin\u00e9 son service militaire en 2025 et est retourn\u00e9e travailler dans la mode et le cin\u00e9ma. Elle a sign\u00e9 un contrat avec une agence fran\u00e7aise et se pr\u00e9pare \u00e0 ses d\u00e9buts au cin\u00e9ma en Europe.<\/p>\n<h2>Ariana Greenblatt<\/h2>\n<figure><img loading=\"lazy\" decoding=\"async\" src=\"https:\/\/imgist.ru\/wp-content\/uploads\/2025\/02\/top-26-samyh-krasivyh-devushek-mira-2025-goda_67a94a30cc4da.jpeg\" alt=\"L&#039;actrice am\u00e9ricaine Ariana Greenblatt \u00e0 la premi\u00e8re du film de 2025\" width=\"662\" height=\"463\" \/><\/figure>\n<ul>\n<li>Date de naissance : 27 ao\u00fbt 2007.<\/li>\n<li>Lieu de naissance : New York, \u00c9tats-Unis<\/li>\n<li>Hauteur : 1,6 m<\/li>\n<li>Profession : Actrice<\/li>\n<\/ul>\n<p>Ariana Greenblatt s&#039;impose rapidement comme l&#039;une des jeunes actrices les plus demand\u00e9es. Apr\u00e8s des r\u00f4les dans Avengers et In the Heights, elle d\u00e9croche le r\u00f4le principal dans The Last Summer, un drame sur l&#039;adolescence et le deuil.<\/p>\n<h2>Olivia Rodrigo<\/h2>\n<figure><img loading=\"lazy\" decoding=\"async\" src=\"https:\/\/imgist.ru\/wp-content\/uploads\/2025\/02\/top-26-samyh-krasivyh-devushek-mira-2025-goda_67a9495d75408.jpeg\" alt=\"La chanteuse Olivia Rodrigo aux Grammy Awards 2025\" width=\"662\" height=\"372\" \/><\/figure>\n<ul>\n<li>Date de naissance : 20 f\u00e9vrier 2003.<\/li>\n<li>Lieu de naissance : Murrieta, \u00c9tats-Unis<\/li>\n<li>Hauteur : 1,65 m<\/li>\n<li>Genres\u00a0: Pop, pop-rock<\/li>\n<\/ul>\n<p>Olivia Rodrigo reste la voix de la g\u00e9n\u00e9ration Z. Son deuxi\u00e8me album, \u00ab Vampire \u00bb, est devenu un ph\u00e9nom\u00e8ne culturel en 2024, et en 2025, elle a lanc\u00e9 un programme de soutien aux auteurs-compositeurs en herbe issus de petites villes des \u00c9tats-Unis.<\/p>\n<h2>Ava Justin<\/h2>\n<figure><img loading=\"lazy\" decoding=\"async\" src=\"https:\/\/imgist.ru\/wp-content\/uploads\/2025\/02\/top-26-samyh-krasivyh-devushek-mira-2025-goda_67a9449a0748f.jpeg\" alt=\"L&#039;actrice et mannequin am\u00e9ricaine Ava Justin au Festival du film de Palm Springs 2025\" width=\"662\" height=\"746\" \/><\/figure>\n<ul>\n<li>Date de naissance : 10 novembre 2005.<\/li>\n<li>Nationalit\u00e9 : Am\u00e9ricaine<\/li>\n<li>Hauteur : 1,57 m<\/li>\n<li>Profession : Mannequin, actrice<\/li>\n<\/ul>\n<p>Ava Justin a r\u00e9ussi sa transition des r\u00e9seaux sociaux au cin\u00e9ma d&#039;auteur. Son premier r\u00f4le dans un long m\u00e9trage, le film ind\u00e9pendant \u00ab\u00a0Paper Wings\u00a0\u00bb, lui a valu le prix du meilleur premier r\u00f4le au Festival du film de Santa Barbara.<\/p>\n<h2>McKenna Grace<\/h2>\n<figure><img loading=\"lazy\" decoding=\"async\" src=\"https:\/\/imgist.ru\/wp-content\/uploads\/2025\/02\/top-26-samyh-krasivyh-devushek-mira-2025-goda_67a9449a3448f.jpeg\" alt=\"L&#039;actrice am\u00e9ricaine McKenna Grace sur le plateau de la s\u00e9rie de 2025\" width=\"662\" height=\"828\" \/><\/figure>\n<ul>\n<li>Date de naissance : 25 juin 2006.<\/li>\n<li>Lieu de naissance : Grapevine, \u00c9tats-Unis<\/li>\n<li>Hauteur : 1,54 m<\/li>\n<li>Profession : Actrice, chanteuse<\/li>\n<\/ul>\n<p>McKenna Grace est un rare exemple d&#039;enfant star qui a su pr\u00e9server son int\u00e9grit\u00e9 artistique. En 2025, elle tient le r\u00f4le principal dans la s\u00e9rie \u00ab\u00a0The Memory Keeper\u00a0\u00bb et pr\u00e9pare un album de reprises des ann\u00e9es 1970.<\/p>\n<h2>Kaia Gerber<\/h2>\n<figure><img loading=\"lazy\" decoding=\"async\" src=\"https:\/\/imgist.ru\/wp-content\/uploads\/2025\/02\/top-26-samyh-krasivyh-devushek-mira-2025-goda_67a9486466186.jpeg\" alt=\"Le mannequin Kaia Gerber au d\u00e9fil\u00e9 Haute Couture de Chanel, Paris, 2025\" width=\"662\" height=\"442\" \/><\/figure>\n<ul>\n<li>Date de naissance : 3 septembre 2001.<\/li>\n<li>Lieu de naissance : Los Angeles, \u00c9tats-Unis<\/li>\n<li>Hauteur : 1,77 m<\/li>\n<li>Profession : Mannequin, actrice<\/li>\n<\/ul>\n<p>Kaia Gerber s&#039;inscrit dans la lign\u00e9e de sa m\u00e8re, Cindy Crawford, en y apportant une touche d&#039;originalit\u00e9\u00a0: un minimalisme et une mode durable qu&#039;elle met \u00e0 l&#039;honneur. En 2025, elle s&#039;associera \u00e0 une entreprise britannique de recyclage textile.<\/p>\n<h2>Thylane Blondeau<\/h2>\n<figure><img loading=\"lazy\" decoding=\"async\" src=\"https:\/\/imgist.ru\/wp-content\/uploads\/2025\/02\/top-26-samyh-krasivyh-devushek-mira-2025-goda_67a9449b627cf.jpeg\" alt=\"Le mannequin fran\u00e7ais Thylane Blondeau dans sa collection signature 2025\" width=\"662\" height=\"515\" \/><\/figure>\n<ul>\n<li>Date de naissance : 5 avril 2001.<\/li>\n<li>Lieu de naissance : Aix-en-Provence, France<\/li>\n<li>Hauteur : 1,7 m<\/li>\n<li>Profession : Mannequin, styliste<\/li>\n<\/ul>\n<p>Thylane Blondeau a lanc\u00e9 sa propre ligne de v\u00eatements en 2024, ax\u00e9e sur la mode \u00e9thique et la production artisanale. Ses collections sont vendues \u00e0 Paris et \u00e0 Tokyo.<\/p>\n<h2>Meika Woollard<\/h2>\n<figure><img loading=\"lazy\" decoding=\"async\" src=\"https:\/\/imgist.ru\/wp-content\/uploads\/2025\/02\/top-26-samyh-krasivyh-devushek-mira-2025-goda_67a9449b8cfdc.jpeg\" alt=\"L&#039;actrice australienne Meika Woollard sur le tournage d&#039;un clip vid\u00e9o en 2025.\" width=\"662\" height=\"378\" \/><\/figure>\n<ul>\n<li>Date de naissance : 21 avril 2004.<\/li>\n<li>Lieu de naissance : Victoria, Australie<\/li>\n<li>Hauteur : 1,75 m<\/li>\n<li>Profession : Actrice, mannequin<\/li>\n<\/ul>\n<p>Meika Woollard participe activement \u00e0 des projets culturels li\u00e9s \u00e0 l&#039;identit\u00e9 indo-australienne. En 2025, elle participera \u00e0 une production th\u00e9\u00e2trale sur le th\u00e8me de la migration \u00e0 Melbourne.<\/p>\n<h2>Jade Weber<\/h2>\n<figure><img loading=\"lazy\" decoding=\"async\" src=\"https:\/\/imgist.ru\/wp-content\/uploads\/2025\/02\/top-26-samyh-krasivyh-devushek-mira-2025-goda_67a9449bb7e42.jpeg\" alt=\"L&#039;actrice fran\u00e7aise Jade Weber sur le tournage d&#039;un film ind\u00e9pendant \u00e0 Los Angeles, en 2025.\" width=\"662\" height=\"378\" \/><\/figure>\n<ul>\n<li>Date de naissance : 7 mars 2005.<\/li>\n<li>Lieu de naissance : Hong Kong<\/li>\n<li>Nationalit\u00e9 : fran\u00e7aise<\/li>\n<li>Hauteur : 1,65 m<\/li>\n<li>Profession : Actrice, mannequin<\/li>\n<\/ul>\n<p>Jade Weber a d\u00e9but\u00e9 sa carri\u00e8re d&#039;adulte dans des films ind\u00e9pendants. Son premier r\u00f4le dans \u00ab Echoes of Silence \u00bb a \u00e9t\u00e9 salu\u00e9 par la critique pour son interpr\u00e9tation sobre et profonde.<\/p>","protected":false},"excerpt":{"rendered":"<p>En 2026, le paysage culturel ne se d\u00e9finit plus seulement par de beaux visages, mais aussi par de jeunes femmes dont les talents, les projets et les engagements publics fa\u00e7onnent les tendances mondiales. Au lieu de classements subjectifs\u2026<\/p>","protected":false},"author":1,"featured_media":93766,"comment_status":"open","ping_status":"closed","sticky":false,"template":"","format":"standard","meta":{"footnotes":""},"categories":[20],"tags":[],"class_list":["post-93747","post","type-post","status-publish","format-standard","has-post-thumbnail","hentry","category-interesnye-fakty","hvn-theme-has-thumbnail"],"_links":{"self":[{"href":"https:\/\/imgist.ru\/fr\/wp-json\/wp\/v2\/posts\/93747","targetHints":{"allow":["GET"]}}],"collection":[{"href":"https:\/\/imgist.ru\/fr\/wp-json\/wp\/v2\/posts"}],"about":[{"href":"https:\/\/imgist.ru\/fr\/wp-json\/wp\/v2\/types\/post"}],"author":[{"embeddable":true,"href":"https:\/\/imgist.ru\/fr\/wp-json\/wp\/v2\/users\/1"}],"replies":[{"embeddable":true,"href":"https:\/\/imgist.ru\/fr\/wp-json\/wp\/v2\/comments?post=93747"}],"version-history":[{"count":0,"href":"https:\/\/imgist.ru\/fr\/wp-json\/wp\/v2\/posts\/93747\/revisions"}],"wp:featuredmedia":[{"embeddable":true,"href":"https:\/\/imgist.ru\/fr\/wp-json\/wp\/v2\/media\/93766"}],"wp:attachment":[{"href":"https:\/\/imgist.ru\/fr\/wp-json\/wp\/v2\/media?parent=93747"}],"wp:term":[{"taxonomy":"category","embeddable":true,"href":"https:\/\/imgist.ru\/fr\/wp-json\/wp\/v2\/categories?post=93747"},{"taxonomy":"post_tag","embeddable":true,"href":"https:\/\/imgist.ru\/fr\/wp-json\/wp\/v2\/tags?post=93747"}],"curies":[{"name":"wp","href":"https:\/\/api.w.org\/{rel}","templated":true}]}}