{"id":9458,"date":"2026-06-03T16:15:19","date_gmt":"2026-06-03T13:15:19","guid":{"rendered":"https:\/\/imgist.ru\/skott-pelli-rezko-raskritikoval-cbs-posle-uvolneniya-iz-programmy-60-minut\/"},"modified":"2026-06-03T16:15:19","modified_gmt":"2026-06-03T13:15:19","slug":"scott-pelli-a-vivement-critique-cbs-apres-avoir-ete-licencie-de-lemission-60-minutes","status":"publish","type":"post","link":"https:\/\/imgist.ru\/fr\/skott-pelli-rezko-raskritikoval-cbs-posle-uvolneniya-iz-programmy-60-minut\/","title":{"rendered":"Scott Pelley a vivement critiqu\u00e9 CBS apr\u00e8s avoir \u00e9t\u00e9 licenci\u00e9 de l&#039;\u00e9mission \u00ab 60 Minutes \u00bb."},"content":{"rendered":"<p>Scott Pelley, correspondant de l&#039;\u00e9mission \u00ab\u00a060 Minutes\u00a0\u00bb r\u00e9cemment licenci\u00e9, s&#039;en est pris violemment \u00e0 CBS mardi, accusant la cha\u00eene de l&#039;avoir contraint \u00e0 couvrir l&#039;actualit\u00e9 avec un parti pris politique. Son licenciement fait suite \u00e0 une r\u00e9union houleuse au cours de laquelle il a critiqu\u00e9 la PDG de CBS, Bari Weiss, et le nouveau producteur ex\u00e9cutif, Nick Bilton.<\/p>\n<p> \u00ab Le mois dernier, l&#039;\u00e9mission \u00ab\u00a060 Minutes\u00a0\u00bb a perdu toute son \u00e2me lorsque l&#039;ensemble de notre direction et deux de nos meilleurs correspondants ont \u00e9t\u00e9 brutalement licenci\u00e9s sans raison. Des personnes int\u00e8gres ont \u00e9t\u00e9 r\u00e9duites au silence pour avoir d\u00e9fendu notre public. Elles ont d\u00e9fendu la justice face aux forces du parti pris politique\u00a0; elles ont d\u00e9fendu le professionnalisme face au chaos \u00bb, a-t-il \u00e9crit dans un communiqu\u00e9. \u00ab\u00a0La nouvelle direction m&#039;a charg\u00e9 d&#039;introduire des mensonges et des pr\u00e9jug\u00e9s dans un reportage politiquement sensible. On m&#039;a ordonn\u00e9 d&#039;y inclure des all\u00e9gations non fond\u00e9es. Jusqu&#039;\u00e0 pr\u00e9sent, j&#039;ai r\u00e9ussi \u00e0 ignorer ou \u00e0 refuser d&#039;ob\u00e9ir \u00e0 ces instructions.\u00a0\u00bb.<\/p>\n<p> Pelley a m\u00eame affirm\u00e9 que les politiciens \u00e9taient autoris\u00e9s \u00e0 choisir les personnes qu&#039;ils souhaitaient interviewer et que \u00ab l&#039;incomp\u00e9tence et le manque de professionnalisme de la nouvelle direction ont caus\u00e9 d&#039;\u00e9normes d\u00e9g\u00e2ts \u00bb.<\/p>\n<p> Tout a commenc\u00e9 apr\u00e8s un affrontement entre Pelley et Bilton lors d&#039;une r\u00e9union du personnel lundi, au cours duquel Pelley a interrog\u00e9 le nouvel employ\u00e9 au sujet des licenciements et a d\u00e9clar\u00e9 que Weiss \u00e9tait en train de \u00ab tuer \u00bb l&#039;\u00e9mission.<\/p>\n<p> \u00ab\u00a0Vous arrivez chez nous et vous vous attendez \u00e0 \u00eatre bien accueillis\u00a0?\u00a0\u00bb demanda Pelley \u00e0 Bilton. \u00ab\u00a0Pourquoi Tanya Simon a-t-elle \u00e9t\u00e9 renvoy\u00e9e\u00a0? Pourquoi Sharyn a-t-elle \u00e9t\u00e9 renvoy\u00e9e\u00a0? Pourquoi Cecilia a-t-elle \u00e9t\u00e9 renvoy\u00e9e\u00a0? Pourquoi Draggan\u00a0? Connaissez-vous les noms des personnes renvoy\u00e9es\u00a0?\u2026 Nous ne vous faisons pas confiance.\u00a0\u00bb.<\/p>\n<p> Moins d&#039;un an apr\u00e8s sa prise de fonction \u00e0 la t\u00eate de CBS, Weiss a d\u00e9j\u00e0 licenci\u00e9 ou s&#039;est ali\u00e9n\u00e9 certains des journalistes les plus exp\u00e9riment\u00e9s de l&#039;une des cha\u00eenes les plus prestigieuses de l&#039;histoire du pays.<\/p>","protected":false},"excerpt":{"rendered":"<p>Scott Pelley, correspondant de l&#039;\u00e9mission \u00ab 60 Minutes \u00bb r\u00e9cemment licenci\u00e9, s&#039;en est pris mardi \u00e0 CBS, l&#039;accusant de l&#039;avoir contraint \u00e0 couvrir des sujets politiques sensibles.<\/p>","protected":false},"author":1,"featured_media":9459,"comment_status":"open","ping_status":"closed","sticky":false,"template":"","format":"standard","meta":{"footnotes":""},"categories":[6],"tags":[],"class_list":["post-9458","post","type-post","status-publish","format-standard","has-post-thumbnail","hentry","category-kinoindustriya","hvn-theme-has-thumbnail"],"_links":{"self":[{"href":"https:\/\/imgist.ru\/fr\/wp-json\/wp\/v2\/posts\/9458","targetHints":{"allow":["GET"]}}],"collection":[{"href":"https:\/\/imgist.ru\/fr\/wp-json\/wp\/v2\/posts"}],"about":[{"href":"https:\/\/imgist.ru\/fr\/wp-json\/wp\/v2\/types\/post"}],"author":[{"embeddable":true,"href":"https:\/\/imgist.ru\/fr\/wp-json\/wp\/v2\/users\/1"}],"replies":[{"embeddable":true,"href":"https:\/\/imgist.ru\/fr\/wp-json\/wp\/v2\/comments?post=9458"}],"version-history":[{"count":0,"href":"https:\/\/imgist.ru\/fr\/wp-json\/wp\/v2\/posts\/9458\/revisions"}],"wp:featuredmedia":[{"embeddable":true,"href":"https:\/\/imgist.ru\/fr\/wp-json\/wp\/v2\/media\/9459"}],"wp:attachment":[{"href":"https:\/\/imgist.ru\/fr\/wp-json\/wp\/v2\/media?parent=9458"}],"wp:term":[{"taxonomy":"category","embeddable":true,"href":"https:\/\/imgist.ru\/fr\/wp-json\/wp\/v2\/categories?post=9458"},{"taxonomy":"post_tag","embeddable":true,"href":"https:\/\/imgist.ru\/fr\/wp-json\/wp\/v2\/tags?post=9458"}],"curies":[{"name":"wp","href":"https:\/\/api.w.org\/{rel}","templated":true}]}}