{"id":9563,"date":"2026-06-03T17:11:44","date_gmt":"2026-06-03T14:11:44","guid":{"rendered":"http:\/\/imgist.ru\/vkratcze-vyshel-oficzialnyj-trejler-filma-natisk-i-mnogoe-drugoe\/"},"modified":"2026-08-29T12:03:04","modified_gmt":"2026-08-29T09:03:04","slug":"la-bande-annonce-officielle-du-film-onslaught-de-vkratcze-vyshl-et-bien-plus-encore","status":"publish","type":"post","link":"https:\/\/imgist.ru\/fr\/vkratcze-vyshel-oficzialnyj-trejler-filma-natisk-i-mnogoe-drugoe\/","title":{"rendered":"En bref\u00a0: la bande-annonce officielle du film \u00ab\u00a0Onslaught\u00a0\u00bb est sortie, et bien plus encore."},"content":{"rendered":"<p> Il semblerait qu&#039;une suite du film soit en pr\u00e9paration. <em>\u00abMachine de guerre\u00bb<\/em> . Deadline annonce que Netflix d\u00e9veloppe un deuxi\u00e8me volet, r\u00e9alis\u00e9 par Patrick Hughes. Ce dernier produira \u00e9galement le film et co-\u00e9crira le sc\u00e9nario avec James Beaufort. Selon la publication, Alan Ritchson, l&#039;acteur principal du premier film, devrait reprendre son r\u00f4le. Cette suite raconte l&#039;histoire de jeunes recrues des forces sp\u00e9ciales confront\u00e9es \u00e0 une force myst\u00e9rieuse et mortelle\u2026<\/p>\n<p> Vous pouvez d\u00e9sormais visionner la bande-annonce du prochain film A24. <em>\u00abAssaut\u00bb<\/em> . Dans ce film d&#039;action, Adria Arjona incarne une tireuse d&#039;\u00e9lite de l&#039;arm\u00e9e et m\u00e8re de famille vivant dans un parc de caravanes en plein d\u00e9sert, luttant pour prot\u00e9ger les siens de supersoldats g\u00e9n\u00e9tiquement modifi\u00e9s. Le film est r\u00e9alis\u00e9 par Adam Wingard. <em>, qui a r\u00e9alis\u00e9 Godzilla vs Kong.<\/em> Le film met \u00e9galement en vedette Alex Pereira, Drew Starkey, Rebecca Hall, Reginald VelJohnson, Michael Biehn, Eric Wareheim et Dan Stevens. Il sortira en salles le 4 septembre.<\/p>\n<p> La bande-annonce officielle de la troisi\u00e8me saison de la s\u00e9rie documentaire Netflix a \u00e9t\u00e9 diffus\u00e9e. <em>\u00abLes chouchous de l&#039;Am\u00e9rique\u00a0: les cheerleaders des Dallas Cowboys\u00bb<\/em> . La s\u00e9rie revient pour sa troisi\u00e8me saison le 16 juin. Elle suit l&#039;\u00e9quipe 2025-2026 \u00e0 travers les auditions, le camp d&#039;entra\u00eenement et la saison de la NFL, offrant un aper\u00e7u r\u00e9v\u00e9lateur des coulisses de cette \u00e9quipe de cheerleading l\u00e9gendaire.<\/p>\n<p> Copyright \u00a9 2026, ABC Audio. Tous droits r\u00e9serv\u00e9s.<\/p>","protected":false},"excerpt":{"rendered":"<p>Une suite de War Machine semble \u00eatre en pr\u00e9paration. Deadline rapporte que Netflix travaille sur un deuxi\u00e8me volet, avec Patrick Hughes de retour \u00e0 la r\u00e9alisation. Hughes sera \u00e9galement producteur.<\/p>","protected":false},"author":1,"featured_media":9564,"comment_status":"open","ping_status":"closed","sticky":false,"template":"","format":"standard","meta":{"footnotes":""},"categories":[6],"tags":[],"class_list":["post-9563","post","type-post","status-publish","format-standard","has-post-thumbnail","hentry","category-kinoindustriya","hvn-theme-has-thumbnail"],"_links":{"self":[{"href":"https:\/\/imgist.ru\/fr\/wp-json\/wp\/v2\/posts\/9563","targetHints":{"allow":["GET"]}}],"collection":[{"href":"https:\/\/imgist.ru\/fr\/wp-json\/wp\/v2\/posts"}],"about":[{"href":"https:\/\/imgist.ru\/fr\/wp-json\/wp\/v2\/types\/post"}],"author":[{"embeddable":true,"href":"https:\/\/imgist.ru\/fr\/wp-json\/wp\/v2\/users\/1"}],"replies":[{"embeddable":true,"href":"https:\/\/imgist.ru\/fr\/wp-json\/wp\/v2\/comments?post=9563"}],"version-history":[{"count":1,"href":"https:\/\/imgist.ru\/fr\/wp-json\/wp\/v2\/posts\/9563\/revisions"}],"predecessor-version":[{"id":153314,"href":"https:\/\/imgist.ru\/fr\/wp-json\/wp\/v2\/posts\/9563\/revisions\/153314"}],"wp:featuredmedia":[{"embeddable":true,"href":"https:\/\/imgist.ru\/fr\/wp-json\/wp\/v2\/media\/9564"}],"wp:attachment":[{"href":"https:\/\/imgist.ru\/fr\/wp-json\/wp\/v2\/media?parent=9563"}],"wp:term":[{"taxonomy":"category","embeddable":true,"href":"https:\/\/imgist.ru\/fr\/wp-json\/wp\/v2\/categories?post=9563"},{"taxonomy":"post_tag","embeddable":true,"href":"https:\/\/imgist.ru\/fr\/wp-json\/wp\/v2\/tags?post=9563"}],"curies":[{"name":"wp","href":"https:\/\/api.w.org\/{rel}","templated":true}]}}