{"id":9565,"date":"2026-06-03T17:13:18","date_gmt":"2026-06-03T14:13:18","guid":{"rendered":"https:\/\/imgist.ru\/programma-the-daily-show-raznesla-v-puh-i-prah-intervyu-ivanki-tramp-kotoroe-po-ee-slovam-otorvano-ot-realnosti-i-posvyashheno-proektu-chastnogo-ostrova-stoimostyu-14-milliarda-dollaro\/"},"modified":"2026-08-29T12:03:04","modified_gmt":"2026-08-29T09:03:04","slug":"lemission-daily-show-a-denigre-linterview-divanka-trump-quelle-a-qualifiee-de-deconnectee-de-la-realite-et-centree-sur-un-projet-dile-privee-de-14-milliards-de-dollars","status":"publish","type":"post","link":"https:\/\/imgist.ru\/fr\/programma-the-daily-show-raznesla-v-puh-i-prah-intervyu-ivanki-tramp-kotoroe-po-ee-slovam-otorvano-ot-realnosti-i-posvyashheno-proektu-chastnogo-ostrova-stoimostyu-14-milliarda-dollaro\/","title":{"rendered":"Le Daily Show a vivement critiqu\u00e9 l&#039;interview d&#039;Ivanka Trump, qu&#039;elle a qualifi\u00e9e de \u00ab d\u00e9connect\u00e9e de la r\u00e9alit\u00e9 \u00bb et centr\u00e9e sur son projet d&#039;\u00eele priv\u00e9e de 1,4 milliard de dollars."},"content":{"rendered":"<p><em>Dans The Daily Show<\/em> Ivanka Trump a \u00e9t\u00e9 critiqu\u00e9e pour l&#039;achat d&#039;une \u00eele m\u00e9diterran\u00e9enne de luxe de 1\u00a0400 acres, qualifi\u00e9e de \u00ab\u00a0projet n\u00e9cessitant une refonte majeure\u00a0\u00bb alors que l&#039;\u00e9conomie am\u00e9ricaine souffre sous la pr\u00e9sidence de son p\u00e8re.<\/p>\n<p> Quelques jours apr\u00e8s qu&#039;Ivanka, \u00e2g\u00e9e de 44 ans, se soit vant\u00e9e dans un podcast qu&#039;elle et son mari Jared Kushner transformaient l&#039;\u00eele de Sazan en un \u00e9co-resort priv\u00e9, l&#039;animateur <em>Daily Show<\/em> Michael Costa a diffus\u00e9 un extrait de son interview et, applaudissant lentement, a fait remarquer avec sarcasme : \u00ab Applaudissons ce couple ! \u00bb.<\/p>\n<p> \u00ab Et pour ceux qui pensent : \u00abLes milliardaires ne devraient-ils pas se renseigner avant d\u2019acheter une \u00eele priv\u00e9e ?\u00bb, a d\u00e9clar\u00e9 Costa, \u00bbce que vous ne comprenez pas, c\u2019est qu\u2019il n\u2019y a pas encore de chambres sur l\u2019\u00eele. Ils ne peuvent pas poser les fondations tant qu\u2019ils n\u2019ont pas br\u00fbl\u00e9 tous ces stupides arbres, d\u2019accord ?\u201d \u00bb<\/p>\n<p> Dans le podcast de David Senra diffus\u00e9 dimanche, Ivanka a r\u00e9v\u00e9l\u00e9 qu&#039;elle et Kushner avaient d\u00e9couvert l&#039;\u00eele en nageant pr\u00e8s du bateau d&#039;un ami et qu&#039;ils en avaient \u00e9t\u00e9 \u00ab enchant\u00e9s \u00bb.<\/p>\n<p> Costa a ridiculis\u00e9 son \u00ab achat impulsif \u00bb et a ajout\u00e9 : \u00ab Peut-on accentuer davantage ce d\u00e9tachement de la r\u00e9alit\u00e9 ? \u00bb <\/p>\n<p> Le pr\u00e9sentateur du Daily Show, Michael Costa, s&#039;est moqu\u00e9 de la r\u00e9cente interview d&#039;Ivanka Trump dans laquelle elle \u00e9voquait son projet de construire une \u00eele avec son mari, Jared Kushner (The Daily Show).<\/p>\n<p> Il a \u00e9galement ridiculis\u00e9 l&#039;affirmation d&#039;Ivanka selon laquelle cet achat s&#039;inscrivait dans une d\u00e9marche d&#039;am\u00e9lioration personnelle.<\/p>\n<p> Dans le podcast, elle a d\u00e9clar\u00e9 : \u00ab Pour moi, c&#039;est avant tout un d\u00e9fi. C&#039;est l&#039;aboutissement de toute mon exp\u00e9rience dans l&#039;immobilier, de tous mes voyages, d&#039;une longue r\u00e9flexion sur la fa\u00e7on dont je veux vivre, sur la fa\u00e7on dont je pense que les gens souhaitent de plus en plus vivre, et d&#039;une tentative de cr\u00e9er quelque chose qui en soit une incarnation tangible. \u00bb.<\/p>\n<p> En r\u00e9action \u00e0 la vid\u00e9o, Costa a cri\u00e9 : \u00ab Bien s\u00fbr, la vraie vie ! \u201e<\/p>\n<p> \u00ab Allons, madame. Vous \u00eates riche et vous avez achet\u00e9 une \u00eele ! Dites-le, tout simplement \u00bb, dit-il. \u00ab Tout ne doit pas forc\u00e9ment \u00eatre une profonde qu\u00eate spirituelle. \u00bb. <\/p>\n<p> Ivanka Trump et Jared Kushner travaillent sur un projet de 1,4 milliard de dollars pour d\u00e9velopper Sazan (AFP\/Getty).<\/p>\n<p> Le projet d&#039;Ivanka et Kushner, d&#039;un montant de 1,4 milliard de dollars, visant \u00e0 transformer l&#039;\u00eele au large des c\u00f4tes albanaises, fait l&#039;objet d&#039;un examen minutieux depuis des ann\u00e9es, apr\u00e8s son approbation initiale en d\u00e9cembre 2024.<\/p>\n<p> Bien que le Premier ministre albanais Edi Rama ait exprim\u00e9 son soutien au projet, il a essuy\u00e9 des critiques de la part des groupes environnementaux, car Sazan \u2013 d\u00e9sormais connue localement sous le nom d\u00ab\u00bb \u00eele Trump \u00bb \u2013 \u00e9tait auparavant l\u2019une des derni\u00e8res \u00eeles inhabit\u00e9es de la M\u00e9diterran\u00e9e.<\/p>\n<p> Le parquet albanais a r\u00e9cemment annonc\u00e9 l&#039;ouverture d&#039;une enqu\u00eate sur un projet de complexe h\u00f4telier de luxe, suite aux protestations de citoyens et de groupes environnementaux.<\/p>\n<p> Ce projet, auquel la fille et le gendre du pr\u00e9sident sont tr\u00e8s attach\u00e9s, se poursuit malgr\u00e9 la faible popularit\u00e9 de Donald Trump. Un r\u00e9cent sondage <em>Politico,<\/em> Un sondage publi\u00e9 vendredi r\u00e9v\u00e8le que la plupart des Am\u00e9ricains consid\u00e8rent la crise actuelle du co\u00fbt de la vie comme la pire de m\u00e9moire d&#039;homme. Quarante-six pour cent des personnes interrog\u00e9es estiment que le pr\u00e9sident est enti\u00e8rement ou principalement responsable de la situation \u00e9conomique.<\/p>","protected":false},"excerpt":{"rendered":"<p>Ivanka Trump a \u00e9t\u00e9 critiqu\u00e9e dans l&#039;\u00e9mission The Daily Show pour l&#039;achat d&#039;une \u00eele m\u00e9diterran\u00e9enne de luxe de 567 hectares, qualifi\u00e9e de \u00ab projet n\u00e9cessitant une refonte compl\u00e8te \u00bb, tandis que\u2026<\/p>","protected":false},"author":1,"featured_media":9566,"comment_status":"open","ping_status":"closed","sticky":false,"template":"","format":"standard","meta":{"footnotes":""},"categories":[6],"tags":[],"class_list":["post-9565","post","type-post","status-publish","format-standard","has-post-thumbnail","hentry","category-kinoindustriya","hvn-theme-has-thumbnail"],"_links":{"self":[{"href":"https:\/\/imgist.ru\/fr\/wp-json\/wp\/v2\/posts\/9565","targetHints":{"allow":["GET"]}}],"collection":[{"href":"https:\/\/imgist.ru\/fr\/wp-json\/wp\/v2\/posts"}],"about":[{"href":"https:\/\/imgist.ru\/fr\/wp-json\/wp\/v2\/types\/post"}],"author":[{"embeddable":true,"href":"https:\/\/imgist.ru\/fr\/wp-json\/wp\/v2\/users\/1"}],"replies":[{"embeddable":true,"href":"https:\/\/imgist.ru\/fr\/wp-json\/wp\/v2\/comments?post=9565"}],"version-history":[{"count":2,"href":"https:\/\/imgist.ru\/fr\/wp-json\/wp\/v2\/posts\/9565\/revisions"}],"predecessor-version":[{"id":153316,"href":"https:\/\/imgist.ru\/fr\/wp-json\/wp\/v2\/posts\/9565\/revisions\/153316"}],"wp:featuredmedia":[{"embeddable":true,"href":"https:\/\/imgist.ru\/fr\/wp-json\/wp\/v2\/media\/9566"}],"wp:attachment":[{"href":"https:\/\/imgist.ru\/fr\/wp-json\/wp\/v2\/media?parent=9565"}],"wp:term":[{"taxonomy":"category","embeddable":true,"href":"https:\/\/imgist.ru\/fr\/wp-json\/wp\/v2\/categories?post=9565"},{"taxonomy":"post_tag","embeddable":true,"href":"https:\/\/imgist.ru\/fr\/wp-json\/wp\/v2\/tags?post=9565"}],"curies":[{"name":"wp","href":"https:\/\/api.w.org\/{rel}","templated":true}]}}