{"id":9771,"date":"2026-06-03T18:19:54","date_gmt":"2026-06-03T15:19:54","guid":{"rendered":"https:\/\/imgist.ru\/shakira-razmyshlyaet-o-shramah-ostavlennyh-razbitym-serdczem-posle-krupnoj-pobedy\/"},"modified":"2026-08-29T12:03:35","modified_gmt":"2026-08-29T09:03:35","slug":"shakira-evoque-les-cicatrices-laissees-par-un-coeur-brise-apres-une-victoire-majeure","status":"publish","type":"post","link":"https:\/\/imgist.ru\/fr\/shakira-razmyshlyaet-o-shramah-ostavlennyh-razbitym-serdczem-posle-krupnoj-pobedy\/","title":{"rendered":"Shakira \u00e9voque les cicatrices laiss\u00e9es par un c\u0153ur bris\u00e9 apr\u00e8s une grande victoire."},"content":{"rendered":"<p>Apr\u00e8s des ann\u00e9es de frustration, de litiges et d&#039;examen public, <strong>Shakira<\/strong> entame une nouvelle \u00e9tape de sa carri\u00e8re.<\/p>\n<p> Apr\u00e8s une nouvelle victoire majeure en Espagne et avant sa prestation en t\u00eate d&#039;affiche du tout premier spectacle de la mi-temps d&#039;une finale de Coupe du monde, la superstar mondiale revient sur les cicatrices laiss\u00e9es par les \u00e9v\u00e9nements douloureux qui l&#039;ont finalement chang\u00e9e.<\/p>\n<p> Suite \u00e0 une rupture \u00e9motionnelle avec <strong>G\u00e9rard Piqu\u00e9<\/strong> Puisant sa gu\u00e9rison dans la musique et le soutien de ses fans du monde entier, l&#039;ic\u00f4ne colombienne affirme que chaque moment difficile lui a appris quelque chose de plus profond sur la r\u00e9silience et la force d&#039;\u00e2me.<\/p>\n<p> Shakira affirme que ses exp\u00e9riences traumatisantes ont chang\u00e9 sa vision de la vie. ZUMAPRESS.com \/ MEGA<\/p>\n<p> Apr\u00e8s une s\u00e9ance photo tendue \u00e0 New York, Shakira s&#039;est confi\u00e9e sur les le\u00e7ons qu&#039;elle a tir\u00e9es des moments difficiles qui se sont d\u00e9roul\u00e9s publiquement ces derni\u00e8res ann\u00e9es.<\/p>\n<p> La chanteuse \u00e9tait enti\u00e8rement absorb\u00e9e par son travail, discutant des projets de cr\u00e9ation d&#039;un clip vid\u00e9o pour sa nouvelle collaboration avec Burna Boy, \u00ab Dai Dai \u00bb, qui sera la chanson officielle de la Coupe du Monde de la FIFA 2026.<\/p>\n<p> Bien que cette chanson entra\u00eenante c\u00e9l\u00e8bre le football, certains de ses messages font \u00e9cho au parcours personnel de Shakira. \u00ab Ce qui t&#039;a bris\u00e9e t&#039;a rendue plus forte \u00bb, dit un des couplets.<\/p>\n<p> Dans une interview exclusive pour <em>PERSONNES<\/em> Shakira a confi\u00e9 que cette phrase lui paraissait particuli\u00e8rement significative apr\u00e8s avoir travers\u00e9 une p\u00e9riode de bouleversements \u00e9motionnels. \u00ab J&#039;ai toujours pens\u00e9 \u00eatre plus fragile ou plus faible que ce que la vie me laissait para\u00eetre \u00bb, a d\u00e9clar\u00e9 la star au magazine.<\/p>\n<p> Ces derni\u00e8res ann\u00e9es, elle a \u00e9t\u00e9 marqu\u00e9e par sa rupture tr\u00e8s m\u00e9diatis\u00e9e avec l&#039;ancien footballeur Gerard Piqu\u00e9, avec qui elle a deux fils, Milan et Sasha.<\/p>\n<p> Parall\u00e8lement, elle \u00e9tait engag\u00e9e dans une longue bataille juridique pour fraude fiscale en Espagne, tout en continuant \u00e0 se produire sur sc\u00e8ne et \u00e0 sortir des albums.<\/p>\n<p> \u00ab Chaque exp\u00e9rience de vie rec\u00e8le une le\u00e7on \u00bb, a-t-elle d\u00e9clar\u00e9, ajoutant : \u00ab Nous devrions \u00eatre reconnaissants pour toutes ces le\u00e7ons, m\u00eame celles qui laissent des cicatrices, car elles font de nous de meilleures personnes. \u00bb.<\/p>\n<h2> Shakira a \u00e9voqu\u00e9 son long combat pour la c\u00e9l\u00e9brit\u00e9 mondiale. <\/h2>\n<p> MEGA<\/p>\n<p> Bien avant de devenir l&#039;une des artistes latino-am\u00e9ricaines les plus populaires de l&#039;histoire, Shakira a d\u00e9clar\u00e9 qu&#039;elle devait constamment se battre pour obtenir des opportunit\u00e9s.<\/p>\n<p> Au cours de sa carri\u00e8re, la chanteuse de 49 ans a vendu plus de 95 millions de disques \u00e0 travers le monde et a contribu\u00e9 \u00e0 ouvrir la voie \u00e0 des stars \u00e9mergentes d&#039;Am\u00e9rique latine comme Bad Bunny et Karol G.<\/p>\n<p> Elle a toutefois reconnu que le chemin du succ\u00e8s n&#039;avait pas toujours \u00e9t\u00e9 facile. \u00ab J&#039;ai vraiment d\u00fb me battre pour r\u00e9aliser mes r\u00eaves \u00bb, a confi\u00e9 Shakira.<\/p>\n<p> Se rem\u00e9morant sa jeunesse, la chanteuse, connue pour son tube \u00ab Waka Waka \u00bb, a d\u00e9clar\u00e9 regretter de ne pas avoir acquis plus de confiance en elle plus t\u00f4t, au lieu de rechercher la perfection.<\/p>\n<p> \u00ab Je conseillerais \u00e0 cette jeune fille, qui avait alors une vingtaine d&#039;ann\u00e9es, de profiter davantage de la vie, d&#039;avoir davantage confiance en elle \u00bb, a-t-elle d\u00e9clar\u00e9.<\/p>\n<p> Shakira a \u00e9galement \u00e9voqu\u00e9 l&#039;\u00e9volution de son rapport \u00e0 la beaut\u00e9 et \u00e0 l&#039;estime de soi avec l&#039;\u00e2ge. \u00ab Je pense que les femmes gagnent simplement en confiance au fil du temps \u00bb, a-t-elle expliqu\u00e9. \u00ab M\u00eame si nous ne sommes plus aussi parfaites qu&#039;\u00e0 20 ans, c&#039;est beau d&#039;\u00eatre soi-m\u00eame et de s&#039;accepter telle que l&#039;on est. \u00bb.<\/p>\n<p> Au-del\u00e0 de la musique, Shakira continue de se consacrer \u00e0 la philanthropie. Elle a annonc\u00e9 que l&#039;int\u00e9gralit\u00e9 des recettes de la chanson \u00ab\u00a0Dai Dai\u00a0\u00bb sera revers\u00e9e au Fonds mondial pour l&#039;\u00e9ducation de la FIFA, qui permet \u00e0 des enfants du monde entier d&#039;acc\u00e9der \u00e0 l&#039;\u00e9ducation et \u00e0 des programmes de football.<\/p>\n<h2> Shakira a fait son retour sur la sc\u00e8ne de la Coupe du monde des ann\u00e9es apr\u00e8s sa rencontre avec Gerard Piqu\u00e9. <\/h2>\n<p> MEGA<\/p>\n<p> Le football est rest\u00e9 \u00e9troitement li\u00e9 \u00e0 la vie personnelle et professionnelle de Shakira depuis ses d\u00e9buts \u00e0 la Coupe du monde 2010.<\/p>\n<p> \u00ab J\u2019ai un lien ind\u00e9fectible avec le football \u00bb, a-t-elle expliqu\u00e9. Ce tournoi \u00e9tait particuli\u00e8rement important pour elle car c\u2019est l\u00e0 qu\u2019elle a rencontr\u00e9 Piqu\u00e9 pour la premi\u00e8re fois.<\/p>\n<p> Le couple a fini par fonder une famille, mais des ann\u00e9es plus tard, leur relation s&#039;est termin\u00e9e sur fond d&#039;accusations d&#039;infid\u00e9lit\u00e9.<\/p>\n<p> Shakira se pr\u00e9pare actuellement pour un autre \u00e9v\u00e9nement majeur de la Coupe du Monde. La laur\u00e9ate d&#039;un Grammy Award sera la t\u00eate d&#039;affiche du tout premier concert de la Coupe du Monde \u00e0 la mi-temps au MetLife Stadium, aux c\u00f4t\u00e9s de Madonna et BTS.<\/p>\n<p> Bien que les d\u00e9tails du spectacle soient encore en cours de finalisation, elle a laiss\u00e9 entendre que celui-ci rev\u00eatirait une signification plus profonde dans le contexte mondial difficile actuel.<\/p>\n<p> \u00ab Chaque Coupe du monde est un moment magique. Je pense que celle-ci permettra d&#039;unir les gens en cette p\u00e9riode tr\u00e8s difficile, tant sur le plan social que politique \u00bb, a expliqu\u00e9 Shakira.<\/p>\n<h2> Shakira a transform\u00e9 son chagrin d&#039;amour en l&#039;un des plus grands retours de sa carri\u00e8re. <\/h2>\n<p> MEGA<\/p>\n<p> Apr\u00e8s sa rupture avec Piqu\u00e9, Shakira s&#039;est tourn\u00e9e vers la musique pour exprimer ses \u00e9motions. En janvier 2023, elle a sorti l&#039;album \u00ab\u00a0Shakira\u00a0: Bzrp Music Sessions, Vol. 53\u00a0\u00bb avec le producteur Bizarrap.<\/p>\n<p> La chanson abordait directement les cons\u00e9quences d&#039;une rupture et est rapidement devenue mondialement c\u00e9l\u00e8bre.<\/p>\n<p> \u00ab C&#039;\u00e9tait tout simplement cathartique. J&#039;avais vraiment besoin d&#039;\u00e9crire sur ce que je vivais sans que personne ne me censure \u00bb, a admis Shakira.<\/p>\n<p> Le titre s&#039;est class\u00e9 num\u00e9ro un du palmar\u00e8s Daily Global 200 de Spotify et est devenu son premier titre \u00e0 figurer dans le top 10 du Billboard Hot 100 depuis plus de dix ans.<\/p>\n<p> Shakira a plaisant\u00e9 en disant qu&#039;\u00e9crire des chansons lui co\u00fbtait moins cher qu&#039;une th\u00e9rapie. Elle a \u00e9galement soulign\u00e9 que cette p\u00e9riode douloureuse l&#039;avait aid\u00e9e \u00e0 prendre conscience de sa v\u00e9ritable force de caract\u00e8re.<\/p>\n<p> \u00ab Dans ces moments difficiles, j\u2019ai r\u00e9alis\u00e9 \u00e0 quel point nous sommes tous r\u00e9silients \u00bb, a confi\u00e9 la chanteuse.<\/p>\n<p> Durant cette p\u00e9riode, Shakira a confi\u00e9 que le soutien de ses proches \u00e9tait devenu essentiel. Elle a d\u00e9clar\u00e9\u00a0: \u00ab\u00a0La vie est dure, mais elle en vaut la peine car les amis sont toujours l\u00e0.\u00a0\u00bb.<\/p>\n<h2> Shakira a c\u00e9l\u00e9br\u00e9 une importante victoire juridique alors qu&#039;elle se pr\u00e9parait \u00e0 entamer un nouveau chapitre de sa vie. <\/h2>\n<p> MEGA<\/p>\n<p> Quelques jours seulement apr\u00e8s la s\u00e9ance photo, Shakira a remport\u00e9 une autre victoire personnelle majeure lorsque la Cour supr\u00eame espagnole l&#039;a acquitt\u00e9e des accusations de fraude fiscale li\u00e9es \u00e0 ses revenus de 2011.<\/p>\n<p> La d\u00e9cision du tribunal a annul\u00e9 les amendes pr\u00e9c\u00e9demment inflig\u00e9es par le fisc espagnol. Selon son repr\u00e9sentant, l&#039;auteure-compositrice devrait recevoir plus de 60 millions d&#039;euros (69,7 millions de dollars).<\/p>\n<p> \u00ab Apr\u00e8s plus de huit ann\u00e9es de harc\u00e8lement public vicieux, de campagnes orchestr\u00e9es pour d\u00e9truire ma r\u00e9putation et de nuits blanches qui ont finalement eu des cons\u00e9quences n\u00e9fastes sur ma sant\u00e9 et le bien-\u00eatre de ma famille, la Haute Cour nationale a enfin r\u00e9tabli la v\u00e9rit\u00e9 \u00bb, a d\u00e9clar\u00e9 Shakira dans un communiqu\u00e9.<\/p>\n<p> La star se pr\u00e9pare actuellement pour la partie am\u00e9ricaine de sa tourn\u00e9e mondiale, qui d\u00e9butera le 13 juin, et ses fils devraient la rejoindre sur la route.<\/p>\n<p> Par ailleurs, Shakira affirme que malgr\u00e9 trois d\u00e9cennies dans l&#039;industrie musicale, elle reste pleine d&#039;\u00e9nergie et se tourne vers l&#039;avenir.<\/p>\n<p> \u00ab Vous savez ce qui est bizarre ? Je fais ce m\u00e9tier professionnellement depuis 30 ans \u00bb, a d\u00e9clar\u00e9 Shakira, \u00ab et j&#039;ai l&#039;impression que je ne fais que commencer. \u00bb.<\/p>\n<p> L&#039;article \u00ab Shakira revient sur les cicatrices laiss\u00e9es par son chagrin d&#039;amour apr\u00e8s une grande victoire \u00bb est paru initialement sur The Blast.<\/p>","protected":false},"excerpt":{"rendered":"<p>Apr\u00e8s des ann\u00e9es de d\u00e9ceptions, de proc\u00e8s et d&#039;une intense attention m\u00e9diatique, Shakira entame un nouveau chapitre de sa carri\u00e8re. Suite \u00e0 une nouvelle victoire majeure en Espagne et\u2026<\/p>","protected":false},"author":1,"featured_media":9772,"comment_status":"open","ping_status":"closed","sticky":false,"template":"","format":"standard","meta":{"footnotes":""},"categories":[5],"tags":[],"class_list":["post-9771","post","type-post","status-publish","format-standard","has-post-thumbnail","hentry","category-selebriti","hvn-theme-has-thumbnail"],"_links":{"self":[{"href":"https:\/\/imgist.ru\/fr\/wp-json\/wp\/v2\/posts\/9771","targetHints":{"allow":["GET"]}}],"collection":[{"href":"https:\/\/imgist.ru\/fr\/wp-json\/wp\/v2\/posts"}],"about":[{"href":"https:\/\/imgist.ru\/fr\/wp-json\/wp\/v2\/types\/post"}],"author":[{"embeddable":true,"href":"https:\/\/imgist.ru\/fr\/wp-json\/wp\/v2\/users\/1"}],"replies":[{"embeddable":true,"href":"https:\/\/imgist.ru\/fr\/wp-json\/wp\/v2\/comments?post=9771"}],"version-history":[{"count":5,"href":"https:\/\/imgist.ru\/fr\/wp-json\/wp\/v2\/posts\/9771\/revisions"}],"predecessor-version":[{"id":153559,"href":"https:\/\/imgist.ru\/fr\/wp-json\/wp\/v2\/posts\/9771\/revisions\/153559"}],"wp:featuredmedia":[{"embeddable":true,"href":"https:\/\/imgist.ru\/fr\/wp-json\/wp\/v2\/media\/9772"}],"wp:attachment":[{"href":"https:\/\/imgist.ru\/fr\/wp-json\/wp\/v2\/media?parent=9771"}],"wp:term":[{"taxonomy":"category","embeddable":true,"href":"https:\/\/imgist.ru\/fr\/wp-json\/wp\/v2\/categories?post=9771"},{"taxonomy":"post_tag","embeddable":true,"href":"https:\/\/imgist.ru\/fr\/wp-json\/wp\/v2\/tags?post=9771"}],"curies":[{"name":"wp","href":"https:\/\/api.w.org\/{rel}","templated":true}]}}