{"id":98003,"date":"2024-03-25T00:00:00","date_gmt":"2024-03-24T21:00:00","guid":{"rendered":"http:\/\/aleksawn.bget.ru\/11-velikolepnyh-zdanij-stavshih-simvolami-arhitektury-barokko\/"},"modified":"2024-03-25T00:00:00","modified_gmt":"2024-03-24T21:00:00","slug":"11-batiments-magnifiques-devenus-symboles-de-larchitecture-baroque","status":"publish","type":"post","link":"https:\/\/imgist.ru\/fr\/11-velikolepnyh-zdanij-stavshih-simvolami-arhitektury-barokko\/","title":{"rendered":"11 b\u00e2timents magnifiques devenus symboles de l&#039;architecture baroque"},"content":{"rendered":"<div readability=\"162.65670966282\">\n<p>L&#039;architecture baroque, que certains d&#039;entre nous contemplent longuement apr\u00e8s l&#039;avoir vue en photographie, et que d&#039;autres ont m\u00eame eu l&#039;occasion de visiter, s&#039;admire aujourd&#039;hui dans les b\u00e2timents historiques de nombreuses villes europ\u00e9ennes. L&#039;\u00e9poque baroque, qui a d\u00e9but\u00e9 en Italie au XVIe si\u00e8cle, a influenc\u00e9 de nombreuses structures architecturales et \u0153uvres d&#039;art jusqu&#039;au d\u00e9but du XVIIIe si\u00e8cle. La caract\u00e9ristique la plus importante de l&#039;architecture baroque est la splendeur, la richesse et l&#039;exub\u00e9rance des \u00e9difices construits durant cette p\u00e9riode. Ce mouvement, n\u00e9 en Italie au XVIe si\u00e8cle, a influenc\u00e9 tous les pays europ\u00e9ens. Ainsi, dans de nombreux pays europ\u00e9ens, on trouve des b\u00e2timents devenus des symboles de l&#039;architecture baroque. L&#039;architecture baroque est particuli\u00e8rement visible dans les \u00e9glises et les palais. Nous avons rassembl\u00e9 pour vous les b\u00e2timents embl\u00e9matiques de l&#039;architecture baroque. Les voici.<\/p>\n<p> Vous pourriez \u00e9galement consulter l&#039;article\u00a0: \u00ab\u00a015 tableaux embl\u00e9matiques qui vous donneront un aper\u00e7u de la splendeur de l&#039;\u00e9poque baroque\u00a0\u00bb.\u00bb<\/p>\n<h2 class=\"wp-block-heading\"> 1. Ch\u00e2teau de Versailles, France <\/p>\n<figure class=\"wp-block-image size-full\"><img loading=\"lazy\" decoding=\"async\" width=\"1600\" height=\"1064\" src=\"https:\/\/imgist.ru\/wp-content\/uploads\/2025\/04\/11-velikolepnyh-zdanij-stavshih-simvolami-arhitektury-barokko_67eb3a00af16a.jpeg\" alt=\"Ch\u00e2teau de Versailles\" class=\"wp-image-761731\"><\/figure>\n<\/h2>\n<p> Le ch\u00e2teau de Versailles, consid\u00e9r\u00e9 comme l&#039;un des \u00e9difices les plus embl\u00e9matiques de l&#039;architecture baroque, est sans conteste le plus remarquable exemple subsistant de ce style traditionnel. Construit \u00e0 l&#039;origine comme un simple pavillon de chasse, il fut transform\u00e9 en petit ch\u00e2teau dans les ann\u00e9es 1630, puis en un magnifique exemple d&#039;architecture baroque, aujourd&#039;hui ouvert aux visiteurs. Le ch\u00e2teau de Versailles est inscrit au patrimoine mondial de l&#039;UNESCO depuis 40 ans. Cet \u00e9difice, consid\u00e9r\u00e9 comme l&#039;un des plus importants de l&#039;architecture baroque, fut construit au XIVe si\u00e8cle. De Louis XVI \u00e0 Louis XIV, il fut la r\u00e9sidence principale de la plupart des membres de la famille royale fran\u00e7aise. Aujourd&#039;hui, le ch\u00e2teau se dresse dans toute sa splendeur, symbole de puissance et de grandeur, inspir\u00e9 par la royaut\u00e9 et le potentiel infini de l&#039;architecture.<\/p>\n<p> Le ch\u00e2teau de Versailles incarne tous les \u00e9l\u00e9ments essentiels de l&#039;architecture baroque. La galerie des Glaces est l&#039;une des pi\u00e8ces les plus c\u00e9l\u00e8bres du ch\u00e2teau. D&#039;un c\u00f4t\u00e9, de grandes fen\u00eatres cintr\u00e9es laissent entrer une abondante lumi\u00e8re naturelle, tandis que de l&#039;autre, elle est recouverte de nombreux miroirs. \u00c0 l&#039;\u00e9poque baroque, le verre miroir \u00e9tait un mat\u00e9riau extr\u00eamement co\u00fbteux, mais au XIVe si\u00e8cle, il devint de plus en plus populaire. Louis XIV \u00e9tait un homme fortun\u00e9 et pouvait s&#039;offrir tout ce qu&#039;il d\u00e9sirait. La galerie des Glaces abrite \u00e9galement des dizaines de statues en marbre et en dorure, du mobilier, des ornements en feuilles d&#039;or et de magnifiques fresques baroques.<\/p>\n<p>  \u00ab 8 des plus beaux op\u00e9ras du monde o\u00f9 l&#039;art et l&#039;architecture se rencontrent \u00bb<\/p>\n<h2 class=\"wp-block-heading\"> 2. Cath\u00e9drale Saint-Paul, Angleterre <\/h2>\n<figure class=\"wp-block-image size-full\"><img loading=\"lazy\" decoding=\"async\" width=\"1200\" height=\"824\" src=\"https:\/\/imgist.ru\/wp-content\/uploads\/2025\/04\/11-velikolepnyh-zdanij-stavshih-simvolami-arhitektury-barokko_67eb3a00eaf58.jpeg\" alt=\"B\u00e2timents devenus symboles de l&#039;architecture baroque\" class=\"wp-image-761732\"><\/figure>\n<p> Construite au XVIIe si\u00e8cle, la cath\u00e9drale Saint-Paul est l&#039;une des plus importantes de Londres. Depuis son ach\u00e8vement en 1675, elle a accueilli de nombreux \u00e9v\u00e9nements historiques. De ses dimensions imposantes \u00e0 son mobilier raffin\u00e9, la cath\u00e9drale incarne \u00e0 la perfection l&#039;architecture baroque dans les moindres d\u00e9tails.<\/p>\n<h2 class=\"wp-block-heading\"> 3. Palais de Caserte, Italie <\/h2>\n<figure class=\"wp-block-image size-full\"><img loading=\"lazy\" decoding=\"async\" width=\"1600\" height=\"1000\" src=\"https:\/\/imgist.ru\/wp-content\/uploads\/2025\/04\/11-velikolepnyh-zdanij-stavshih-simvolami-arhitektury-barokko_67eb3a012c0da.jpeg\" alt=\"Palais de Caserte\" class=\"wp-image-761733\"><\/figure>\n<p> Le palais de Caserte, \u00e9difice le plus somptueux du sud de l&#039;Italie, est la plus grande r\u00e9sidence royale au monde, couvrant 47\u00a0000 m\u00e8tres carr\u00e9s. Construit en 1752 par l&#039;architecte Luigi Vanvitelli pour le roi Charles de Bourbon, ce palais, dont la construction dura plus de cinquante ans, co\u00fbterait aujourd&#039;hui l&#039;\u00e9quivalent de 330 milliards d&#039;euros. Consid\u00e9r\u00e9 comme l&#039;un des chefs-d&#039;\u0153uvre de l&#039;architecture baroque, il est inscrit sur la Liste du patrimoine mondial de l&#039;UNESCO depuis 1996.<\/p>\n<h2 class=\"wp-block-heading\"> \u00c9glise de Charles IV, Autriche <\/h2>\n<figure class=\"wp-block-image size-full\"><img loading=\"lazy\" decoding=\"async\" width=\"1175\" height=\"783\" src=\"https:\/\/imgist.ru\/wp-content\/uploads\/2025\/04\/11-velikolepnyh-zdanij-stavshih-simvolami-arhitektury-barokko_67eb3a017124f.jpeg\" alt=\"Charles Church\" class=\"wp-image-761734\"><\/figure>\n<p> L&#039;\u00e9glise Saint-Charles (Karlskirche), \u00e9galement connue sous le nom de Karlskirche, est l&#039;exemple le plus embl\u00e9matique de l&#039;architecture baroque \u00e0 Vienne. Achev\u00e9 en 1737, l&#039;\u00e9difice est d\u00e9di\u00e9 \u00e0 saint Charles Borrom\u00e9e, un gu\u00e9risseur renomm\u00e9 qui a contribu\u00e9 \u00e0 soulager les souffrances des pestif\u00e9r\u00e9s. Son entr\u00e9e, en particulier, refl\u00e8te le style baroque romain.<\/p>\n<h2 class=\"wp-block-heading\"> 5. Palais royal de Madrid, Espagne <\/h2>\n<figure class=\"wp-block-image size-full\"><img loading=\"lazy\" decoding=\"async\" width=\"1280\" height=\"853\" src=\"https:\/\/imgist.ru\/wp-content\/uploads\/2025\/04\/11-velikolepnyh-zdanij-stavshih-simvolami-arhitektury-barokko_67eb3a01a237a.jpeg\" alt=\"B\u00e2timents devenus symboles de l&#039;architecture baroque\" class=\"wp-image-761735\"><\/figure>\n<p> La construction du Palais royal de Madrid, achev\u00e9e le 7 avril 1735, dura seize ans. Le premier occupant du palais fut Alphonse III, surnomm\u00e9 le \u00ab\u00a0Maire de Madrid\u00a0\u00bb en raison des nombreuses r\u00e9formes qu&#039;il entreprit. L&#039;architecte initial, Filippo Juvarra, fut fortement influenc\u00e9 par l&#039;architecte baroque italien Gian Lorenzo Bernini, dont le style \u00e9tait principalement florentin. La rigueur g\u00e9om\u00e9trique et le plan carr\u00e9 sont caract\u00e9ristiques du style baroque espagnol.<\/p>\n<h2 class=\"wp-block-heading\"> 6. Les Invalides, France <\/h2>\n<figure class=\"wp-block-image size-full\"><img loading=\"lazy\" decoding=\"async\" width=\"889\" height=\"640\" src=\"https:\/\/imgist.ru\/wp-content\/uploads\/2025\/04\/11-velikolepnyh-zdanij-stavshih-simvolami-arhitektury-barokko_67eb3a01d744f.jpeg\" alt=\"B\u00e2timents devenus symboles de l&#039;architecture baroque\" class=\"wp-image-761736\"><\/figure>\n<p> L&#039;H\u00f4tel des Invalides est un chef-d&#039;\u0153uvre de l&#039;architecture baroque fran\u00e7aise. La majeure partie de l&#039;\u00e9difice est l&#039;\u0153uvre de l&#039;architecte Lib\u00e9ral Bruant (1635-1697), tandis que la magnifique coupole de la chapelle est l&#039;\u0153uvre de Jules Hardouin Mansart (1644-1708). Construit entre 1671 et 1678 comme maison de retraite et h\u00f4pital pour anciens combattants, l&#039;H\u00f4tel des Invalides abrite aujourd&#039;hui le Mus\u00e9e de l&#039;Arm\u00e9e, le Mus\u00e9e des Maquettes Militaires et le Mus\u00e9e d&#039;Histoire Contemporaine. Il est \u00e9galement le lieu de s\u00e9pulture de nombreux h\u00e9ros nationaux fran\u00e7ais, dont Napol\u00e9on Bonaparte.<\/p>\n<h2 class=\"wp-block-heading\"> 7. Catedral Bas\u00edlica de Zacatecas (Cath\u00e9drale de Zacatecas), Mexique <\/h2>\n<figure class=\"wp-block-image size-full\"><img loading=\"lazy\" decoding=\"async\" width=\"1200\" height=\"800\" src=\"https:\/\/imgist.ru\/wp-content\/uploads\/2025\/04\/11-velikolepnyh-zdanij-stavshih-simvolami-arhitektury-barokko_67eb3a02120a6.jpeg\" alt=\"B\u00e2timents devenus symboles de l&#039;architecture baroque\" class=\"wp-image-761737\"><\/figure>\n<p> Situ\u00e9e \u00e0 Zacatecas, au Mexique, la cath\u00e9drale de Zacatecas est consid\u00e9r\u00e9e comme l&#039;un des plus beaux exemples d&#039;architecture baroque mexicaine. La basilique fut construite entre 1730 et 1760 par un architecte inconnu, sur l&#039;emplacement d&#039;une \u00e9glise du XVIe si\u00e8cle. La cath\u00e9drale pr\u00e9sente des influences du style churrigueresque espagnol, ainsi que des \u00e9l\u00e9ments d\u00e9coratifs indig\u00e8nes. En 1993, Zacatecas a \u00e9t\u00e9 inscrite au patrimoine mondial de l&#039;UNESCO.<\/p>\n<h2 class=\"wp-block-heading\"> 8. Place Saint-Pierre, Cit\u00e9 du Vatican <\/h2>\n<figure class=\"wp-block-image size-full\"><img loading=\"lazy\" decoding=\"async\" width=\"1585\" height=\"792\" src=\"https:\/\/imgist.ru\/wp-content\/uploads\/2025\/04\/11-velikolepnyh-zdanij-stavshih-simvolami-arhitektury-barokko_67eb3a023df9e.jpeg\" alt=\"B\u00e2timents devenus symboles de l&#039;architecture baroque\" class=\"wp-image-761738\"><\/figure>\n<p> La place Saint-Pierre se situe au Vatican. Son plan a \u00e9t\u00e9 con\u00e7u par Gian Lorenzo Bernini, l&#039;un des plus grands sculpteurs de l&#039;\u00e9poque baroque. Bernini a r\u00e9alis\u00e9 de nombreuses fontaines pour les magnifiques places de Rome, notamment la Piazza Navona et la Piazza Sant&#039;Angelo. La place Saint-Pierre pr\u00e9sente plusieurs \u00e9l\u00e9ments caract\u00e9ristiques de l&#039;architecture baroque, tels qu&#039;un plan elliptique et des sculptures baroques finement ouvrag\u00e9es au sommet des colonnes. Son \u00e9l\u00e9ment central est unique\u00a0: un ob\u00e9lisque \u00e9gyptien antique, l&#039;un de ceux rapport\u00e9s \u00e0 Rome par les empereurs romains.<\/p>\n<p> L&#039;une des sculptures les plus c\u00e9l\u00e8bres du Bernin est le baldaquin, situ\u00e9 juste sous le d\u00f4me de la basilique Saint-Pierre. Ce baldaquin, d&#039;environ 30 m\u00e8tres de long, est en bronze coul\u00e9. Il se compose de quatre colonnes torsad\u00e9es soutenant un grand dais. La colonne torsad\u00e9e \u00e9tait un \u00e9l\u00e9ment architectural particuli\u00e8rement pris\u00e9 \u00e0 l&#039;\u00e9poque baroque. On la retrouve sur les fa\u00e7ades de nombreux \u00e9difices baroques.<\/p>\n<h2 class=\"wp-block-heading\"> 9. Fontaine de Trevi, Italie <\/h2>\n<figure class=\"wp-block-image size-full\"><img loading=\"lazy\" decoding=\"async\" width=\"1260\" height=\"833\" src=\"https:\/\/imgist.ru\/wp-content\/uploads\/2025\/04\/11-velikolepnyh-zdanij-stavshih-simvolami-arhitektury-barokko_67eb3a0277280.jpeg\" alt=\"Fontaine de Trevi\" class=\"wp-image-761739\"><\/figure>\n<p> La fontaine de Trevi, \u00e9difice embl\u00e9matique de l&#039;architecture baroque, est l&#039;une des \u0153uvres architecturales les plus marquantes de cette \u00e9poque \u00e0 Rome. Construite entre 1732 et 1762, elle offre une parfaite harmonie entre sculpture et architecture. La fontaine pr\u00e9sente de nombreux \u00e9l\u00e9ments typiques du style baroque. Les sculptures en marbre, aux lignes fluides et expressives, int\u00e8grent de nombreux \u00e9l\u00e9ments de la mythologie gr\u00e9co-romaine.<\/p>\n<h2 class=\"wp-block-heading\"> 10. Palais d&#039;Hiver, Russie <\/h2>\n<figure class=\"wp-block-image size-full\"><img loading=\"lazy\" decoding=\"async\" width=\"1024\" height=\"683\" src=\"https:\/\/imgist.ru\/wp-content\/uploads\/2025\/04\/11-velikolepnyh-zdanij-stavshih-simvolami-arhitektury-barokko_67eb3a02b4774.jpeg\" alt=\"Palais d&#039;Hiver\" class=\"wp-image-761740\"><\/figure>\n<p> Le Palais d&#039;Hiver, \u00e9difice embl\u00e9matique de l&#039;architecture baroque, compte parmi les somptueux palais construits par les Romanov. En 1713, \u00e0 l&#039;apog\u00e9e de l&#039;\u00e9poque baroque, le tsar Pierre le Grand transf\u00e9ra la capitale russe de Moscou \u00e0 Saint-P\u00e9tersbourg. Ce transfert d\u00e9clencha une intense activit\u00e9 de construction, donnant naissance \u00e0 de nombreux chefs-d&#039;\u0153uvre de l&#039;architecture baroque. Le Palais d&#039;Hiver servit de r\u00e9sidence officielle \u00e0 l&#039;empereur de Russie \u00e0 partir de 1732. La photographie ci-dessus montre la fa\u00e7ade sud, face \u00e0 la colonne Alexandre, sur la place du Palais. Cette fa\u00e7ade pr\u00e9sente plusieurs \u00e9l\u00e9ments caract\u00e9ristiques de l&#039;architecture baroque, notamment l&#039;utilisation de couleurs \u00e9clatantes et de mat\u00e9riaux d\u00e9coratifs tels que l&#039;or.<\/p>\n<h2 class=\"wp-block-heading\"> 11. Monast\u00e8re de Melk, Autriche <\/h2>\n<figure class=\"wp-block-image size-full\"><img loading=\"lazy\" decoding=\"async\" width=\"1200\" height=\"675\" src=\"https:\/\/imgist.ru\/wp-content\/uploads\/2025\/04\/11-velikolepnyh-zdanij-stavshih-simvolami-arhitektury-barokko_67eb3a02e56b1.jpeg\" alt=\"B\u00e2timents devenus symboles de l&#039;architecture baroque\" class=\"wp-image-761741\"><\/figure>\n<p> Durant l&#039;\u00e9poque baroque, l&#039;archiduch\u00e9 d&#039;Autriche \u00e9tait l&#039;un des \u00c9tats les plus puissants du Saint-Empire romain germanique. La monarchie autrichienne des Habsbourg a contribu\u00e9 \u00e0 la cr\u00e9ation de nombreux chefs-d&#039;\u0153uvre de l&#039;architecture baroque. Parmi eux figure l&#039;abbaye de Melk, un \u00e9difice imposant dominant le Danube. L&#039;histoire du monast\u00e8re remonte au XIe si\u00e8cle. Cependant, au d\u00e9but du XVIIIe si\u00e8cle, l&#039;abbaye de Melk fut reconstruite pour inclure une \u00e9cole, des logements, une biblioth\u00e8que et une \u00e9glise principale. L&#039;ensemble de ces b\u00e2timents fut construit entre 1702 et 1736 selon un plan unifi\u00e9, coh\u00e9rent et harmonieux. Cela fait de l&#039;abbaye de Melk l&#039;un des exemples les plus aboutis de l&#039;architecture baroque en Europe.<\/p>\n<\/div>","protected":false},"excerpt":{"rendered":"<p>L\u2019architecture baroque, qui r\u00e9v\u00e8le la grandeur de l\u2019art et que certains d\u2019entre nous contemplent longuement apr\u00e8s l\u2019avoir vue en photographie, et que d\u2019autres ont eu l\u2019occasion de visiter, peut aujourd\u2019hui \u00eatre\u2026<\/p>","protected":false},"author":1,"featured_media":98004,"comment_status":"open","ping_status":"closed","sticky":false,"template":"","format":"standard","meta":{"footnotes":""},"categories":[21],"tags":[],"class_list":["post-98003","post","type-post","status-publish","format-standard","has-post-thumbnail","hentry","category-puteshestviya","hvn-theme-has-thumbnail"],"_links":{"self":[{"href":"https:\/\/imgist.ru\/fr\/wp-json\/wp\/v2\/posts\/98003","targetHints":{"allow":["GET"]}}],"collection":[{"href":"https:\/\/imgist.ru\/fr\/wp-json\/wp\/v2\/posts"}],"about":[{"href":"https:\/\/imgist.ru\/fr\/wp-json\/wp\/v2\/types\/post"}],"author":[{"embeddable":true,"href":"https:\/\/imgist.ru\/fr\/wp-json\/wp\/v2\/users\/1"}],"replies":[{"embeddable":true,"href":"https:\/\/imgist.ru\/fr\/wp-json\/wp\/v2\/comments?post=98003"}],"version-history":[{"count":0,"href":"https:\/\/imgist.ru\/fr\/wp-json\/wp\/v2\/posts\/98003\/revisions"}],"wp:featuredmedia":[{"embeddable":true,"href":"https:\/\/imgist.ru\/fr\/wp-json\/wp\/v2\/media\/98004"}],"wp:attachment":[{"href":"https:\/\/imgist.ru\/fr\/wp-json\/wp\/v2\/media?parent=98003"}],"wp:term":[{"taxonomy":"category","embeddable":true,"href":"https:\/\/imgist.ru\/fr\/wp-json\/wp\/v2\/categories?post=98003"},{"taxonomy":"post_tag","embeddable":true,"href":"https:\/\/imgist.ru\/fr\/wp-json\/wp\/v2\/tags?post=98003"}],"curies":[{"name":"wp","href":"https:\/\/api.w.org\/{rel}","templated":true}]}}