{"id":9885,"date":"2026-06-03T19:19:37","date_gmt":"2026-06-03T16:19:37","guid":{"rendered":"https:\/\/imgist.ru\/vstrechayutsya-li-kendall-dzhenner-i-dzhejkob-elordi-vsyo-chto-nam-izvestno\/"},"modified":"2026-06-03T19:19:37","modified_gmt":"2026-06-03T16:19:37","slug":"kendall-jenner-et-jacob-elordi-sont-ils-en-couple-tout-ce-que-nous-savons","status":"publish","type":"post","link":"https:\/\/imgist.ru\/fr\/vstrechayutsya-li-kendall-dzhenner-i-dzhejkob-elordi-vsyo-chto-nam-izvestno\/","title":{"rendered":"Kendall Jenner et Jacob Elordi sont-ils en couple\u00a0? Tout ce que nous savons."},"content":{"rendered":"<p><strong>Jacob Elordi<\/strong> \u0438 <strong>Kendall Jenner<\/strong> Ils entretiennent les rumeurs concernant leur romance lors d&#039;une nouvelle escale \u00e0 l&#039;autre bout du monde.<\/p>\n<p> Cela fait plusieurs mois que la star de 28 ans de la s\u00e9rie <em>\u00ab&quot;Euphorie&quot;\u00bb<\/em> Le fondateur du groupe 818, \u00e2g\u00e9 de 30 ans, a \u00e9t\u00e9 aper\u00e7u pour la premi\u00e8re fois en pleine conversation anim\u00e9e lors d&#039;une f\u00eate. <em>Vanity Fair,<\/em> d\u00e9di\u00e9s aux Oscars. Cependant, les rumeurs n&#039;ont commenc\u00e9 \u00e0 circuler que le mois suivant, lorsqu&#039;ils ont assist\u00e9 \u00e0 une repr\u00e9sentation. <strong>Justin Bieber<\/strong> au festival de Coachella.<\/p>\n<p> Peu apr\u00e8s, Deux Moi a rapport\u00e9 que \u00ab plusieurs sources \u00bb ont indiqu\u00e9 que le couple \u00ab s&#039;est montr\u00e9 affectueux tout au long de la soir\u00e9e \u00bb et aurait ensuite \u00e9t\u00e9 aper\u00e7u en train de \u00ab s&#039;embrasser et de se c\u00e2liner \u00bb lors de l&#039;\u00e9v\u00e9nement, qui s&#039;est d\u00e9roul\u00e9 \u00e0 l&#039;Empire Polo Club en Californie.<\/p>\n<p> Depuis, leur relation s&#039;est approfondie\u00a0; ils sont all\u00e9s \u00e0 Hawa\u00ef pour passer du temps en amoureux et ont fait des sorties \u00e0 quatre avec des c\u00e9l\u00e9brit\u00e9s comme\u2026 <strong>Haley<\/strong> et Justin Bieber, ainsi que sa s\u0153ur Kendall, <strong>Kylie<\/strong> , et son petit ami <strong>Timoth\u00e9e Chalamet<\/strong> .<\/p>\n<p> \u00ab Kendall ne s&#039;attendait vraiment pas \u00e0 tomber amoureuse de lui aussi vite, mais Hawa\u00ef a tout chang\u00e9 \u00bb, a confi\u00e9 une source au magazine. <em>Page Six<\/em> . \u00ab Ils se sont beaucoup rapproch\u00e9s pendant ce voyage, et cela a sans aucun doute renforc\u00e9 leurs liens. Leur relation devient beaucoup plus s\u00e9rieuse qu&#039;elle ne l&#039;avait imagin\u00e9. \u00bb.<\/p>\n<p> Ils sortent ensemble depuis quelques mois. Leur histoire d&#039;amour a commenc\u00e9 il y a plusieurs ann\u00e9es, et ils fr\u00e9quentaient les m\u00eames cercles sociaux. Cependant, ce n&#039;est que r\u00e9cemment qu&#039;une relation amoureuse entre eux est devenue r\u00e9alit\u00e9.<\/p>\n<p> D&#039;apr\u00e8s de pr\u00e9c\u00e9dents rapports, c&#039;est Kylie qui les a pr\u00e9sent\u00e9s pendant la saison des remises de prix.<\/p>\n<p> \u00ab Kylie a pass\u00e9 beaucoup de temps avec Jacob pendant le marathon de remises de prix de Timoth\u00e9e \u00bb, a d\u00e9clar\u00e9 la source. \u00ab Kylie l&#039;appr\u00e9ciait et pensait qu&#039;il irait bien avec Kenny, alors elle lui a dit : &quot;Vas-y, sors avec ce gar\u00e7on !&quot; \u00ab<\/p>\n<p> Ils ont \u00e9t\u00e9 vus pour la derni\u00e8re fois \u00e0 Tokyo, au Japon, o\u00f9 ils d\u00e9gustaient des sp\u00e9cialit\u00e9s locales. Kendall et Jacob, v\u00eatus de noir, ont pos\u00e9 pour une photo avec le personnel du restaurant Udon Shin, qui a publi\u00e9 le clich\u00e9 sur Instagram avec la l\u00e9gende\u00a0: \u00ab\u00a0Merci beaucoup de votre visite.\u00a0\u00bb.<\/p>\n<p> Pour en savoir plus, consultez InTouch Weekly.<\/p>\n<ul>\n<li>\n<p> Mackenzie Shirilla, condamn\u00e9e pour meurtre, a d\u00e9clar\u00e9 vouloir devenir coach de vie apr\u00e8s sa sortie de prison.<\/p>\n<\/li>\n<li>\n<p> Le maire et le chef de la police de Pennsylvanie se disent \u00ab d\u00e9\u00e7us \u00bb apr\u00e8s le d\u00e9part d&#039;un agent local pour participer \u00e0 l&#039;\u00e9mission de t\u00e9l\u00e9r\u00e9alit\u00e9 \u00ab Love Island \u00bb.<\/p>\n<\/li>\n<li>\n<p> L&#039;ex-petit ami de Rumer Willis a critiqu\u00e9 l&#039;actrice pour avoir inclus sa fille dans une publicit\u00e9 contenant de l&#039;\u00ab humour sexuel pour adultes \u00bb.<\/p>\n<\/li>\n<\/ul>\n<p> Cet article, \u00ab Kendall Jenner et Jacob Elordi sont-ils en couple ? Tout ce que nous savons \u00bb, a \u00e9t\u00e9 initialement publi\u00e9 sur InTouch Weekly. Abonnez-vous \u00e0 <strong>InTouch Hebdomadaire<\/strong> sur <strong>Yahoo<\/strong> , afin de ne pas manquer les prochaines publications.<\/p>","protected":false},"excerpt":{"rendered":"<p>Jacob Elordi et Kendall Jenner alimentent les rumeurs de romance lors de leur r\u00e9cent voyage \u00e0 l&#039;autre bout du monde. Cela fait plusieurs mois depuis\u2026<\/p>","protected":false},"author":1,"featured_media":9886,"comment_status":"open","ping_status":"closed","sticky":false,"template":"","format":"standard","meta":{"footnotes":""},"categories":[5],"tags":[],"class_list":["post-9885","post","type-post","status-publish","format-standard","has-post-thumbnail","hentry","category-selebriti","hvn-theme-has-thumbnail"],"_links":{"self":[{"href":"https:\/\/imgist.ru\/fr\/wp-json\/wp\/v2\/posts\/9885","targetHints":{"allow":["GET"]}}],"collection":[{"href":"https:\/\/imgist.ru\/fr\/wp-json\/wp\/v2\/posts"}],"about":[{"href":"https:\/\/imgist.ru\/fr\/wp-json\/wp\/v2\/types\/post"}],"author":[{"embeddable":true,"href":"https:\/\/imgist.ru\/fr\/wp-json\/wp\/v2\/users\/1"}],"replies":[{"embeddable":true,"href":"https:\/\/imgist.ru\/fr\/wp-json\/wp\/v2\/comments?post=9885"}],"version-history":[{"count":0,"href":"https:\/\/imgist.ru\/fr\/wp-json\/wp\/v2\/posts\/9885\/revisions"}],"wp:featuredmedia":[{"embeddable":true,"href":"https:\/\/imgist.ru\/fr\/wp-json\/wp\/v2\/media\/9886"}],"wp:attachment":[{"href":"https:\/\/imgist.ru\/fr\/wp-json\/wp\/v2\/media?parent=9885"}],"wp:term":[{"taxonomy":"category","embeddable":true,"href":"https:\/\/imgist.ru\/fr\/wp-json\/wp\/v2\/categories?post=9885"},{"taxonomy":"post_tag","embeddable":true,"href":"https:\/\/imgist.ru\/fr\/wp-json\/wp\/v2\/tags?post=9885"}],"curies":[{"name":"wp","href":"https:\/\/api.w.org\/{rel}","templated":true}]}}