{"id":99195,"date":"2022-04-25T00:00:00","date_gmt":"2022-04-24T21:00:00","guid":{"rendered":"http:\/\/aleksawn.bget.ru\/10-sluchaev-v-istorii-kogda-obshhestva-regressirovali\/"},"modified":"2022-04-25T00:00:00","modified_gmt":"2022-04-24T21:00:00","slug":"10-cas-historiques-de-regression-societale","status":"publish","type":"post","link":"https:\/\/imgist.ru\/fr\/10-sluchaev-v-istorii-kogda-obshhestva-regressirovali\/","title":{"rendered":"10 fois o\u00f9 les soci\u00e9t\u00e9s ont r\u00e9gress\u00e9 au cours de l&#039;histoire"},"content":{"rendered":"<div readability=\"239.01503076063\">\n<p><span>Nous sommes assez habitu\u00e9s au mod\u00e8le historique pur de l&#039;\u00e9volution humaine, qui nous fait passer d&#039;individus non civilis\u00e9s, affam\u00e9s et d\u00e9sesp\u00e9r\u00e9s aux \u00eatres bien nourris et civilis\u00e9s que nous connaissons aujourd&#039;hui. Nous sommes pass\u00e9s d&#039;une succession de despotismes \u00e0 des r\u00e9publiques complexes, des d\u00e9mocraties, des collectivit\u00e9s, etc.<\/span><\/p>\n<p> <span>Mais la r\u00e9alit\u00e9 est plus complexe. \u00c0 maintes reprises dans l&#039;histoire, des soci\u00e9t\u00e9s ont \u00e9t\u00e9 an\u00e9anties par des ennemis ext\u00e9rieurs ou des r\u00e9bellions internes. Les cons\u00e9quences de ces r\u00e9gressions se r\u00e9percutent in\u00e9vitablement sur le reste de l&#039;humanit\u00e9, m\u00eame si leurs effets ne sont pas imm\u00e9diatement visibles. Il serait donc judicieux de mieux conna\u00eetre les p\u00e9riodes o\u00f9 des soci\u00e9t\u00e9s ont connu un recul en mati\u00e8re de technologie, de culture ou d&#039;organisation.<\/span><\/p>\n<h2> <span>10. L&#039;Ascension des C\u00e9sars<\/span> <\/h2>\n<p><img loading=\"lazy\" decoding=\"async\" class=\"aligncenter size-full wp-image-81635\" src=\"https:\/\/imgist.ru\/wp-content\/uploads\/2023\/03\/10-sluchaev-v-istorii-kogda-obshhestva-regressirovali_64107e718c641.jpeg\" alt=\"\" width=\"640\" height=\"439\"><\/p>\n<p> <span>\u00c9tant donn\u00e9 que Jules C\u00e9sar et Auguste ont cultiv\u00e9 un v\u00e9ritable culte de la personnalit\u00e9 durant leurs r\u00e8gnes, il est facile de les consid\u00e9rer comme une b\u00e9n\u00e9diction absolue pour l&#039;Empire romain. On dit notamment qu&#039;Auguste a trouv\u00e9 Rome en briques et l&#039;a laiss\u00e9e en marbre. Pourtant, les classes populaires romaines avaient de nombreuses raisons de maudire l&#039;arriv\u00e9e de l&#039;empereur Auguste, m\u00eame celles qui n&#039;\u00e9taient pas particuli\u00e8rement favorables au concept du S\u00e9nat.<\/span><\/p>\n<p> <span>Premi\u00e8rement, selon \u00ab<\/span> <i><span>\u00bb Histoire populaire de la Rome antique \u00bb<\/span><\/i> Michael Parenti <span>, Auguste imposa des taxes sur les ventes et un imp\u00f4t sur les successions, qui ne touch\u00e8rent que les pauvres et la classe ouvri\u00e8re. Il abolit les assembl\u00e9es populaires qui offraient une certaine repr\u00e9sentation du peuple, alors m\u00eame que le S\u00e9nat se r\u00e9v\u00e9lait ing\u00e9rablement corrompu. Comme si cela ne suffisait pas \u00e0 d\u00e9vaster la classe ouvri\u00e8re, il supprima \u00e9galement de nombreuses corporations. Le coup de gr\u00e2ce port\u00e9 aux id\u00e9es d&#039;Auguste, qui pr\u00e9sentaient une quelconque connotation populiste, fut la limitation l\u00e9gale du nombre d&#039;esclaves qu&#039;un propri\u00e9taire pouvait affranchir, afin d&#039;emp\u00eacher le travail libre d&#039;acqu\u00e9rir un trop grand pouvoir de n\u00e9gociation. Sans surprise, malgr\u00e9 tous les \u00e9difices de marbre qu&#039;il aurait soi-disant supervis\u00e9s, le r\u00e8gne d&#039;Auguste fut marqu\u00e9 par une grande pauvret\u00e9.<\/span><span>et la peste<\/span> <span>.<\/span><\/p>\n<h2> <span>9. L&#039;ascension de Pinochet<\/span> <\/h2>\n<p><img loading=\"lazy\" decoding=\"async\" class=\"aligncenter size-full wp-image-81636\" src=\"https:\/\/imgist.ru\/wp-content\/uploads\/2023\/03\/10-sluchaev-v-istorii-kogda-obshhestva-regressirovali_64107e70b88a4.jpeg\" alt=\"\" width=\"640\" height=\"419\"><\/p>\n<p> <span>En 1973, le pr\u00e9sident d\u00e9mocratiquement \u00e9lu Salvador Allende se suicida en r\u00e9action \u00e0 un coup d&#039;\u00c9tat soutenu par la CIA. Il fut remplac\u00e9 par le g\u00e9n\u00e9ral Augusto Pinochet, qui instaura un r\u00e8gne de terreur qui dura des d\u00e9cennies. Au total, son coup d&#039;\u00c9tat fit environ 3\u00a0000 morts, notamment \u00e0 cause de la pratique tristement c\u00e9l\u00e8bre et g\u00e9n\u00e9ralis\u00e9e du parachutage de 120 personnes depuis des h\u00e9licopt\u00e8res. En termes de r\u00e9gression culturelle, Pinochet \u00e9tait si ouvertement antif\u00e9ministe que des femmes de l&#039;Association<\/span> <span>familles des personnes d\u00e9tenues et disparues<\/span> <span>a jou\u00e9 un r\u00f4le majeur dans le renversement de Pinochet de la pr\u00e9sidence en 1990.<\/span><\/p>\n<p> <span>Pinochet ne regrettait gu\u00e8re d&#039;avoir mordu la main am\u00e9ricaine qui le nourrissait. En 1976, il ordonna l&#039;assassinat de l&#039;ancien ambassadeur du Chili.<\/span> <span>Orlando Letelier<\/span> <span>\u00c0 Washington, D.C. D\u00e8s 1986, il rejeta ouvertement les conseils de l&#039;administration Reagan sur les droits de l&#039;homme, d\u00e9clarant au g\u00e9n\u00e9ral John Galvin qu&#039;il \u00ab d\u00e9ciderait de la voie du Chili sans conseil, sans l&#039;avis de personne d&#039;autre \u00bb. L&#039;ambassadeur Harry Barnes qualifia le dictateur qui avait pr\u00e9sid\u00e9 \u00e0 la mort de tant de Chiliens et \u00e0 la privation des droits civiques de tant d&#039;autres de \u00ab<\/span> <span>Archie Bunker chilien<\/span> <span>\u00bb Telle est la banalit\u00e9 du mal. \u00bb.<\/span><\/p>\n<h2> <span>8. Panique de 1873.<\/span> <\/h2>\n<p><img loading=\"lazy\" decoding=\"async\" class=\"aligncenter size-large wp-image-81638\" src=\"https:\/\/imgist.ru\/wp-content\/uploads\/2023\/03\/10-sluchaev-v-istorii-kogda-obshhestva-regressirovali_64107e727eb0b.jpeg\" alt=\"\" width=\"640\" height=\"419\"><\/p>\n<p> <span>La p\u00e9riode de l&#039;histoire am\u00e9ricaine comprise entre la fin de la guerre de S\u00e9cession en 1865 et, en gros, la guerre hispano-am\u00e9ricaine de 1898 est souvent n\u00e9glig\u00e9e dans les cours d&#039;histoire au lyc\u00e9e. De ce fait, on oublie souvent que l&#039;Am\u00e9rique a plong\u00e9 dans sa premi\u00e8re d\u00e9pression, en grande partie \u00e0 cause du financement colossal de la compagnie ferroviaire Jay Cooke &amp; Co., qui a fait faillite en 1873. Cette faillite a entra\u00een\u00e9 dans sa chute 18\u00a0000 entreprises \u00e0 travers le pays, et en 1876, le ch\u00f4mage a atteint son apog\u00e9e.<\/span> <span>14%<\/span> <span>. Les cons\u00e9quences \u00e9conomiques de cette situation se feraient sentir jusqu&#039;en 1877, et en r\u00e9alit\u00e9, elles affecteraient l&#039;Europe plus longtemps, notamment la France, o\u00f9 le ralentissement \u00e9conomique durerait jusqu&#039;en 1879.<\/span><\/p>\n<p> <span>Ces \u00e9v\u00e9nements se sont produits durant une p\u00e9riode de mont\u00e9e en puissance du mouvement ouvrier aux \u00c9tats-Unis. En Californie, notamment, les immigrants chinois furent accus\u00e9s d&#039;avoir rendu possible la construction des chemins de fer et d&#039;avoir fait baisser les salaires, ce qui entra\u00eena des atrocit\u00e9s de masse, comme l&#039;attaque du quartier chinois de San Francisco.<\/span> <span>Francisco<\/span> <span>. Les r\u00e9percussions antichinoises se sont prolong\u00e9es au-del\u00e0 de la Grande D\u00e9pression, aboutissant \u00e0 la signature de la loi d&#039;exclusion des Chinois en 1882. Les syndicats n&#039;ont gu\u00e8re \u00e9t\u00e9 \u00e9pargn\u00e9s\u00a0: des troupes f\u00e9d\u00e9rales ont \u00e9t\u00e9 d\u00e9ploy\u00e9es pour r\u00e9primer les gr\u00e8ves, voire ouvrir le feu sur eux, causant la mort de plus de 100\u00a0travailleurs. Dans les anciens \u00c9tats conf\u00e9d\u00e9r\u00e9s, le d\u00e9tournement des ressources f\u00e9d\u00e9rales a permis au Ku Klux Klan de reprendre de plus belle ses campagnes de terreur contre les Noirs, contribuant sans doute \u00e0 freiner la reprise \u00e9conomique am\u00e9ricaine. En bref, rien ne menace davantage le progr\u00e8s qu&#039;une catastrophe \u00e9conomique.<\/span><\/p>\n<h2> <span>7. La guerre de Trente Ans<\/span> <\/h2>\n<p><img loading=\"lazy\" decoding=\"async\" class=\"aligncenter size-full wp-image-81639\" src=\"https:\/\/imgist.ru\/wp-content\/uploads\/2023\/03\/10-sluchaev-v-istorii-kogda-obshhestva-regressirovali_64107e7375bf0.jpeg\" alt=\"\" width=\"640\" height=\"436\"><\/p>\n<p> <span>La guerre de Trente Ans, l&#039;un des conflits les plus d\u00e9vastateurs de l&#039;histoire europ\u00e9enne, d\u00e9buta v\u00e9ritablement en 1618, lorsque l&#039;empereur du Saint-Empire romain germanique, Ferdinand II, tenta de r\u00e9tablir la domination catholique sur l&#039;Autriche et la Boh\u00eame. Apr\u00e8s cinq ans de guerre, il y parvint plus ou moins, mais les combats laiss\u00e8rent l&#039;Allemagne vuln\u00e9rable \u00e0 une invasion du roi Christian IV de Su\u00e8de, et elle le resta jusqu&#039;au trait\u00e9 de Westphalie en 1648. Ce trait\u00e9 convertit une grande partie de l&#039;Europe au concept d&#039;autorit\u00e9 religieuse centralis\u00e9e, au profit d&#039;\u00c9tats-nations la\u00efcis\u00e9s. L&#039;Allemagne en souffrit encore plus terriblement.<\/span><\/p>\n<p> <span>Outre les nombreux d\u00e9c\u00e8s dus \u00e0 la guerre, \u00e0 la peste et \u00e0 la famine qui ont co\u00fbt\u00e9 jusqu&#039;\u00e0 [nombre manquant] \u00e0 certaines r\u00e9gions du territoire de la future Allemagne,<\/span> <span>40% de leur population<\/span> <span>En raison des d\u00e9vastations et des raids d&#039;arm\u00e9es de mercenaires non r\u00e9mun\u00e9r\u00e9es, de nombreux gouvernements d&#039;Europe centrale sont devenus pratiquement non viables. L&#039;Allemagne s&#039;est d\u00e9sint\u00e9gr\u00e9e en 300 principaut\u00e9s. Chaque pays g\u00e9rant sa propre administration co\u00fbteuse, le co\u00fbt des services publics a augment\u00e9 beaucoup plus rapidement qu&#039;il ne l&#039;aurait fait dans une \u00e9conomie d\u00e9vast\u00e9e. De plus, le transport de marchandises est devenu un v\u00e9ritable cauchemar, car les cargaisons sur le Rhin pouvaient traverser toute la r\u00e9gion.<\/span> <span>27 principaut\u00e9s<\/span> <span>, Ce qui impliquait des contr\u00f4les douaniers constants, m\u00eame pour les commandes les plus insignifiantes. Face \u00e0 une telle d\u00e9gradation du commerce et \u00e0 une telle pauvret\u00e9, il n&#039;est pas \u00e9tonnant que l&#039;Allemagne soit rest\u00e9e balkanis\u00e9e pendant des si\u00e8cles.<\/span><\/p>\n<h2> <span>6. Le r\u00e8gne tumultueux de Ferdinand VII<\/span> <\/h2>\n<p><img loading=\"lazy\" decoding=\"async\" class=\"aligncenter size-full wp-image-81640\" src=\"https:\/\/imgist.ru\/wp-content\/uploads\/2023\/03\/10-sluchaev-v-istorii-kogda-obshhestva-regressirovali_64107e746fb2e.jpeg\" alt=\"\" width=\"640\" height=\"429\"><\/p>\n<p> <span>Peu de r\u00e8gnes ont \u00e9t\u00e9 aussi intenses que celui de ce roi espagnol. L&#039;\u00e9v\u00e9nement qui lui a permis d&#039;acc\u00e9der au tr\u00f4ne d&#039;Espagne en<\/span> <span>En 1808<\/span> <span>, L&#039;abdication de son pr\u00e9d\u00e9cesseur, Charles IV, connue sous le nom de \u00ab\u00a0R\u00e9volte d&#039;Aranjuez\u00a0\u00bb, fut un tournant. L&#039;Espagne \u00e9tant alors sous le joug de Napol\u00e9on Bonaparte, le dictateur fran\u00e7ais pr\u00e9tendant orchestrer la R\u00e9volution fran\u00e7aise et transf\u00e9rer le pouvoir monarchique au peuple, Napol\u00e9on l&#039;emprisonna la m\u00eame ann\u00e9e. Il le lib\u00e9ra en 1814, lors du retrait des troupes fran\u00e7aises d&#039;Espagne.<\/span><\/p>\n<p> <span>Pendant l&#039;emprisonnement du roi, les forces lib\u00e9rales ind\u00e9pendantes en Espagne adopt\u00e8rent un nouveau syst\u00e8me de gouvernement connu sous le nom de Constitution de Cadix.<\/span> <span>En 1812, il adopta une constitution qui, parmi d&#039;autres r\u00e9formes lib\u00e9rales, limitait les pouvoirs de la monarchie. Ferdinand VII n&#039;avait aucune intention d&#039;approuver une constitution qui restreignait ses pouvoirs r\u00e9cemment restaur\u00e9s et pr\u00e9voyait l&#039;emprisonnement ou l&#039;exil des lib\u00e9raux qui avaient r\u00e9dig\u00e9 le document. Pour consolider son pouvoir, il se tourna de plus en plus vers\u2026<\/span> <span>r\u00e9actionnaire<\/span> <span>forces, y compris son fr\u00e8re Don Carlos.<\/span><\/p>\n<p> <span>Cependant, les forces du progr\u00e8s ne furent pas vaincues d\u00e9finitivement et remport\u00e8rent une victoire majeure en 1820 lorsque le colonel Rafael Riego rejoignit les constitutionnalistes, d\u00e9clenchant une guerre civile que Ferdinand mit fin la m\u00eame ann\u00e9e en ratifiant la constitution. En 1822, l&#039;Espagne replongea dans la guerre civile lorsque les royalistes se soulev\u00e8rent pour d\u00e9clarer Ferdinand libre de la constitution qu&#039;il avait sign\u00e9e, ce qui incita l&#039;arm\u00e9e royale fran\u00e7aise \u00e0 envahir le pays en leur soutien. Les lib\u00e9raux invalid\u00e8rent la constitution en 1823, et Ferdinand exila ou emprisonna de nouveau nombre d&#039;entre eux. La situation resta inchang\u00e9e jusqu&#039;en 1830, date \u00e0 laquelle, faute d&#039;h\u00e9ritier m\u00e2le, il consid\u00e9ra la princesse Isabelle comme son successeur. Don Carlos refusa, et une nouvelle guerre civile \u00e9clata ; cette fois, Ferdinand fut contraint de se rallier aux lib\u00e9raux, qu&#039;il avait pers\u00e9cut\u00e9s pendant des ann\u00e9es. Il leur restera fid\u00e8le jusqu&#039;\u00e0 sa mort en 1833.<\/span> <span>historiens lib\u00e9raux<\/span> vivement critiqu\u00e9 pour avoir \u00e0 plusieurs reprises frein\u00e9 les progr\u00e8s en Espagne <span>.<\/span><\/p>\n<h2> <span>5. Prince Metternich<\/span> <\/h2>\n<p><img loading=\"lazy\" decoding=\"async\" class=\"aligncenter size-full wp-image-81641\" src=\"https:\/\/imgist.ru\/wp-content\/uploads\/2023\/03\/10-sluchaev-v-istorii-kogda-obshhestva-regressirovali_64107e754a6be.jpeg\" alt=\"\" width=\"640\" height=\"429\"><\/p>\n<p> <span>En ce qui concerne les monarques qui ont tent\u00e9 de limiter le pouvoir du peuple au XIXe si\u00e8cle, le prince Klemens von Metternich est rest\u00e9 c\u00e9l\u00e8bre \u00e0 la fois pour avoir maintenu la paix en Europe apr\u00e8s les guerres napol\u00e9oniennes et pour son despotisme extr\u00eame. Devenu ministre des Affaires \u00e9trang\u00e8res en 1809, il s&#039;attacha \u00e0 freiner l&#039;expansion des empires russe et ottoman, ainsi que celle des institutions d\u00e9mocratiques, notamment en r\u00e9primant les soul\u00e8vements populaires. Ces derniers le contraignirent finalement \u00e0 quitter ses fonctions en 1848. Selon des ouvrages tels que \u00ab\u00a0\u2026\u00a0\u00bb<\/span> <i><span>\u00bb Le pain et la d\u00e9mocratie en Allemagne \u00bb<\/span><\/i> Alexandre Gerschenkron <i><span>,<\/span><\/i> <span>Metternich reconnaissait que, m\u00eame si la d\u00e9mocratie finirait in\u00e9vitablement par s&#039;implanter en Europe apr\u00e8s des \u00e9v\u00e9nements marquants comme la R\u00e9volution fran\u00e7aise, il la freinerait autant qu&#039;il le pourrait.<\/span><\/p>\n<p> <span>M\u00eame dans les ann\u00e9es 1950, Metternich \u00e9tait encore largement condamn\u00e9 en Allemagne et en Autriche.<\/span> <span>Dans les films de cette p\u00e9riode<\/span> <span>Lui et sa police secr\u00e8te infiltraient les f\u00eates paysannes, tentant d&#039;interdire les pr\u00e9tendues<\/span> <span>valses provocatrices<\/span> <span>en faveur de la danse polka traditionnelle. Comme Metternich l&#039;aurait reconnu, on consid\u00e8re rarement la paix comme un substitut valable \u00e0 la libert\u00e9.<\/span><\/p>\n<h2> <span>4. La d\u00e9faite des talibans en Afghanistan<\/span> <\/h2>\n<p><img loading=\"lazy\" decoding=\"async\" class=\"aligncenter size-full wp-image-81642\" src=\"https:\/\/imgist.ru\/wp-content\/uploads\/2023\/03\/10-sluchaev-v-istorii-kogda-obshhestva-regressirovali_64107e761b70c.jpeg\" alt=\"\" width=\"640\" height=\"427\"><\/p>\n<p> <span>Les pr\u00e9c\u00e9dents classements TopTenz mentionnaient que dans les ann\u00e9es 1950, l&#039;Afghanistan \u00e9tait sans doute le pays le plus progressiste du Moyen-Orient, un argument repris par le g\u00e9n\u00e9ral James Mattis en 2017 pour tenter de convaincre le pr\u00e9sident Trump de poursuivre l&#039;occupation am\u00e9ricaine dans l&#039;espoir de ramener le pays \u00e0 ce stade. Ironie du sort, les op\u00e9rations am\u00e9ricaines de la Guerre froide sont en r\u00e9alit\u00e9 la principale raison pour laquelle l&#039;Afghanistan est devenu une th\u00e9ocratie musulmane. On croit souvent que les \u00c9tats-Unis ont commenc\u00e9 \u00e0 soutenir les moudjahidines pour emp\u00eacher une invasion sovi\u00e9tique. En r\u00e9alit\u00e9, avant m\u00eame que le premier soldat sovi\u00e9tique ne pose le pied en Afghanistan, l&#039;Am\u00e9rique finan\u00e7ait d\u00e9j\u00e0 des extr\u00e9mistes religieux.<\/span> <span>Gulbuddin Hekmatyar<\/span> <span>, qui ont perp\u00e9tr\u00e9 des attaques \u00e0 l&#039;acide contre des femmes afghanes.<\/span><\/p>\n<p> <span>En 1994, apr\u00e8s avoir vaincu l&#039;arm\u00e9e sovi\u00e9tique et contribu\u00e9 \u00e0 l&#039;effondrement de l&#039;Union sovi\u00e9tique, les talibans s&#039;alli\u00e8rent aux forces soutenues par les \u00c9tats-Unis.<\/span> <span>moudjahidines<\/span> <span>. En 1996, ils avaient conquis Kaboul.<\/span> <span>croire<\/span> <span>Les administrations Bush et Obama<\/span> , ce qui, dans les ann\u00e9es qui suivirent, entra\u00eena la restriction de toutes sortes de droits civiques, notamment pour les femmes. <span>Apr\u00e8s deux d\u00e9cennies d&#039;occupation am\u00e9ricaine, de 2002 \u00e0 2021, ces droits n&#039;ont finalement pas \u00e9t\u00e9 r\u00e9tablis.<\/span><\/p>\n<h2> <span>3. La Premi\u00e8re Guerre mondiale en Am\u00e9rique<\/span> <\/h2>\n<p><img loading=\"lazy\" decoding=\"async\" class=\"aligncenter size-large wp-image-81643\" src=\"https:\/\/imgist.ru\/wp-content\/uploads\/2023\/03\/10-sluchaev-v-istorii-kogda-obshhestva-regressirovali_64107e77100fd.jpeg\" alt=\"\" width=\"640\" height=\"436\"><\/p>\n<p> <span>Le r\u00f4le des \u00c9tats-Unis dans la victoire des Alli\u00e9s lors de la guerre qui devait mettre fin \u00e0 toutes les guerres \u00e9clipse souvent l&#039;impact d\u00e9sastreux de l&#039;accord de production sur le front int\u00e9rieur. Malgr\u00e9 la campagne du pr\u00e9sident Woodrow Wilson pour emp\u00eacher l&#039;implication des \u00c9tats-Unis dans la guerre, le gouvernement am\u00e9ricain a emprisonn\u00e9 des soldats am\u00e9ricains.<\/span> <span>agitateurs pacifistes<\/span> <span>En vertu de la loi sur l&#039;espionnage, malgr\u00e9 la violation flagrante du Premier Amendement, les arrestations visaient de mani\u00e8re suspecte les organisateurs de la gr\u00e8ve. Le syndicat des Travailleurs industriels du monde (IWW) \u00e9tait particuli\u00e8rement vis\u00e9.,<\/span> <span>En septembre 1917, dans la seule r\u00e9gion de Chicago,<\/span> \u00e0<span>100 membres<\/span> . <span>La plus c\u00e9l\u00e8bre de toutes ces arrestations \u00e9tait<\/span> <span>Le s\u00e9nateur Eugene V. Debs<\/span> <span>pour avoir os\u00e9 prononcer un discours contre la participation des \u00c9tats-Unis \u00e0 la guerre le 18 juin 1918 devant un public \u00e0 Canton, dans l&#039;Ohio.<\/span><\/p>\n<p> <span>De plus, une vague de sentiment anti-allemand a d\u00e9ferl\u00e9 sur le pays. Si l&#039;on sait que la choucroute a \u00e9t\u00e9 surnomm\u00e9e \u00ab chou de la libert\u00e9 \u00bb, ce sentiment a pris des formes bien plus graves, comme le meurtre d&#039;immigrants.<\/span> <span>Robert Prager,<\/span> <span>\u00e0 Collinsville, dans l&#039;Illinois. De ce fait, de nombreux Allemands ont activement minimis\u00e9 leur h\u00e9ritage, allant jusqu&#039;\u00e0 changer de nom et celui de leur communaut\u00e9. Ce rejet de l&#039;h\u00e9ritage allemand a contribu\u00e9 \u00e0 minimiser le r\u00f4le disproportionn\u00e9 que<\/span> <span>abolitionnistes allemands<\/span> <span>a jou\u00e9 un r\u00f4le dans la pr\u00e9servation de l&#039;Union pendant la guerre de S\u00e9cession, et a laiss\u00e9 un vide qui a \u00e9t\u00e9 combl\u00e9 par une propagande pro-conf\u00e9d\u00e9r\u00e9e plus virulente visant \u00e0 blanchir la guerre et ses cons\u00e9quences.<\/span><\/p>\n<h2> <span>2. R\u00e9publique de Weimar<\/span> <\/h2>\n<p><img loading=\"lazy\" decoding=\"async\" class=\"aligncenter size-full wp-image-81644\" src=\"https:\/\/imgist.ru\/wp-content\/uploads\/2023\/03\/10-sluchaev-v-istorii-kogda-obshhestva-regressirovali_64107e7805f38.jpeg\" alt=\"\" width=\"640\" height=\"423\"><\/p>\n<p> <span>L&#039;av\u00e8nement du Troisi\u00e8me Reich occupe une place si centrale dans l&#039;histoire allemande que la p\u00e9riode allant de l&#039;apr\u00e8s-guerre aux ann\u00e9es 1910 jusqu&#039;\u00e0 l&#039;\u00e9lection d&#039;Hitler comme chancelier du Reich en 1933 est souvent n\u00e9glig\u00e9e. Apr\u00e8s l&#039;abdication de l&#039;empereur Guillaume II,<\/span> <span>Assembl\u00e9e nationale<\/span> <span>Ils se r\u00e9unirent dans la ville de Weimar pour r\u00e9diger une nouvelle constitution et la ratifi\u00e8rent en f\u00e9vrier 1919. Cette m\u00eame ann\u00e9e<\/span> a \u00e9t\u00e9 ratifi\u00e9 en Allemagne <span>le suffrage f\u00e9minin<\/span> <span>, L\u2019opinion publique, et notamment la tol\u00e9rance envers les citoyens LGBT, a commenc\u00e9 \u00e0 se renforcer. Un syst\u00e8me de s\u00e9curit\u00e9 sociale a \u00e9t\u00e9 cr\u00e9\u00e9.<\/span><\/p>\n<p> <span>La R\u00e9publique de Weimar a eu la malchance d&#039;h\u00e9riter d&#039;une \u00e9conomie en piteux \u00e9tat, et d\u00e8s 1923, l&#039;hyperinflation mena\u00e7ait la survie du nouveau gouvernement. Seule l&#039;introduction d&#039;une nouvelle monnaie, garantie par les \u00c9tats-Unis,<\/span> <span>marque de location<\/span> <span>, La situation fut temporairement ma\u00eetris\u00e9e. Lorsque l&#039;\u00e9conomie am\u00e9ricaine s&#039;effondra en 1929, l&#039;\u00e9conomie r\u00e9publicaine s&#039;effondra avec elle, permettant aux nazis d&#039;acc\u00e9der au Parlement et an\u00e9antissant la plupart de ces libert\u00e9s civiles, malgr\u00e9 le maintien d&#039;un \u00c9tat-providence robuste.<\/span> <span>Pour<\/span> <span>suppos\u00e9ment de pure race aryenne.<\/span><\/p>\n<h2> <span>1. La chute de l&#039;Union sovi\u00e9tique<\/span> <\/h2>\n<p><img loading=\"lazy\" decoding=\"async\" class=\"aligncenter size-full wp-image-81645\" src=\"https:\/\/imgist.ru\/wp-content\/uploads\/2023\/03\/10-sluchaev-v-istorii-kogda-obshhestva-regressirovali_64107e78ee092.png\" alt=\"\" width=\"640\" height=\"466\"><\/p>\n<p> <span>De pr\u00e9c\u00e9dents articles de TopTenz ont d\u00e9crit en d\u00e9tail les horreurs de l&#039;\u00e9poque sovi\u00e9tique.<\/span> <span>Union<\/span> <span>, Mais son effondrement fut une terrible catastrophe pour des millions de personnes. Apr\u00e8s la derni\u00e8re tentative de coup d&#039;\u00c9tat de Boris Eltsine et son remplacement par Mikha\u00efl Gorbatchev en ao\u00fbt 1991, les communistes sovi\u00e9tiques d\u00e9clar\u00e8rent officiellement leur syst\u00e8me de gouvernement caduc en d\u00e9cembre 1991.<\/span><\/p>\n<p> <span>L&#039;\u00e9mergence de 15 gouvernements largement appauvris a eu des cons\u00e9quences d\u00e9vastatrices pour de nombreuses vies. La disparition des soins de sant\u00e9 et le recours accru \u00e0 des repas faits maison moins nutritifs ont eu pour cons\u00e9quence qu&#039;en 1994, l&#039;esp\u00e9rance de vie moyenne des hommes en Russie avait chut\u00e9 de<\/span> <span>six ans<\/span> <span>, et les femmes \u2013 pendant trois ans.<\/span> <span>Les normes en mati\u00e8re d&#039;infrastructures ont baiss\u00e9.<\/span> <span>, La privatisation a priv\u00e9 de nombreux citoyens de logements sociaux et d&#039;un sentiment de coh\u00e9sion sociale. Sans surprise, une enqu\u00eate de 2018 a r\u00e9v\u00e9l\u00e9 que<\/span> <span>66% Russes<\/span> <span>J&#039;\u00e9prouve de la nostalgie pour le syst\u00e8me sovi\u00e9tique.<\/span><\/p>\n<p> <i><span>Dustin Kosky se pr\u00e9pare \u00e0 une nouvelle perte majeure de progr\u00e8s car son roman post-apocalyptique de fant\u00f4mes \u00ab<\/span><\/i> <i><span>Le retour des vivants\u00bb<\/span><\/i> <i><span>Il va probablement le mettre au pied du mur.<\/span><\/i><\/p>\n<\/p><\/div>","protected":false},"excerpt":{"rendered":"<p>Nous nous sommes habitu\u00e9s au mod\u00e8le historique pur de l&#039;\u00e9volution humaine, depuis des individus non civilis\u00e9s, affam\u00e9s et d\u00e9sesp\u00e9r\u00e9s jusqu&#039;aux \u00eatres bien nourris et civilis\u00e9s que nous connaissons aujourd&#039;hui. Nous avons d\u00e9pass\u00e9\u2026<\/p>","protected":false},"author":1,"featured_media":13771,"comment_status":"open","ping_status":"closed","sticky":false,"template":"","format":"standard","meta":{"footnotes":""},"categories":[20],"tags":[],"class_list":["post-99195","post","type-post","status-publish","format-standard","has-post-thumbnail","hentry","category-interesnye-fakty","hvn-theme-has-thumbnail"],"_links":{"self":[{"href":"https:\/\/imgist.ru\/fr\/wp-json\/wp\/v2\/posts\/99195","targetHints":{"allow":["GET"]}}],"collection":[{"href":"https:\/\/imgist.ru\/fr\/wp-json\/wp\/v2\/posts"}],"about":[{"href":"https:\/\/imgist.ru\/fr\/wp-json\/wp\/v2\/types\/post"}],"author":[{"embeddable":true,"href":"https:\/\/imgist.ru\/fr\/wp-json\/wp\/v2\/users\/1"}],"replies":[{"embeddable":true,"href":"https:\/\/imgist.ru\/fr\/wp-json\/wp\/v2\/comments?post=99195"}],"version-history":[{"count":0,"href":"https:\/\/imgist.ru\/fr\/wp-json\/wp\/v2\/posts\/99195\/revisions"}],"wp:featuredmedia":[{"embeddable":true,"href":"https:\/\/imgist.ru\/fr\/wp-json\/wp\/v2\/posts\/13771"}],"wp:attachment":[{"href":"https:\/\/imgist.ru\/fr\/wp-json\/wp\/v2\/media?parent=99195"}],"wp:term":[{"taxonomy":"category","embeddable":true,"href":"https:\/\/imgist.ru\/fr\/wp-json\/wp\/v2\/categories?post=99195"},{"taxonomy":"post_tag","embeddable":true,"href":"https:\/\/imgist.ru\/fr\/wp-json\/wp\/v2\/tags?post=99195"}],"curies":[{"name":"wp","href":"https:\/\/api.w.org\/{rel}","templated":true}]}}