{"id":99205,"date":"2022-04-14T00:00:00","date_gmt":"2022-04-13T21:00:00","guid":{"rendered":"http:\/\/aleksawn.bget.ru\/10-zabluzhdenij-o-drevnej-grecii\/"},"modified":"2022-04-14T00:00:00","modified_gmt":"2022-04-13T21:00:00","slug":"10-zabluzhdenij-o-drevnej-grecii","status":"publish","type":"post","link":"https:\/\/imgist.ru\/fr\/10-zabluzhdenij-o-drevnej-grecii\/","title":{"rendered":"Dix id\u00e9es fausses sur la Gr\u00e8ce antique"},"content":{"rendered":"<div readability=\"390.85309588694\">\n<p><span>Certaines p\u00e9riodes de l&#039;histoire sont constamment revisit\u00e9es pour diverses raisons. Les gens aiment explorer le pass\u00e9 et le monde d&#039;antan, des guerres mondiales aux r\u00e9volutions et aux ind\u00e9pendances des pays, en passant par la chute des empires et d&#039;autres moments historiques marquants. La Gr\u00e8ce antique est l&#039;une de ces p\u00e9riodes historiques qui a suscit\u00e9 un int\u00e9r\u00eat consid\u00e9rable. .<\/span><\/p>\n<p> <span>Depuis des si\u00e8cles, la Gr\u00e8ce antique est au c\u0153ur des d\u00e9bats historiques. Nous avons cont\u00e9 des histoires de guerres, de d\u00e9mocratie, de dieux, de Spartiates, de Troyens et de tout ce qui touche \u00e0 la Gr\u00e8ce pour tisser le r\u00e9cit \u00e9pique de cette p\u00e9riode fascinante. Cependant, la Gr\u00e8ce s&#039;est construite sur la mythologie et les r\u00e9cits de dieux et de cr\u00e9atures fantastiques, \u00e0 tel point que ces \u00e9l\u00e9ments ont impr\u00e9gn\u00e9 chaque aspect de son histoire. De ce fait, l&#039;histoire de la Gr\u00e8ce antique s&#039;est trouv\u00e9e quelque peu embellie, voire d\u00e9form\u00e9e, par rapport \u00e0 la r\u00e9alit\u00e9. Pour v\u00e9ritablement comprendre cette p\u00e9riode l\u00e9gendaire de l&#039;histoire de l&#039;humanit\u00e9, il nous faut d\u00e9m\u00ealer le vrai du faux et comprendre certaines des id\u00e9es re\u00e7ues qui persistent encore aujourd&#039;hui.<\/span><\/p>\n<h2> <span>10. Les Grecs ne formaient pas une seule nation.<\/span> <\/h2>\n<p><img loading=\"lazy\" decoding=\"async\" class=\"aligncenter size-large wp-image-81576\" src=\"https:\/\/imgist.ru\/wp-content\/uploads\/2023\/03\/10-zabluzhdenij-o-drevnej-grecii_64107f537cfeb.jpeg\" alt=\"\" width=\"640\" height=\"449\"><\/p>\n<p> <span>La Gr\u00e8ce, en tant que nation, est un pays de collines, de montagnes et de rivi\u00e8res, qui servaient de fronti\u00e8res naturelles entre les diff\u00e9rentes cit\u00e9s-\u00c9tats qui existaient autrefois. La Gr\u00e8ce que nous connaissons aujourd&#039;hui est une nation relativement unifi\u00e9e. En revanche, la Gr\u00e8ce antique \u00e9tait presque tout \u00e0 fait diff\u00e9rente.<\/span><\/p>\n<p> <span>La Gr\u00e8ce antique \u00e9tait un ensemble de cit\u00e9s-\u00c9tats autonomes, connues individuellement sous le nom de<\/span> <span>politique<\/span> <span>, Ces cit\u00e9s-\u00c9tats partageaient des id\u00e9ologies, des langues, des modes de vie et des cultures quasi identiques. Cependant, au-del\u00e0 de ces valeurs et modes de vie communs, il existait peu d&#039;unit\u00e9 ou d&#039;affiliation entre elles. M\u00eame les exemples les plus probants furent \u00e9ph\u00e9m\u00e8res ou tr\u00e8s vagues dans leur d\u00e9finition de l&#039;\u00ab\u00a0affiliation\u00a0\u00bb. Il n&#039;y avait pas de v\u00e9ritable coh\u00e9rence, chaque cit\u00e9 \u00e9tant gouvern\u00e9e diff\u00e9remment. Certaines adopt\u00e8rent le syst\u00e8me d\u00e9mocratique n\u00e9 \u00e0 Ath\u00e8nes, tandis que d&#039;autres opt\u00e8rent pour des formes de gouvernement plus traditionnelles, telles que l&#039;oligarchie, l&#039;aristocratie et la tyrannie.<\/span><\/p>\n<p> <span>Souvent, en Gr\u00e8ce, il s&#039;agissait d&#039;un d\u00e9s\u00e9quilibre des pouvoirs, certaines cit\u00e9s-\u00c9tats acqu\u00e9rant une influence consid\u00e9rable et dominant leurs voisines, l\u00e9g\u00e8rement plus faibles. L&#039;unit\u00e9 entre les cit\u00e9s-\u00c9tats r\u00e9sultait g\u00e9n\u00e9ralement d&#039;une guerre ou d&#039;un conflit imminent, comme\u2026<\/span> <span>Guerres perses<\/span> <span>entre 492 et 449 av. J.-C.<\/span><\/p>\n<p> <span>La Gr\u00e8ce \u00e9tait une p\u00e9ninsule qui devint une nation durant la p\u00e9riode hell\u00e9nistique, apr\u00e8s la mort d&#039;Alexandre le Grand. On lui attribue la diffusion de la langue, de l&#039;art, de la culture et de l&#039;urbanisme grecs, qui se sont progressivement d\u00e9velopp\u00e9s.<\/span> <span>a conduit \u00e0 l&#039;unification de la nation<\/span> <span>.<\/span><\/p>\n<h2> <span>9. L&#039;amour divin des couleurs<\/span> <\/h2>\n<p><img loading=\"lazy\" decoding=\"async\" class=\"aligncenter size-large wp-image-73123\" src=\"https:\/\/imgist.ru\/wp-content\/uploads\/2023\/03\/10-zabluzhdenij-o-drevnej-grecii_64107f546cbf9.jpeg\" alt=\"\" width=\"640\" height=\"427\"><\/p>\n<p> <span>L&#039;id\u00e9e fausse concernant les Grecs et la couleur provient du fait que leurs statues et leurs \u00e9difices impressionnants, tels que le Parth\u00e9non, le temple de Zeus et de nombreux autres temples grecs, \u00e9taient repr\u00e9sent\u00e9s comme des structures incolores.<\/span><\/p>\n<p> <span>Les Grecs de l&#039;Antiquit\u00e9 adoraient le marbre, qu&#039;ils privil\u00e9giaient souvent pour tout projet de construction. Des \u00e9difices embl\u00e9matiques qui subsistent encore aujourd&#039;hui, comme le Parth\u00e9non, ont \u00e9t\u00e9 construits avec ce mat\u00e9riau.<\/span> <span>marbre pent\u00e9lique<\/span> <span>. La plupart des temples et des statues seront faits d&#039;un m\u00e9lange<\/span> <span>marbre, calcaire, tuf, pierres sculpt\u00e9es, pierre locale et bois<\/span> <span>.<\/span><\/p>\n<p> <span>Pendant des si\u00e8cles, notre connaissance de la couleur des statues et des \u00e9difices grecs a \u00e9t\u00e9 erron\u00e9e. Nous pensions que tout ce que les Grecs avaient cr\u00e9\u00e9 \u00e9tait une merveille architecturale et de design, construite principalement en marbre blanc pur. Il existait une id\u00e9e pr\u00e9con\u00e7ue selon laquelle les Grecs de l&#039;Antiquit\u00e9 n\u00e9gligeaient\u2026<\/span> <span>couleur<\/span> <span>, Mais nous savons aujourd&#039;hui que c&#039;est faux. Non seulement leurs statues \u00e9taient peintes, mais leurs \u00e9difices, comme le Parth\u00e9non et d&#039;autres temples, \u00e9taient \u00e9galement orn\u00e9s de couleurs. Et il n&#039;y avait pas de couleurs ternes. Les Grecs de l&#039;Antiquit\u00e9 adoraient les couleurs vives, en particulier le violet.,<\/span> <span>rouge, jaune et blanc<\/span> <span>. Il est toutefois important de noter que leur classification de ces couleurs \u00e9tait diff\u00e9rente de la n\u00f4tre aujourd&#039;hui. Par exemple, pour les Grecs anciens, le rouge pouvait d\u00e9signer n&#039;importe quelle nuance, du bleu au jaune.<\/span> <span>orange \u00e0 violet<\/span> <span>.<\/span><\/p>\n<p> <span>Notre compr\u00e9hension du rapport des Grecs \u00e0 la couleur repose en grande partie sur l&#039;\u00e9tude des b\u00e2timents et des statues antiques dont la peinture s&#039;est estomp\u00e9e apr\u00e8s des si\u00e8cles de dissimulation ou d&#039;enfouissement sous la surface.<\/span><\/p>\n<h2> <span>8. Les Spartiates<\/span> <\/h2>\n<p><img loading=\"lazy\" decoding=\"async\" class=\"aligncenter size-large wp-image-63886\" src=\"https:\/\/imgist.ru\/wp-content\/uploads\/2023\/03\/10-zabluzhdenij-o-drevnej-grecii_64107f552bd65.jpeg\" alt=\"\" width=\"640\" height=\"427\"><\/p>\n<p> <span>On se trompe souvent sur les Spartiates. C&#039;est compr\u00e9hensible, vu tout ce qu&#039;on nous raconte et nous montre sur ces guerriers mythiques de la Gr\u00e8ce antique qui ont combattu l&#039;arm\u00e9e ath\u00e9nienne. Cependant, si nous nous trompons autant sur les Spartiates, c&#039;est en grande partie parce que nous savons tr\u00e8s peu de choses \u00e0 leur sujet.<\/span><\/p>\n<p> <span>Nous nous sommes tromp\u00e9s sur certains points importants concernant ces guerriers l\u00e9gendaires, ce qui a \u00e9t\u00e9 prouv\u00e9. Pour commencer, Sparte n&#039;\u00e9tait pas le nom d&#039;une cit\u00e9-\u00c9tat grecque antique. En r\u00e9alit\u00e9, c&#039;\u00e9tait une cit\u00e9-\u00c9tat de la Gr\u00e8ce antique.<\/span> <span>Lac\u00e9d\u00e9mon<\/span> <span>Les Spartiates surv\u00e9curent. Durant la guerre du P\u00e9loponn\u00e8se (431-404 av. J.-C.), la soci\u00e9t\u00e9 guerri\u00e8re spartiate se d\u00e9veloppa, affrontant la cit\u00e9-\u00c9tat rivale d&#039;Ath\u00e8nes. Leur culture \u00e9tait ax\u00e9e sur le service militaire d\u00e8s le plus jeune \u00e2ge et la loyaut\u00e9 envers l&#039;\u00c9tat.<\/span><\/p>\n<p> <span>D\u00e8s l&#039;\u00e2ge de sept ans, les gar\u00e7ons spartiates commen\u00e7aient \u00e0 s&#039;entra\u00eener et<\/span> <span>\u00e9ducation financ\u00e9e par l&#039;\u00c9tat<\/span> <span>. On leur enseignait ce que signifiait \u00eatre un Spartiate, c&#039;est-\u00e0-dire le sens du devoir envers sa cit\u00e9, l&#039;endurance et la discipline. Tout homme en bonne sant\u00e9 pouvait devenir soldat spartiate.<\/span><span>\u00a0<\/span><\/p>\n<p><span>L&#039;une des plus grandes id\u00e9es fausses concernant les Spartiates est sans doute leur relation avec le reste de la Gr\u00e8ce. Bien que l&#039;unification grecque ait \u00e9t\u00e9 lente, les Spartiates n&#039;\u00e9taient pas aussi fervents d\u00e9fenseurs de la cause grecque qu&#039;on nous l&#039;a souvent fait croire. Ils choisirent de ne pas rejoindre l&#039;alliance pangrecque qui mena \u00e0 la guerre m\u00e9dique en raison de leurs convictions antid\u00e9mocratiques. S&#039;ils furent de braves guerriers qui finirent par combattre aux c\u00f4t\u00e9s des Grecs, ils n&#039;\u00e9taient pas pour autant les h\u00e9ros infaillibles que l&#039;on a parfois d\u00e9peints.<\/span><\/p>\n<h2> <span>7. Le mentorat p\u00e9d\u00e9rastique dans la Gr\u00e8ce antique<\/span> <\/h2>\n<p><img loading=\"lazy\" decoding=\"async\" class=\"aligncenter size-large wp-image-63879\" src=\"https:\/\/imgist.ru\/wp-content\/uploads\/2023\/03\/10-zabluzhdenij-o-drevnej-grecii_64107f55df1cb.jpeg\" alt=\"\" width=\"640\" height=\"420\"><\/p>\n<p> <span>Dans la Gr\u00e8ce antique, il \u00e9tait courant que les jeunes gar\u00e7ons grecs deviennent apprentis aupr\u00e8s d&#039;hommes plus \u00e2g\u00e9s. Cette pratique \u00e9tait r\u00e9pandue non seulement \u00e0 Ath\u00e8nes, mais dans toute la Gr\u00e8ce antique, m\u00eame chez les Spartiates. C&#039;\u00e9tait leur conception de l&#039;\u00e9ducation formelle. Les gar\u00e7ons devaient suivre une formation pour progresser dans la soci\u00e9t\u00e9 grecque.<\/span><\/p>\n<p> <span>La relation entre mentor et prot\u00e9g\u00e9 \u00e9tait r\u00e9gie par des r\u00e8gles. Premi\u00e8rement, elle ne durait que jusqu&#039;\u00e0 ce que le prot\u00e9g\u00e9 ait une barbe. Deuxi\u00e8mement, le mentor exer\u00e7ait une autorit\u00e9 dominante. Ce mentorat visait \u00e0 \u00e9duquer le jeune homme sur tous les aspects du monde, y compris parfois la sexualit\u00e9.<\/span> Attitude <span>Grecs<\/span> <span>au sexe<\/span> <span>\u00e9tait associ\u00e9 moins \u00e0 l&#039;amour qu&#039;\u00e0 la luxure, au d\u00e9sir ou \u00e0 l&#039;aphrodisiaque.<\/span><\/p>\n<p> <span>Le prot\u00e9g\u00e9 \u00e9tait consid\u00e9r\u00e9 comme un \u00e9rom\u00e8ne, le partenaire passif dans une relation homosexuelle. Le mentor d\u00e9terminait quand l&#039;\u00e9rom\u00e8ne \u00e9tait pr\u00eat \u00e0 s&#039;int\u00e9grer \u00e0 la soci\u00e9t\u00e9 grecque en tant qu&#039;adulte. Si l&#039;adulte s&#039;abstenait de relations sexuelles avec le gar\u00e7on, cela signifiait que le gar\u00e7on \u00e9tait pr\u00eat. Cependant, si le mentor continuait d&#039;avoir des relations sexuelles avec l&#039;\u00e9rom\u00e8ne, ce dernier \u00e9tait cens\u00e9 se soumettre par respect et gratitude.<\/span> <span>pratique courante dans la Gr\u00e8ce antique<\/span> <span>, bien que les r\u00e8gles varient d&#039;une politique \u00e0 l&#039;autre.<\/span><\/p>\n<p> <span>Si beaucoup consid\u00e8rent aujourd&#039;hui cela comme un abus de pouvoir, dans l&#039;Antiquit\u00e9, ce n&#039;\u00e9tait pas per\u00e7u ainsi. C&#039;\u00e9tait plut\u00f4t consid\u00e9r\u00e9 comme une \u00e9tape normale du passage \u00e0 l&#039;\u00e2ge adulte pour les gar\u00e7ons. La sexualit\u00e9 \u00e9tait per\u00e7ue diff\u00e9remment dans le monde grec. Ainsi, m\u00eame si certains aspects de la p\u00e9d\u00e9rastie \u00e9taient mal vus, elle restait courante \u00e0 l&#039;\u00e9poque.<\/span><\/p>\n<h2> <span>6. Les progr\u00e8s technologiques sont sous-repr\u00e9sent\u00e9s<\/span> <\/h2>\n<p><img loading=\"lazy\" decoding=\"async\" class=\"aligncenter size-full wp-image-81579\" src=\"https:\/\/imgist.ru\/wp-content\/uploads\/2023\/03\/10-zabluzhdenij-o-drevnej-grecii_64107f5287dcb.jpeg\" alt=\"\" width=\"640\" height=\"426\"><\/p>\n<p> <span>Nous devons beaucoup aux Grecs de l&#039;Antiquit\u00e9, et pourtant le monde moderne semble les oublier. Quand on pense \u00e0 la Gr\u00e8ce antique, on pense aux dieux, aux guerres, aux Spartiates et aux incroyables \u00e9difices qu&#039;ils ont construits. Cependant, si tous ces \u00e9l\u00e9ments m\u00e9ritent notre attention, c&#039;est leur\u2026<\/span> <span>progr\u00e8s technologiques<\/span> <span>Nous sous-estimons compl\u00e8tement et ignorons souvent totalement.<\/span><span>\u00a0<\/span><\/p>\n<p><span>La Gr\u00e8ce antique a vu na\u00eetre certains des plus grands esprits que le monde ait jamais connus. De Platon \u00e0 Archim\u00e8de, des objets du quotidien comme les r\u00e9veils, les portes automatiques, le chauffage central et les douches trouvent tous leur origine, d&#039;une mani\u00e8re ou d&#039;une autre, dans ces g\u00e9nies. Parmi les exemples c\u00e9l\u00e8bres de prouesses technologiques grecques, on peut citer l&#039;invention du premier r\u00e9veil par Platon et celle du premier canon \u00e0 vapeur par Archim\u00e8de. On attribue \u00e9galement aux Grecs de l&#039;Antiquit\u00e9 l&#039;invention des phares.,<\/span> <span>le premier se trouvait \u00e0 Alexandrie<\/span> <span>, ainsi que des tours d&#039;horloge, des stations m\u00e9t\u00e9orologiques, des moulins \u00e0 eau et bien d&#039;autres choses encore.<\/span><\/p>\n<h2> <span>5. Allumer la flamme olympique n&#039;est pas une id\u00e9e grecque.<\/span> <\/h2>\n<p><img loading=\"lazy\" decoding=\"async\" class=\"aligncenter size-full wp-image-81580\" src=\"https:\/\/imgist.ru\/wp-content\/uploads\/2023\/03\/10-zabluzhdenij-o-drevnej-grecii_64107f56b9942.jpeg\" alt=\"\" width=\"640\" height=\"438\"><\/p>\n<p> <span>Les Jeux olympiques internationaux modernes ont d\u00e9but\u00e9 en<\/span> <span>En 1896<\/span> <span>\u00e0 Ath\u00e8nes, ce qui est tout \u00e0 fait logique, \u00e9tant donn\u00e9 que les Jeux olympiques s&#039;y d\u00e9roulaient d\u00e9j\u00e0 depuis plus d&#039;un demi-mill\u00e9naire. Certains aspects des Jeux olympiques, nous le supposons, existent depuis des si\u00e8cles. Compte tenu de la longue histoire des Jeux, nous avons toujours cru que l&#039;allumage de la flamme olympique \u00e9tait une tradition ancestrale. Or, c&#039;est faux.<\/span><span>\u00a0<\/span><\/p>\n<p><span>L&#039;histoire du relais de la flamme olympique remonte en r\u00e9alit\u00e9 \u00e0<\/span> <span>Berlin en 1936<\/span> <span>. Le Dr Carl Diem s&#039;est inspir\u00e9 des \u00e9crits de Plutarque et des peintures grecques antiques.<\/span> <span>cr\u00e9ation de la flamme olympique<\/span> <span>, ce qui devint une tradition. Il \u00e9tait<\/span> <span>con\u00e7u et pay\u00e9<\/span> <span>L&#039;Allemagne nazie, trois ans seulement avant le d\u00e9clenchement de la Seconde Guerre mondiale. Ce projet \u00e9tait dirig\u00e9 par le ma\u00eetre de la propagande nazie, Joseph Goebbels.<\/span><span>\u00a0<\/span><\/p>\n<p><span>Durant la Seconde Guerre mondiale, les Jeux olympiques n&#039;eurent pas lieu. \u00c0 leur reprise en 1948, la flamme olympique fit son retour, porteuse d&#039;un nouveau message\u00a0: la paix. Elle traversa l&#039;Europe d\u00e9vast\u00e9e, d&#039;Olympie \u00e0 Londres. Le premier porteur de la flamme inaugura le relais, baissant les bras, \u00f4tant son uniforme militaire et saisissant le b\u00e2ton enflamm\u00e9 pour la premi\u00e8re \u00e9tape du voyage.<\/span><\/p>\n<h2> <span>4. Guerre de Troie<\/span> <\/h2>\n<p><img loading=\"lazy\" decoding=\"async\" class=\"aligncenter size-large wp-image-74743\" src=\"https:\/\/imgist.ru\/wp-content\/uploads\/2023\/03\/10-zabluzhdenij-o-drevnej-grecii_64107f57afe90.jpeg\" alt=\"\" width=\"640\" height=\"427\"><\/p>\n<p> <span>La guerre de Troie est entour\u00e9e de nombreuses controverses. La plupart des gens la connaissent bien.<\/span> ce <span>guerre<\/span> <span>, La guerre de Troie, qui opposa les Grecs de l&#039;Antiquit\u00e9 aux habitants de Troie en Anatolie occidentale, est c\u00e9l\u00e8bre pour son fameux cheval de Troie. Ce dernier fut utilis\u00e9 comme ruse pour attirer les soldats grecs \u00e0 l&#039;int\u00e9rieur des remparts. De l\u00e0, les soldats grecs saccag\u00e8rent la ville, tuant les hommes et emmenant les femmes. Un probl\u00e8me subsiste cependant\u00a0: la v\u00e9racit\u00e9 de ces \u00e9v\u00e9nements reste incertaine.<\/span><span>\u00a0<\/span><\/p>\n<p><span>Longtemps, cette histoire a \u00e9t\u00e9 consid\u00e9r\u00e9e non comme un mythe ou une l\u00e9gende, mais comme un fait av\u00e9r\u00e9. En r\u00e9alit\u00e9, nous n&#039;avons aucune preuve de l&#039;existence de la guerre de Troie, du cheval de bois, ni d&#039;aucun autre \u00e9l\u00e9ment li\u00e9 \u00e0 ce r\u00e9cit l\u00e9gendaire. Nous ne connaissons cette l\u00e9gende que parce qu&#039;elle est c\u00e9l\u00e9br\u00e9e dans les pi\u00e8ces de th\u00e9\u00e2tre et les textes de la Gr\u00e8ce antique, tels que\u2026\u00ab<\/span> <i><span>Odyss\u00e9e<\/span><\/i> \u00bb Hom\u00e8re <span>\u0438<em>\u00a0<\/em><\/span><i><span>Iliade<\/span><\/i> <span>. Finalement, il est apparu dans la litt\u00e9rature romaine sous la forme de \u00ab<\/span> <i><span>L&#039;\u00c9n\u00e9ide de Virgile.<\/span><\/i><\/p>\n<p> <span>Tandis que les ruines<\/span> <span>Troy<\/span> <span>Bien qu&#039;elles existent en Anatolie, le d\u00e9bat se poursuit pour savoir s&#039;il s&#039;agit de la m\u00eame ville que celle d\u00e9crite dans le texte d&#039;Hom\u00e8re, ainsi que les discussions sur l&#039;existence m\u00eame d&#039;une guerre.<\/span><span>\u00a0<\/span><\/p>\n<h2><span>3. L\u00e9onidas et les 300 hommes<\/span> <\/h2>\n<p><img loading=\"lazy\" decoding=\"async\" class=\"aligncenter size-large wp-image-63888\" src=\"https:\/\/imgist.ru\/wp-content\/uploads\/2023\/03\/10-zabluzhdenij-o-drevnej-grecii_64107f5873da6.jpeg\" alt=\"\" width=\"640\" height=\"437\"><\/p>\n<p> <span>La plupart des gens ont d\u00e9couvert L\u00e9onidas et les 300 gr\u00e2ce au film de Zack Snyder sorti en 2006.\u00ab<\/span> <i><span>300<\/span><\/i> <span>\u00bb Les Spartiates. \u00bb Sans surprise, le film (et le roman graphique dont il est tir\u00e9) ne repr\u00e9sente pas tout \u00e0 fait fid\u00e8lement la bataille.<\/span> <span>aux Thermopyles<\/span> <span>en 480 av. J.-C.<\/span> <span>Guerres perses<\/span> <span>.<\/span><\/p>\n<p> <span>La l\u00e9gende raconte que L\u00e9onidas et 300 Spartiates ont tenu t\u00eate \u00e0 eux seuls \u00e0 l&#039;arm\u00e9e du roi perse Xerx\u00e8s Ier. Cependant, la v\u00e9rit\u00e9 est plus nuanc\u00e9e, car elle apporte davantage de contexte sur la mani\u00e8re dont ils sont arriv\u00e9s l\u00e0, sur la pr\u00e9cision des chiffres et, bien s\u00fbr, sur le fait que \u00ab les Spartiates ont combattu seuls \u00bb.<\/span><span>\u00a0<\/span><\/p>\n<p><span>Au d\u00e9but des guerres m\u00e9diques, le roi Xerx\u00e8s Ier envoya une immense arm\u00e9e de 70\u00a0000 \u00e0 300\u00a0000 hommes attaquer par le sud. L\u00e9onidas disposait d&#039;une arm\u00e9e bien plus r\u00e9duite, seulement<\/span> <span>de 6 000 \u00e0 7 000 soldats<\/span> <span>, qui le suivirent au combat. Son arm\u00e9e \u00e9tait compos\u00e9e de soldats grecs issus de diverses cit\u00e9s-\u00c9tats et, bien s\u00fbr, de 300 Spartiates. Cette force, bien moins nombreuse, tint t\u00eate aux Perses pendant trois jours, jusqu&#039;\u00e0 ce qu&#039;une trahison donne l&#039;avantage \u00e0 Xerx\u00e8s.<\/span><span>\u00a0<\/span><\/p>\n<p><span>\u00c9phialt\u00e8s, citoyen grec, trahit son pays et son arm\u00e9e en r\u00e9v\u00e9lant \u00e0 Xerx\u00e8s la voie de contournement des Thermopyles. Il mena m\u00eame une partie de l&#039;arm\u00e9e perse sur ce chemin. Les Perses an\u00e9antirent une partie de l&#039;arm\u00e9e grecque, la contraignant \u00e0 la retraite. Cependant, L\u00e9onidas, accompagn\u00e9 de 300 de ses gardes du corps, de plusieurs hilotes et de 1\u00a0100 B\u00e9atiens, resta et poursuivit le combat. La retraite aurait \u00e9t\u00e9 contraire aux lois et coutumes spartiates.<\/span><\/p>\n<p> <span>Les d\u00e9tails de la bataille restent flous. La plupart des historiens pensent que L\u00e9onidas et son arm\u00e9e ont combattu avec bravoure, mais ont finalement p\u00e9ri sous les coups d&#039;une invasion perse bien plus importante. D&#039;autres, cependant, croient \u00e0 la survie de certains, et consid\u00e8rent m\u00eame L\u00e9onidas comme l&#039;un d&#039;eux. Malheureusement, aucune preuve d\u00e9finitive ne vient \u00e9tayer l&#039;une ou l&#039;autre de ces th\u00e9ories.<\/span><\/p>\n<h2> <span>2. Incendie de la biblioth\u00e8que d&#039;Alexandrie<\/span> <\/h2>\n<p><img loading=\"lazy\" decoding=\"async\" class=\"aligncenter size-large wp-image-55473\" src=\"https:\/\/imgist.ru\/wp-content\/uploads\/2023\/03\/10-zabluzhdenij-o-drevnej-grecii_64107f596b142.jpeg\" alt=\"\" width=\"640\" height=\"456\"><\/p>\n<p> <span>La biblioth\u00e8que d&#039;Alexandrie \u00e9tait l&#039;un des exemples les plus c\u00e9l\u00e8bres de l&#039;influence et de la puissance de la Gr\u00e8ce antique dans le monde antique. Elle constituait un centre n\u00e9vralgique pour les \u00e9rudits du monde entier, venus \u00e9tudier les livres et les manuscrits des civilisations anciennes.<\/span><\/p>\n<p> <span>\u00c0 la mort d&#039;Alexandre le Grand en 323 avant notre \u00e8re, le savoir qu&#039;il avait acquis au cours de sa vie de conqu\u00eate et d&#039;exploration du monde fut pr\u00e9serv\u00e9. Ceci inspira un mouvement visant \u00e0 pr\u00e9server et \u00e0 diffuser le savoir \u00e0 une \u00e9chelle bien plus vaste que par le pass\u00e9. La cr\u00e9ation de la biblioth\u00e8que fut men\u00e9e par<\/span> <span>D\u00e9m\u00e9trius de Phal\u00e8re<\/span> <span>, un homme politique ath\u00e9nien d\u00e9chu devenu conseiller<\/span> <span>Le roi Ptol\u00e9m\u00e9e Ier S\u00f4ter<\/span> <span>.<\/span><\/p>\n<p> <span>\u041a<\/span> <span>283 av. J.-C.<\/span> <span>La biblioth\u00e8que fut achev\u00e9e. On estime qu&#039;entre 200\u00a0000 et pr\u00e8s d&#039;un million de textes originaux provenant du monde entier furent rassembl\u00e9s dans ce centre du savoir jusqu&#039;\u00e0 sa destruction en 48 av. J.-C.<\/span><span>\u00a0<\/span><\/p>\n<p><span>On attribue souvent l&#039;incendie de la biblioth\u00e8que d&#039;Alexandrie \u00e0 l&#039;arm\u00e9e musulmane. En r\u00e9alit\u00e9, il s&#039;agissait simplement d&#039;une victime collat\u00e9rale de la guerre.<\/span> <span>Jules C\u00e9sar<\/span> <span>Pris dans la guerre civile \u00e9gyptienne entre Cl\u00e9op\u00e2tre et son fr\u00e8re, Ptol\u00e9m\u00e9e XIII, C\u00e9sar prit le parti de Cl\u00e9op\u00e2tre. Ptol\u00e9m\u00e9e et ses troupes l&#039;assi\u00e9g\u00e8rent alors dans le port d&#039;Alexandrie. C\u00e9sar ne voyait qu&#039;une seule solution\u00a0: an\u00e9antir les forces ennemies. Ce faisant, C\u00e9sar et ses hommes d\u00e9truisirent une partie du port et d\u00e9clench\u00e8rent un incendie qui se propagea et finit par consumer la biblioth\u00e8que d&#039;Alexandrie et ses centaines de milliers de textes anciens, presque tous perdus \u00e0 jamais.<\/span><\/p>\n<h2> <span>1. L&#039;histoire bancale et quelque peu ennuyeuse de la d\u00e9mocratie<\/span> <\/h2>\n<p><img loading=\"lazy\" decoding=\"async\" class=\"aligncenter size-large wp-image-69618\" src=\"https:\/\/imgist.ru\/wp-content\/uploads\/2023\/03\/10-zabluzhdenij-o-drevnej-grecii_64107f5a61fbf.jpeg\" alt=\"\" width=\"640\" height=\"427\"><\/p>\n<p> <span>On attribue souvent aux Grecs de l&#039;Antiquit\u00e9 la naissance de la d\u00e9mocratie. D&#039;une certaine mani\u00e8re, c&#039;est vrai. Cependant, notre conception de la d\u00e9mocratie grecque semble id\u00e9aliser un syst\u00e8me moins impressionnant que celui que nous connaissons aujourd&#039;hui.<\/span><\/p>\n<p> <span>La d\u00e9mocratie a d\u00e9but\u00e9 en Gr\u00e8ce lorsque le dirigeant ath\u00e9nien Clisth\u00e8ne a introduit un nouveau syst\u00e8me connu sous le nom de d\u00e9mocratie aupr\u00e8s du peuple grec.<\/span> <span>507 av. J.-C.<\/span> <span>Le mot \u00ab d\u00e9mocratie \u00bb vient de la combinaison des mots \u00ab demos \u00bb, qui signifie \u00ab peuple \u00bb, et \u00ab Kratos \u00bb, qui signifie \u00ab pouvoir \u00bb.<\/span><\/p>\n<p> <span>Signification<\/span> <span>ce nouveau syst\u00e8me<\/span> <span>\u00abL&#039;objectif du \u00bb\u00a0pouvoir du peuple\u00a0\u00bb \u00e9tait d&#039;instaurer une paix et une stabilit\u00e9 accrues, et de mettre en place un syst\u00e8me o\u00f9 un gouvernement impopulaire \u00e9tait destitu\u00e9 par les urnes plut\u00f4t que renvers\u00e9 par une r\u00e9bellion ou une r\u00e9volution.<\/span><\/p>\n<p> <span>Cependant, leur d\u00e9mocratie ne m\u00e9rite pas d&#039;\u00e9loges. Certes, elle \u00e9tait la premi\u00e8re du genre et deviendrait par la suite plus inclusive et repr\u00e9sentative de l&#039;ensemble de la population. Toutefois, dans la Gr\u00e8ce antique, elle ne repr\u00e9sentait qu&#039;une partie de la population. \u00c0 Ath\u00e8nes, seuls les hommes libres \u00e9taient consid\u00e9r\u00e9s comme citoyens. De ce fait, les femmes n&#039;\u00e9taient pas repr\u00e9sent\u00e9es, ne pouvaient pas voter et n&#039;avaient aucune participation au syst\u00e8me politique.<\/span><\/p>\n<p> <span>On oublie souvent comment fonctionnait le gouvernement de la Gr\u00e8ce antique. Chaque ann\u00e9e, 500 noms \u00e9taient tir\u00e9s au sort parmi tous les citoyens ath\u00e9niens. Ces 500 personnes si\u00e9geaient au gouvernement pendant un an. Elles faisaient office de l\u00e9gislateurs et r\u00e9digeaient des lois qui \u00e9taient ensuite vot\u00e9es par l&#039;ensemble de la population ath\u00e9nienne. Leur d\u00e9mocratie \u00e9tait donc une d\u00e9mocratie directe, un mod\u00e8le qui ne se retrouve pas dans les d\u00e9mocraties modernes. La plupart des d\u00e9mocraties modernes sont en effet des d\u00e9mocraties repr\u00e9sentatives.<\/span><\/p>\n<p> <span>Malgr\u00e9 tous les \u00e9loges que nous adressons aux Grecs anciens pour la cr\u00e9ation de la d\u00e9mocratie, nous oublions souvent les imperfections de leur propre invention. S&#039;il a fallu des si\u00e8cles pour corriger ces imperfections, certaines font encore l&#039;objet de corrections aujourd&#039;hui.<\/span><\/p>\n<\/p><\/div>","protected":false},"excerpt":{"rendered":"<p>Certaines p\u00e9riodes de l&#039;histoire sont constamment revisit\u00e9es pour diverses raisons. Les gens aiment explorer le pass\u00e9 et le monde d&#039;antan, des guerres mondiales aux r\u00e9volutions en passant par l&#039;essor des nations\u2026<\/p>","protected":false},"author":1,"featured_media":13877,"comment_status":"open","ping_status":"closed","sticky":false,"template":"","format":"standard","meta":{"footnotes":""},"categories":[20],"tags":[],"class_list":["post-99205","post","type-post","status-publish","format-standard","has-post-thumbnail","hentry","category-interesnye-fakty","hvn-theme-has-thumbnail"],"_links":{"self":[{"href":"https:\/\/imgist.ru\/fr\/wp-json\/wp\/v2\/posts\/99205","targetHints":{"allow":["GET"]}}],"collection":[{"href":"https:\/\/imgist.ru\/fr\/wp-json\/wp\/v2\/posts"}],"about":[{"href":"https:\/\/imgist.ru\/fr\/wp-json\/wp\/v2\/types\/post"}],"author":[{"embeddable":true,"href":"https:\/\/imgist.ru\/fr\/wp-json\/wp\/v2\/users\/1"}],"replies":[{"embeddable":true,"href":"https:\/\/imgist.ru\/fr\/wp-json\/wp\/v2\/comments?post=99205"}],"version-history":[{"count":0,"href":"https:\/\/imgist.ru\/fr\/wp-json\/wp\/v2\/posts\/99205\/revisions"}],"wp:featuredmedia":[{"embeddable":true,"href":"https:\/\/imgist.ru\/fr\/wp-json\/wp\/v2\/media\/13877"}],"wp:attachment":[{"href":"https:\/\/imgist.ru\/fr\/wp-json\/wp\/v2\/media?parent=99205"}],"wp:term":[{"taxonomy":"category","embeddable":true,"href":"https:\/\/imgist.ru\/fr\/wp-json\/wp\/v2\/categories?post=99205"},{"taxonomy":"post_tag","embeddable":true,"href":"https:\/\/imgist.ru\/fr\/wp-json\/wp\/v2\/tags?post=99205"}],"curies":[{"name":"wp","href":"https:\/\/api.w.org\/{rel}","templated":true}]}}