{"id":10197,"date":"2026-06-03T22:05:29","date_gmt":"2026-06-03T19:05:29","guid":{"rendered":"https:\/\/imgist.ru\/poznakomtes-s-rajnao-vashim-novym-lyubimym-puertorikanskim-artistom\/"},"modified":"2026-06-03T22:05:29","modified_gmt":"2026-06-03T19:05:29","slug":"poznakomtes-s-rajnao-seu-novo-artista-porto-riquenho-favorito","status":"publish","type":"post","link":"https:\/\/imgist.ru\/pt\/poznakomtes-s-rajnao-vashim-novym-lyubimym-puertorikanskim-artistom\/","title":{"rendered":"Conhe\u00e7a RayNao, seu novo artista porto-riquenho favorito."},"content":{"rendered":"<p>\u00ab&quot;A Hearst Magazines e o Yahoo podem receber comiss\u00f5es ou receitas de alguns produtos vendidos atrav\u00e9s desses links.&quot;.<\/p>\n<p> Trabalhando no \u00faltimo \u00e1lbum do RaiNao. <em>sob o nome de Marcri\u00e1<\/em> (G\u00edria porto-riquenha para &quot;mimado&quot;) era uma busca antiga. &quot;Tudo come\u00e7ou quando eu tinha 8 anos&quot;, conta a cantora, cujo nome verdadeiro \u00e9 Naomi Ramirez Rivera, durante uma recente videochamada. Naquele ano, sua m\u00e3e a matriculou em uma escola prim\u00e1ria especializada para cegos. &quot;Eu era uma das poucas crian\u00e7as que enxergavam, e minha m\u00e3e disse que me mandou para l\u00e1 para ajudar. Foi ali que minha jornada sensorial come\u00e7ou \u2014 aprendendo a viver como meus colegas viviam.&quot; Vinte anos depois, ela finalmente estava pronta para explorar o significado dessas experi\u00eancias. &quot;Comecei a dar nomes a esses momentos sensoriais e, a partir da\u00ed, criamos m\u00fasicas \u2014 basicamente, eu tentava me transportar para certos momentos em que tinha lembran\u00e7as de um sabor, uma cor, uma emo\u00e7\u00e3o associada a eles \u2014 e, a partir da\u00ed, comecei a criar esses arranjos.&quot;.<\/p>\n<p> \u00c9 uma hist\u00f3ria de origem perfeita para um \u00e1lbum cujo som se transforma instantaneamente e reflete indiretamente a experi\u00eancia de passar um tempo em Porto Rico, terra natal de RaiNao: batidas eletr\u00f4nicas suaves com refr\u00f5es et\u00e9reos que criam a sensa\u00e7\u00e3o de estar debaixo d&#039;\u00e1gua com o som das ondas, tamboras e pandero que repentinamente se transformam em ritmos sutis de salsa, linhas de baixo pulsantes que cortam sedutoramente as batidas da plena e at\u00e9 mesmo elementos de jazz, cortesia do saxofone de RaiNao. \u00c9 uma explora\u00e7\u00e3o sensual da vida na ilha, simultaneamente ancorada na nostalgia e na lucha libre do cotidiano. <em>Marcri\u00e1<\/em> \u2013 Este \u00e9 um \u00e1lbum para ouvir no carro, voltando de um longo dia na praia, com o cabelo salgado e a pele pegajosa, desconectando-se da realidade, olhando pela janela para as \u00e1rvores, o c\u00e9u e as nuvens que dominam a paisagem e deixando seus pensamentos vagarem livremente.<\/p>\n<p> No entanto, nada na m\u00fasica \u00e9 acidental. RaiNao \u00e9 uma compositora exigente. &quot;Nesses arranjos, eu tinha uma ideia muito precisa de como minha voz deveria soar, quais instrumentos eu queria ouvir&quot;, explica ela, embora isso n\u00e3o signifique que n\u00e3o estivesse aberta \u00e0 experimenta\u00e7\u00e3o. &quot;\u00c9 surpreendente o quanto disso veio das ideias dos produtores, simplesmente me permitindo ser levada pelo processamento sensorial e ver quais sons ouvimos, quais instrumentos nos atraem.&quot; Ela trabalha deliberadamente; n\u00e3o h\u00e1 can\u00e7\u00f5es prontas, e ela j\u00e1 est\u00e1 pensando em futuros colaboradores. <em>Markria<\/em> O \u00e1lbum conta com uma lista impressionante de artistas convidados, incluindo lendas da m\u00fasica porto-riquenha e caribenha, como a banda de reggae Cultura Prof\u00e9tica, o cantor de salsa Andy Monta\u00f1ez e a cantora cubana Omara Portuondo (que contribuiu para o \u00e1lbum hist\u00f3rico). <em>Clube Social Buena Vista<\/em> &quot;Ou\u00e7o Andy e Omara desde o in\u00edcio, ent\u00e3o \u00e9 um sonho para mim convid\u00e1-los aqui e imortalizar suas vozes, que s\u00e3o t\u00e3o importantes para o Caribe&quot;, diz ela. Embora RaiNao ainda possa ser considerada tecnicamente uma artista emergente, ela tamb\u00e9m acredita que \u00e9 importante dar espa\u00e7o a outros m\u00fasicos independentes promissores, como Solo Fernandez, Matt Louis e Frido Vargas, que tamb\u00e9m est\u00e3o tendo seu momento de brilhar.<\/p>\n<p> RaiNao chamou a aten\u00e7\u00e3o pela primeira vez em 2022 com o lan\u00e7amento de seu EP. <em>agora tamb\u00e9m conhecida como Nao<\/em> , o que chamou a aten\u00e7\u00e3o de Bad Bunny, que a convidou para se apresentar em seus in\u00fameros shows em Porto Rico ap\u00f3s o lan\u00e7amento do \u00e1lbum. <em>Um Ver\u00e3o Sem Ti; um<\/em> Mais tarde, a convidou para trabalhar na m\u00fasica &quot;PERFUMITO NUEVO&quot; do \u00e1lbum recordista do ano passado. <em>Debi Tirar Mas Fotos.<\/em> A m\u00fasica sempre fez parte da vida dela \u2014 seu pai tamb\u00e9m \u00e9 m\u00fasico \u2014, mas ela nunca imaginou seguir carreira na \u00e1rea. \u00abDescobri minha voz na igreja, mas n\u00e3o era algo que eu quisesse desenvolver; eu tinha um pouco de medo do palco\u00bb, lembra. Ela frequentou a renomada Escuela Libre de M\u00fasica de Porto Rico, onde estudou saxofone (\u00abEu adorava a Lisa Simpson\u00bb) e teoria musical, mas n\u00e3o seguiu essa \u00e1rea como sua principal na faculdade. \u00abTentei biologia por um breve per\u00edodo \u2014 n\u00e3o deu certo \u2014 e depois estudei cinema e teatro na Universidade de Porto Rico. Sempre quis ser atriz desde crian\u00e7a e realmente achei que poderia ganhar a vida com isso; mas a\u00ed, como sempre, a m\u00fasica simplesmente me atingiu em cheio.\u00bb Embora sua m\u00fasica tenha elementos cinematogr\u00e1ficos, ela considera RaiNao uma express\u00e3o de si mesma, n\u00e3o uma personagem que criou. \u00abRaiNao me ajuda a superar um pouco a minha timidez \u2014 acho que o teatro tamb\u00e9m me ajudou muito nesse sentido \u2014, mas acho que sou apenas eu, uma vers\u00e3o melhorada de mim mesma.\u00bb.<\/p>\n<p> <strong>Voc\u00ea tamb\u00e9m pode gostar<\/strong><\/p>\n<ul>\n<li>\n<p> A carreira de Grace Jones na fotografia.<\/p>\n<\/li>\n<li>\n<p> A evolu\u00e7\u00e3o do estilo de Michelle Pfeiffer ao longo dos anos<\/p>\n<\/li>\n<li>\n<p> A evolu\u00e7\u00e3o do estilo de Goldie Hawn ao longo dos anos<\/p>\n<\/li>\n<\/ul>","protected":false},"excerpt":{"rendered":"<p>\u00ab&quot;A Hearst Magazines e o Yahoo podem receber comiss\u00f5es ou receita de alguns produtos vendidos atrav\u00e9s desses links.&quot; Trabalho no \u00faltimo \u00e1lbum do RaiNao, Marcri\u00e1 (porto-riquenho\u2026<\/p>","protected":false},"author":1,"featured_media":10198,"comment_status":"open","ping_status":"closed","sticky":false,"template":"","format":"standard","meta":{"footnotes":""},"categories":[7],"tags":[],"class_list":["post-10197","post","type-post","status-publish","format-standard","has-post-thumbnail","hentry","category-muzyka","hvn-theme-has-thumbnail"],"_links":{"self":[{"href":"https:\/\/imgist.ru\/pt\/wp-json\/wp\/v2\/posts\/10197","targetHints":{"allow":["GET"]}}],"collection":[{"href":"https:\/\/imgist.ru\/pt\/wp-json\/wp\/v2\/posts"}],"about":[{"href":"https:\/\/imgist.ru\/pt\/wp-json\/wp\/v2\/types\/post"}],"author":[{"embeddable":true,"href":"https:\/\/imgist.ru\/pt\/wp-json\/wp\/v2\/users\/1"}],"replies":[{"embeddable":true,"href":"https:\/\/imgist.ru\/pt\/wp-json\/wp\/v2\/comments?post=10197"}],"version-history":[{"count":0,"href":"https:\/\/imgist.ru\/pt\/wp-json\/wp\/v2\/posts\/10197\/revisions"}],"wp:featuredmedia":[{"embeddable":true,"href":"https:\/\/imgist.ru\/pt\/wp-json\/wp\/v2\/media\/10198"}],"wp:attachment":[{"href":"https:\/\/imgist.ru\/pt\/wp-json\/wp\/v2\/media?parent=10197"}],"wp:term":[{"taxonomy":"category","embeddable":true,"href":"https:\/\/imgist.ru\/pt\/wp-json\/wp\/v2\/categories?post=10197"},{"taxonomy":"post_tag","embeddable":true,"href":"https:\/\/imgist.ru\/pt\/wp-json\/wp\/v2\/tags?post=10197"}],"curies":[{"name":"wp","href":"https:\/\/api.w.org\/{rel}","templated":true}]}}