{"id":10407,"date":"2026-06-03T23:19:13","date_gmt":"2026-06-03T20:19:13","guid":{"rendered":"https:\/\/imgist.ru\/dzho-dzhonas-zayavil-chto-on-blagodaren-za-vozmozhnost-sovmestno-vospityvat-rebenka-s-sofi-terner\/"},"modified":"2026-06-03T23:19:13","modified_gmt":"2026-06-03T20:19:13","slug":"joe-jonas-disse-estar-grato-pela-oportunidade-de-criar-o-filho-em-conjunto-com-sofie-turner","status":"publish","type":"post","link":"https:\/\/imgist.ru\/pt\/dzho-dzhonas-zayavil-chto-on-blagodaren-za-vozmozhnost-sovmestno-vospityvat-rebenka-s-sofi-terner\/","title":{"rendered":"Joe Jonas disse estar &quot;grato&quot; por poder compartilhar a cria\u00e7\u00e3o da filha com Sophie Turner."},"content":{"rendered":"<p>Joe Jonas est\u00e1 falando sobre paternidade em um clima mais descontra\u00eddo do que aquele que cercou sua separa\u00e7\u00e3o de Sophie Turner.<\/p>\n<p> Durante um epis\u00f3dio do podcast iHeartRadio <em>Ei, Jonas!<\/em> No dia 2 de junho, programa que apresenta com os irm\u00e3os Nick e Kevin Jonas, o cantor dos Jonas Brothers compartilhou not\u00edcias raras sobre a cria\u00e7\u00e3o compartilhada dos filhos com Turner. A revista Us Weekly noticiou que Jonas se descreveu como pai solteiro e expressou gratid\u00e3o pela oportunidade de dividir as responsabilidades parentais com sua ex-esposa.<\/p>\n<p> Jonas e Turner t\u00eam duas filhas, Willa, de 5 anos, e Delphine, de 3. O ex-casal finalizou o div\u00f3rcio em 2024, ap\u00f3s uma separa\u00e7\u00e3o p\u00fablica e uma disputa pela guarda das crian\u00e7as.<\/p>\n<h2> Jonas disse que suas filhas lhe deram um senso de prop\u00f3sito na vida.<\/h2>\n<p> \u00ab&quot;Sou pai solteiro e estou criando meus filhos com a m\u00e3e deles&quot;, disse Jonas no podcast, segundo a Us Weekly. &quot;Acho que meus filhos me deram um novo prop\u00f3sito na vida.&quot;.<\/p>\n<p> A revista Entertainment Weekly noticiou que Jonas afirmou que suas filhas s\u00e3o agora a raz\u00e3o pela qual ele faz o que faz. Ele explicou que trabalha muito quando est\u00e1 longe delas para poder aproveitar o tempo que passa com elas.<\/p>\n<p> Jonas tamb\u00e9m disse que os abra\u00e7os de suas filhas podem mudar at\u00e9 os momentos mais tristes de sua vida. Ele n\u00e3o via a paternidade como um motivo para falar sobre div\u00f3rcio. Ele a descreveu como a parte de sua vida que o mant\u00e9m com os p\u00e9s no ch\u00e3o.<\/p>\n<h2> Ele disse que era grato a Turner por ser seu co-pai.<\/h2>\n<p> O momento mais marcante da atualiza\u00e7\u00e3o foi quando Jonas falou sobre criar filhos com Turner.<\/p>\n<p> Segundo a Us Weekly, Jonas disse estar grato por ter uma parceira na cria\u00e7\u00e3o dos filhos que o ajuda a superar at\u00e9 os momentos dif\u00edceis. Ele tamb\u00e9m reconheceu a import\u00e2ncia da rede de apoio que o ajudou a lidar com a paternidade ap\u00f3s o div\u00f3rcio.<\/p>\n<p> A Entertainment Weekly observou que Jonas j\u00e1 elogiou Turner por suas habilidades como m\u00e3e, dizendo que seus filhos t\u00eam uma &quot;m\u00e3e maravilhosa&quot; e que ele tem sorte de criar suas filhas com algu\u00e9m que tamb\u00e9m coloca os interesses delas em primeiro lugar.<\/p>\n<h2> O div\u00f3rcio come\u00e7ou com uma disputa pela guarda dos filhos.<\/h2>\n<p> Jonas entrou com o pedido de div\u00f3rcio de Turner em setembro de 2023, ap\u00f3s quatro anos de casamento.<\/p>\n<p> Na \u00e9poca, os ex-c\u00f4njuges divulgaram uma declara\u00e7\u00e3o conjunta anunciando o acordo m\u00fatuo para o fim do casamento e solicitando privacidade para si e para os filhos. O div\u00f3rcio logo se complicou quando a guarda e os detalhes das viagens das filhas vieram a p\u00fablico.<\/p>\n<p> Foi noticiado anteriormente que, em 2023, Turner entrou com um processo exigindo o retorno de seus filhos \u00e0 Inglaterra, alegando que Jonas havia confiscado seus passaportes. Jonas, por meio de seu representante, negou as acusa\u00e7\u00f5es.<\/p>\n<p> A disputa posteriormente se aproximou de uma resolu\u00e7\u00e3o. Segundo relatos, Jonas e Turner chegaram a um acordo de cust\u00f3dia provis\u00f3ria em outubro de 2023, e Turner retirou suas alega\u00e7\u00f5es em janeiro de 2024.<\/p>\n<h2> Posteriormente, eles chegaram a uma abordagem mais pac\u00edfica em rela\u00e7\u00e3o \u00e0 cria\u00e7\u00e3o compartilhada dos filhos.<\/h2>\n<p> Em setembro de 2024, a revista People noticiou que Jonas e Turner haviam finalizado o div\u00f3rcio e estavam se dedicando a criar as filhas juntos.<\/p>\n<p> Uma fonte disse \u00e0 publica\u00e7\u00e3o na \u00e9poca que o ex-casal havia &quot;dado a volta por cima&quot; ap\u00f3s a batalha judicial anterior pela cust\u00f3dia dos filhos e estava focado no que era melhor para Willa e Delphine.<\/p>\n<p> Turner tamb\u00e9m tem sido cautelosa em rela\u00e7\u00e3o \u00e0 cria\u00e7\u00e3o dos filhos com Jonas. Em uma entrevista de 2024 para a Vogue brit\u00e2nica, citada pela Entertainment Weekly, ela disse que Jonas \u00e9 um pai maravilhoso e que eles est\u00e3o fazendo o melhor que podem.<\/p>\n<p> Os coment\u00e1rios recentes de Jonas no podcast s\u00e3o coerentes com essa abordagem. Ele n\u00e3o se deteve nos processos judiciais. Falou sobre trabalhar enquanto as filhas est\u00e3o fora, a import\u00e2ncia de valorizar o tempo que passa com elas e como n\u00e3o precisa enfrentar momentos dif\u00edceis sozinho.<\/p>","protected":false},"excerpt":{"rendered":"<p>Joe Jonas fala sobre paternidade em um clima mais descontra\u00eddo do que aquele que cercou sua separa\u00e7\u00e3o de Sophie Turner. Durante um epis\u00f3dio do podcast Hey Jonas! da iHeartRadio\u2026<\/p>","protected":false},"author":1,"featured_media":10408,"comment_status":"open","ping_status":"closed","sticky":false,"template":"","format":"standard","meta":{"footnotes":""},"categories":[5],"tags":[],"class_list":["post-10407","post","type-post","status-publish","format-standard","has-post-thumbnail","hentry","category-selebriti","hvn-theme-has-thumbnail"],"_links":{"self":[{"href":"https:\/\/imgist.ru\/pt\/wp-json\/wp\/v2\/posts\/10407","targetHints":{"allow":["GET"]}}],"collection":[{"href":"https:\/\/imgist.ru\/pt\/wp-json\/wp\/v2\/posts"}],"about":[{"href":"https:\/\/imgist.ru\/pt\/wp-json\/wp\/v2\/types\/post"}],"author":[{"embeddable":true,"href":"https:\/\/imgist.ru\/pt\/wp-json\/wp\/v2\/users\/1"}],"replies":[{"embeddable":true,"href":"https:\/\/imgist.ru\/pt\/wp-json\/wp\/v2\/comments?post=10407"}],"version-history":[{"count":0,"href":"https:\/\/imgist.ru\/pt\/wp-json\/wp\/v2\/posts\/10407\/revisions"}],"wp:featuredmedia":[{"embeddable":true,"href":"https:\/\/imgist.ru\/pt\/wp-json\/wp\/v2\/media\/10408"}],"wp:attachment":[{"href":"https:\/\/imgist.ru\/pt\/wp-json\/wp\/v2\/media?parent=10407"}],"wp:term":[{"taxonomy":"category","embeddable":true,"href":"https:\/\/imgist.ru\/pt\/wp-json\/wp\/v2\/categories?post=10407"},{"taxonomy":"post_tag","embeddable":true,"href":"https:\/\/imgist.ru\/pt\/wp-json\/wp\/v2\/tags?post=10407"}],"curies":[{"name":"wp","href":"https:\/\/api.w.org\/{rel}","templated":true}]}}