{"id":10440,"date":"2026-06-03T23:58:38","date_gmt":"2026-06-03T20:58:38","guid":{"rendered":"https:\/\/imgist.ru\/kak-uvidet-veneru-i-yupiter-na-nebe-v-etom-mesyacze\/"},"modified":"2026-08-29T12:05:00","modified_gmt":"2026-08-29T09:05:00","slug":"como-venus-e-jupiter-poderao-ser-vistos-no-ceu-este-mes","status":"publish","type":"post","link":"https:\/\/imgist.ru\/pt\/kak-uvidet-veneru-i-yupiter-na-nebe-v-etom-mesyacze\/","title":{"rendered":"Como observar V\u00eanus e J\u00fapiter no c\u00e9u neste m\u00eas"},"content":{"rendered":"<h3>PRECISA SABER<\/h3>\n<ul>\n<li>\n<p> Nos dias 8 e 9 de junho, V\u00eanus e J\u00fapiter formar\u00e3o uma rara conjun\u00e7\u00e3o, aparecendo excepcionalmente pr\u00f3ximos um do outro no c\u00e9u noturno.<\/p>\n<\/li>\n<li>\n<p> Merc\u00fario tamb\u00e9m pode ser vis\u00edvel abaixo desse par, embora seja mais dif\u00edcil de notar devido \u00e0 sua posi\u00e7\u00e3o baixa.<\/p>\n<\/li>\n<li>\n<p> O melhor momento para observar esse fen\u00f4meno celeste \u00e9 a olho nu, logo ap\u00f3s o p\u00f4r do sol, em locais com horizonte oeste desimpedido.<\/p>\n<\/li>\n<\/ul>\n<p> O espa\u00e7o brilha!<\/p>\n<p> Em junho, no Hemisf\u00e9rio Norte, as noites s\u00e3o as mais curtas do ano, mas o c\u00e9u ainda oferece um belo espet\u00e1culo ap\u00f3s o p\u00f4r do sol.<\/p>\n<p> Este m\u00eas, V\u00eanus e J\u00fapiter \u2014 os dois planetas mais brilhantes vis\u00edveis da Terra e considerados &quot;grandes ben\u00e9ficos&quot; na astrologia \u2014 estar\u00e3o em conjun\u00e7\u00e3o, baixos no c\u00e9u ocidental ap\u00f3s o p\u00f4r do sol, criando um dos momentos mais encantadores de junho para os observadores do c\u00e9u.<\/p>\n<p> V\u00eanus, por exemplo, est\u00e1 especialmente atraente agora, brilhando como uma brilhante &quot;estrela vespertina&quot;, enquanto<\/p>\n<p> J\u00fapiter cintila nas proximidades, para depois mergulhar gradualmente no crep\u00fasculo.<\/p>\n<p> Entre segunda-feira, 8 de junho, e ter\u00e7a-feira, 9 de junho, os dois planetas estar\u00e3o especialmente pr\u00f3ximos um do outro, criando uma conjun\u00e7\u00e3o favor\u00e1vel que poder\u00e1 ser observada sem bin\u00f3culos ou telesc\u00f3pio.<\/p>\n<p> Merc\u00fario tamb\u00e9m estar\u00e1 presente no cen\u00e1rio celeste durante parte do m\u00eas, fazendo com que o c\u00e9u noturno pare\u00e7a excepcionalmente ativo.<\/p>\n<p> Astrologicamente falando, todos os tr\u00eas planetas est\u00e3o atualmente transitando pelo signo de C\u00e2ncer, onde Merc\u00fario eventualmente entrar\u00e1 em movimento retr\u00f3grado.<\/p>\n<p> Enquanto isso, continue lendo para descobrir tudo o que voc\u00ea precisa saber sobre este evento extraordin\u00e1rio.<\/p>\n<h2> Quando ser\u00e1 poss\u00edvel ver V\u00eanus e J\u00fapiter? <\/h2>\n<p> V\u00eanus e Saturno. Foto: Petar Petrov \/ Impact Press Group \/ NurPhoto via Getty<\/p>\n<p> V\u00eanus e J\u00fapiter estar\u00e3o vis\u00edveis ap\u00f3s o p\u00f4r do sol no in\u00edcio de junho, sendo o melhor hor\u00e1rio para observa\u00e7\u00e3o logo ap\u00f3s o p\u00f4r do sol, quando o c\u00e9u come\u00e7a a escurecer.<\/p>\n<p> Por volta de segunda-feira, 8 de junho, e ter\u00e7a-feira, 9 de junho, os planetas estar\u00e3o em seu ponto mais pr\u00f3ximo um do outro, com V\u00eanus e J\u00fapiter separados por cerca de 1,5 a 1,6 graus no c\u00e9u, de acordo com o EarthSky.<\/p>\n<p> Eles ainda podem ser vistos pr\u00f3ximos um do outro nas noites pr\u00f3ximas - especialmente entre 9 e 11 de junho - se o tempo permitir.<\/p>\n<p> No entanto, a janela de observa\u00e7\u00e3o ser\u00e1 curta, j\u00e1 que ambos os planetas estar\u00e3o baixos no c\u00e9u ao entardecer. Isso significa que os observadores do c\u00e9u t\u00eam cerca de uma hora entre o p\u00f4r do sol e o momento em que V\u00eanus e J\u00fapiter desaparecem no horizonte, portanto, \u00e9 melhor sair logo ap\u00f3s o p\u00f4r do sol, em vez de esperar at\u00e9 que o c\u00e9u esteja completamente escuro.<\/p>\n<h2> Onde V\u00eanus e J\u00fapiter ser\u00e3o vis\u00edveis?<\/h2>\n<p> Ap\u00f3s o p\u00f4r do sol, olhe para baixo, na dire\u00e7\u00e3o oeste!<\/p>\n<p> V\u00eanus e J\u00fapiter estar\u00e3o vis\u00edveis pr\u00f3ximos ao horizonte, portanto, pr\u00e9dios, \u00e1rvores, colinas ou paisagens urbanas podem facilmente obstruir a vis\u00e3o. Idealmente, as melhores oportunidades de observa\u00e7\u00e3o ser\u00e3o em uma praia, um campo aberto ou um local com uma vista ampla e desobstru\u00edda do horizonte oeste.<\/p>\n<p> V\u00eanus ser\u00e1 o mais brilhante dos dois corpos celestes, aparecendo como um ponto de luz branca deslumbrante. J\u00fapiter, por outro lado, estar\u00e1 vis\u00edvel nas proximidades, um pouco mais fraco, mas ainda brilhante o suficiente para se destacar no crep\u00fasculo.<\/p>\n<p> Merc\u00fario tamb\u00e9m poder\u00e1 ser vis\u00edvel abaixo desse par para observadores com um horizonte oeste bem desimpedido, embora seja mais dif\u00edcil de avistar por estar mais baixo na parte mais brilhante do c\u00e9u.<\/p>\n<h2> Como ver V\u00eanus e J\u00fapiter? <\/h2>\n<p> A Lua e J\u00fapiter. Foto: Cheng Xin\/Getty<\/p>\n<p> Comece a sair (ou olhar para cima) cerca de 30 a 45 minutos ap\u00f3s o p\u00f4r do sol, quando o sol j\u00e1 se p\u00f4s completamente abaixo da linha do horizonte.<\/p>\n<p> Olhe para oeste e examine o horizonte na parte inferior para encontrar a &quot;estrela&quot; mais brilhante, que na verdade \u00e9 nada menos que a deslumbrante V\u00eanus. J\u00fapiter estar\u00e1 pr\u00f3ximo, mas parecer\u00e1 um pouco menos brilhante.<\/p>\n<p> Mas entre segunda-feira, 8 de junho, e ter\u00e7a-feira, 9 de junho, as duas regi\u00f5es estar\u00e3o excepcionalmente pr\u00f3ximas uma da outra.<\/p>\n<p> A melhor parte? Voc\u00ea n\u00e3o precisa de um telesc\u00f3pio. Na verdade, essa conjun\u00e7\u00e3o \u00e9 melhor observada a olho nu, pois os planetas est\u00e3o brilhantes e pr\u00f3ximos do horizonte.<\/p>\n<p> Bin\u00f3culos podem ajudar se voc\u00ea estiver tentando encontrar Merc\u00fario abaixo de V\u00eanus e J\u00fapiter, mas tente n\u00e3o usar nenhum equipamento antes do p\u00f4r do sol.<\/p>\n<p> Leia o artigo original na revista People.<\/p>","protected":false},"excerpt":{"rendered":"<p>\u00c9 IMPORTANTE SABER: Nos dias 8 e 9 de junho, V\u00eanus e J\u00fapiter formar\u00e3o uma rara conjun\u00e7\u00e3o, aparecendo excepcionalmente pr\u00f3ximos um do outro no c\u00e9u noturno. Merc\u00fario tamb\u00e9m poder\u00e1\u2026<\/p>","protected":false},"author":1,"featured_media":10441,"comment_status":"open","ping_status":"closed","sticky":false,"template":"","format":"standard","meta":{"footnotes":""},"categories":[2],"tags":[],"class_list":["post-10440","post","type-post","status-publish","format-standard","has-post-thumbnail","hentry","category-news","hvn-theme-has-thumbnail"],"_links":{"self":[{"href":"https:\/\/imgist.ru\/pt\/wp-json\/wp\/v2\/posts\/10440","targetHints":{"allow":["GET"]}}],"collection":[{"href":"https:\/\/imgist.ru\/pt\/wp-json\/wp\/v2\/posts"}],"about":[{"href":"https:\/\/imgist.ru\/pt\/wp-json\/wp\/v2\/types\/post"}],"author":[{"embeddable":true,"href":"https:\/\/imgist.ru\/pt\/wp-json\/wp\/v2\/users\/1"}],"replies":[{"embeddable":true,"href":"https:\/\/imgist.ru\/pt\/wp-json\/wp\/v2\/comments?post=10440"}],"version-history":[{"count":2,"href":"https:\/\/imgist.ru\/pt\/wp-json\/wp\/v2\/posts\/10440\/revisions"}],"predecessor-version":[{"id":154246,"href":"https:\/\/imgist.ru\/pt\/wp-json\/wp\/v2\/posts\/10440\/revisions\/154246"}],"wp:featuredmedia":[{"embeddable":true,"href":"https:\/\/imgist.ru\/pt\/wp-json\/wp\/v2\/media\/10441"}],"wp:attachment":[{"href":"https:\/\/imgist.ru\/pt\/wp-json\/wp\/v2\/media?parent=10440"}],"wp:term":[{"taxonomy":"category","embeddable":true,"href":"https:\/\/imgist.ru\/pt\/wp-json\/wp\/v2\/categories?post=10440"},{"taxonomy":"post_tag","embeddable":true,"href":"https:\/\/imgist.ru\/pt\/wp-json\/wp\/v2\/tags?post=10440"}],"curies":[{"name":"wp","href":"https:\/\/api.w.org\/{rel}","templated":true}]}}