{"id":10639,"date":"2026-06-04T01:13:51","date_gmt":"2026-06-03T22:13:51","guid":{"rendered":"https:\/\/imgist.ru\/rejchel-meddou-priglasila-skotta-pelli-na-svoe-shou-posle-ego-uvolneniya\/"},"modified":"2026-08-29T12:05:12","modified_gmt":"2026-08-29T09:05:12","slug":"apos-a-demissao-de-scott-pelli-rachel-meddow-o-convidou-para-seu-programa","status":"publish","type":"post","link":"https:\/\/imgist.ru\/pt\/rejchel-meddou-priglasila-skotta-pelli-na-svoe-shou-posle-ego-uvolneniya\/","title":{"rendered":"Rachel Maddow convidou Scott Pelley para participar de seu programa depois que ele foi demitido."},"content":{"rendered":"<p>Hospedagem MS NOW <strong>Rachel Maddow<\/strong> apoiado publicamente <strong>Scott Pelley<\/strong> Ap\u00f3s a CBS anunciar a demiss\u00e3o da jornalista veterana em 2 de junho, Maddow, falando naquela noite durante a cobertura das prim\u00e1rias da MSNBC, disse que esperava que Pelley estivesse &quot;bem aqui&quot;, referindo-se \u00e0 MSNBC.<\/p>\n<p> Maddow comentou sobre sua demiss\u00e3o ao vivo, lendo trechos de uma carta de demiss\u00e3o enviada pelo novo produtor executivo do programa. <em>\u00ab60 minutos\u00bb<\/em> <strong>Nick Bilton<\/strong> . Na carta, Bilton acusou Pelley de &quot;emboscada&quot; e de &quot;interromper&quot; uma reuni\u00e3o de equipe com o objetivo de &quot;denegri-lo&quot;.<\/p>\n<p> Maddow descreveu a nomea\u00e7\u00e3o de Bilton como &quot;uma esp\u00e9cie de tomada de poder olig\u00e1rquica descarada, ao estilo h\u00fangaro, desta organiza\u00e7\u00e3o de not\u00edcias&quot;, acrescentando que leva a compara\u00e7\u00e3o &quot;completamente a s\u00e9rio&quot;. <\/p>\n<p> Nick Bilton n\u00e3o \u00e9 um veterano da televis\u00e3o, ent\u00e3o sua nomea\u00e7\u00e3o como apresentador do &quot;60 Minutes&quot; gerou controv\u00e9rsia imediata. Autor: Rich Roll \/ YouTube<\/p>\n<p> \u00ab&quot;Ningu\u00e9m entende o valor da liberdade de imprensa com mais clareza do que aqueles que est\u00e3o tentando acabar com ela&quot;, disse Maddow. &quot;Quando um presidente diz abertamente: &#039;Vou usar o poder do Estado para obter a m\u00eddia que eu quero&#039;, e ele est\u00e1 recrutando seus amigos na elite olig\u00e1rquica para fazer isso \u2014 novamente, n\u00e3o h\u00e1 nenhuma pretens\u00e3o a\u00ed. N\u00e3o h\u00e1 base para alegar que isso est\u00e1 sendo feito por qualquer outro motivo.&quot;. <\/p>\n<p> Maddow disse que espera que Pelley &quot;esteja na televis\u00e3o amanh\u00e3&quot; e continue a defender a liberdade de imprensa. Autor: William T. Wade Jr. \/ \u00a92013 RAMEY PHOTO \/ MEGA<\/p>\n<p> Maddow deixou claro que quer que Pelley continue na televis\u00e3o.<\/p>\n<p> \u00ab&quot;Espero que ele esteja na televis\u00e3o amanh\u00e3&quot;, disse ela. &quot;E espero que todos no jornalismo e todos que valorizam a liberdade de imprensa encontrem maneiras de superar aqueles que est\u00e3o tentando nos tirar essa liberdade.&quot;.<\/p>\n<p> Ela acrescentou: &quot;Mas, neste momento, trata-se de uma briga declarada. E n\u00e3o h\u00e1 motivos para acreditar que algo mais estivesse acontecendo.&quot;.<\/p>\n<h2> Weiss comenta a sa\u00edda de Pelley.<\/h2>\n<p> Na manh\u00e3 seguinte <strong>Bari Weiss<\/strong> A CBS informou aos seus funcion\u00e1rios que &quot;apesar dos nossos esfor\u00e7os para contatar Scott Pelley e encontrar uma maneira de retomar nossa colabora\u00e7\u00e3o, infelizmente, n\u00e3o conseguimos e, portanto, tivemos que nos separar&quot;.<\/p>\n<p> Pelley negou essa alega\u00e7\u00e3o.<\/p>\n<p> \u00ab&quot;Bari Weiss sabe que o que ela disse n\u00e3o \u00e9 verdade. Na reuni\u00e3o de ter\u00e7a-feira, onde fui efetivamente demitido, n\u00e3o houve nenhuma tentativa de &#039;encontrar um caminho de volta&#039;, como Weiss disse na reuni\u00e3o editorial&quot;, afirmou ele. <em>O jornal The New York Times<\/em> . &quot;Em nenhum momento da reuni\u00e3o de ter\u00e7a-feira foi sugerido que qualquer uma das partes pudesse tomar medidas que levassem a uma resolu\u00e7\u00e3o do conflito.&quot;.<\/p>\n<h2> Declara\u00e7\u00e3o de Pelley<\/h2>\n<p> Em uma declara\u00e7\u00e3o ap\u00f3s sua demiss\u00e3o, Pelley acusou os novos propriet\u00e1rios da CBS de priorizarem la\u00e7os pol\u00edticos em detrimento da \u00e9tica jornal\u00edstica.<\/p>\n<p> \u00ab&quot;Quanto a mim, fui incumbido pela nova gest\u00e3o de introduzir falsidades e parcialidade em uma mat\u00e9ria politicamente delicada&quot;, disse Pelley. &quot;Disseram-me para incluir alega\u00e7\u00f5es sem fundamento.&quot;. <\/p>\n<p> O programa &quot;Late Show&quot; de Stephen Colbert foi cancelado pela CBS poucas semanas antes da demiss\u00e3o de Pelley; Colbert tamb\u00e9m foi um cr\u00edtico ferrenho de Trump durante sua passagem pelo programa. Autor: Jeffrey Mayer\/JTMPhotos, Int&#039;l. \/ MEGA<\/p>\n<p> Ele tamb\u00e9m relacionou sua demiss\u00e3o ao clima pol\u00edtico em torno da empresa controladora, a CBS. <\/p>\n<p> Segundo relatos, Lesley Stahl foi retirada da entrevista por Weiss quando a entrevista com Benjamin Netanyahu foi entregue ao correspondente da CBS, Major Garrett. Foto: JLN Photography\/WENN.com \/ MEGA<\/p>\n<p> \u00ab&quot;Agora, o novo dono da nossa rede est\u00e1 abandonando essa narrativa, aparentemente para ganhar a simpatia do governo Trump. \u00c9 simplesmente de partir o cora\u00e7\u00e3o&quot;, escreveu ele.<\/p>\n<p> Pelley afirmou que <em>Programa 60 Minutos\u00ab<\/em> Perdeu sua identidade depois que sua alta administra\u00e7\u00e3o e dois correspondentes importantes foram demitidos sem explica\u00e7\u00e3o.<\/p>\n<p> \u00ab&quot;Deixo a CBS ap\u00f3s 37 anos com um \u00fanico sentimento: o cora\u00e7\u00e3o transbordando de gratid\u00e3o pelos homens e mulheres da CBS News que apoiaram e enriqueceram meu trabalho, muitas vezes correndo grandes riscos pessoais&quot;, disse ele.<\/p>\n<h2> A liga\u00e7\u00e3o Maddow-Pelley<\/h2>\n<p> Maddow e Pelley compartilham uma conex\u00e3o significativa por meio da comunidade jornal\u00edstica. Ambos estiveram entre os agraciados com o Pr\u00eamio Walter Cronkite de Excel\u00eancia em Jornalismo Pol\u00edtico de 2025 e compareceram \u00e0 cerim\u00f4nia de 12 de dezembro no National Press Club em Washington, D.C.<\/p>\n<p> Pelley foi reconhecido por seu segmento &quot;Estado de Direito&quot; no programa &quot;\u00ab <em>60 minutos<\/em> \u00bb&quot;, e o programa de Maddow ganhou um pr\u00eamio pelo segmento &quot;Tudo, em todo lugar, tudo ao mesmo tempo.&quot;.<\/p>","protected":false},"excerpt":{"rendered":"<p>Rachel Maddow, apresentadora do MS NOW, manifestou publicamente seu apoio a Scott Pelley ap\u00f3s a CBS anunciar, em 2 de junho, a demiss\u00e3o do jornalista veterano. Falando na noite do programa\u2026<\/p>","protected":false},"author":1,"featured_media":10640,"comment_status":"open","ping_status":"closed","sticky":false,"template":"","format":"standard","meta":{"footnotes":""},"categories":[6],"tags":[],"class_list":["post-10639","post","type-post","status-publish","format-standard","has-post-thumbnail","hentry","category-kinoindustriya","hvn-theme-has-thumbnail"],"_links":{"self":[{"href":"https:\/\/imgist.ru\/pt\/wp-json\/wp\/v2\/posts\/10639","targetHints":{"allow":["GET"]}}],"collection":[{"href":"https:\/\/imgist.ru\/pt\/wp-json\/wp\/v2\/posts"}],"about":[{"href":"https:\/\/imgist.ru\/pt\/wp-json\/wp\/v2\/types\/post"}],"author":[{"embeddable":true,"href":"https:\/\/imgist.ru\/pt\/wp-json\/wp\/v2\/users\/1"}],"replies":[{"embeddable":true,"href":"https:\/\/imgist.ru\/pt\/wp-json\/wp\/v2\/comments?post=10639"}],"version-history":[{"count":4,"href":"https:\/\/imgist.ru\/pt\/wp-json\/wp\/v2\/posts\/10639\/revisions"}],"predecessor-version":[{"id":154378,"href":"https:\/\/imgist.ru\/pt\/wp-json\/wp\/v2\/posts\/10639\/revisions\/154378"}],"wp:featuredmedia":[{"embeddable":true,"href":"https:\/\/imgist.ru\/pt\/wp-json\/wp\/v2\/media\/10640"}],"wp:attachment":[{"href":"https:\/\/imgist.ru\/pt\/wp-json\/wp\/v2\/media?parent=10639"}],"wp:term":[{"taxonomy":"category","embeddable":true,"href":"https:\/\/imgist.ru\/pt\/wp-json\/wp\/v2\/categories?post=10639"},{"taxonomy":"post_tag","embeddable":true,"href":"https:\/\/imgist.ru\/pt\/wp-json\/wp\/v2\/tags?post=10639"}],"curies":[{"name":"wp","href":"https:\/\/api.w.org\/{rel}","templated":true}]}}