{"id":10802,"date":"2026-06-04T02:20:59","date_gmt":"2026-06-03T23:20:59","guid":{"rendered":"http:\/\/imgist.ru\/kamila-mendes-nazvala-svoj-lyubimyj-obraz-na-krasnoj-dorozhke-i-tot-ot-kotorogo-ej-do-sih-por-nelovko\/"},"modified":"2026-06-04T02:20:59","modified_gmt":"2026-06-03T23:20:59","slug":"camila-mendes-revelou-qual-foi-seu-look-favorito-no-tapete-vermelho-e-qual-ainda-a-deixa-sem-graca","status":"publish","type":"post","link":"https:\/\/imgist.ru\/pt\/kamila-mendes-nazvala-svoj-lyubimyj-obraz-na-krasnoj-dorozhke-i-tot-ot-kotorogo-ej-do-sih-por-nelovko\/","title":{"rendered":"Camila Mendes revelou seu look favorito no tapete vermelho e aquele que ainda a deixa sem jeito."},"content":{"rendered":"<p>Ao relembrar sua trajet\u00f3ria no tapete vermelho, Camila Mendes adota uma abordagem ponderada ao citar os looks que ainda ama e aqueles que preferiria descartar.<\/p>\n<p> estrela de 31 anos <em>S\u00e9rie de TV &quot;Riverdale&quot;<\/em> \u00bbMendes compartilhou seus melhores e piores momentos no tapete vermelho durante uma brincadeira chamada &quot;Verdade ou Desafio&quot;, promovida pela Who What Wear. Segundo a revista People, Mendes n\u00e3o especificou o evento em que usou seu look &quot;mais rid\u00edculo&quot;, mas observou que a roupa chamou a aten\u00e7\u00e3o porque &quot;n\u00e3o parecia comigo&quot;.<\/p>\n<h2> Seu look favorito era um vestido da estilista Tamara Ralph.<\/h2>\n<p> Ao ser questionada sobre seu look favorito no tapete vermelho, Mendes deu uma resposta clara.<\/p>\n<p> Ela apontou para o vestido Tamara Ralph que usou na festa da Vanity Fair ap\u00f3s o Oscar de 2024. A revista People noticiou que Mendes descreveu o look como um suti\u00e3 dourado escultural com uma saia de veludo preta.<\/p>\n<p> Um vestido da cole\u00e7\u00e3o de Alta Costura Primavera 2024 de Tamara Ralph. No Red Carpet Fashion Awards, foi descrito como um vestido sereia de veludo preto com um corpete ricamente bordado com rosas de cristal dourado.<\/p>\n<h2> Ela n\u00e3o revelou o nome da roupa, algo de que se arrepende.<\/h2>\n<p> Mendes n\u00e3o revelou o motivo pelo qual detestava tanto seu visual.<\/p>\n<p> Segundo relatos, ela descreveu o evento como &quot;importante&quot; e disse que a roupa n\u00e3o era necessariamente feia. Seu problema era mais pessoal: ela sentia que n\u00e3o era seu estilo.<\/p>\n<p> Essa \u00e9 a utilidade da cita\u00e7\u00e3o. Mendes n\u00e3o estava criticando o estilista nem citando o pior exemplo de vestu\u00e1rio. Ela estava descrevendo como \u00e9 usar algo que pode ficar bem em fotos, mas que n\u00e3o combina com quem veste.<\/p>\n<h2> O coment\u00e1rio foi feito durante a coletiva de imprensa que ela recebeu antes de concluir seu mestrado.<\/h2>\n<p> Mendes est\u00e1 atualmente promovendo <em>filme &quot;Mestres do Universo&quot;\u00ab<\/em> , onde ela interpreta Teela, e Nicholas Galitzine interpreta o Pr\u00edncipe Adam e He-Man.<\/p>\n<p> A revista Who What Wear descreveu o filme como o trabalho mais ambicioso de Mendes desde seu papel de destaque como Veronica Lodge em <em>a s\u00e9rie de TV &quot;Riverdale&quot;\u00ab<\/em> .<\/p>\n<p> O papel tamb\u00e9m trouxe Mendes de volta aos holofotes do tapete vermelho, com seus looks de estreia e o estilo usado na turn\u00ea de imprensa atraindo ainda mais aten\u00e7\u00e3o.<\/p>\n<h2> Depois de Riverdale, ela se sentiu mais no controle.<\/h2>\n<p> Depois <em>S\u00e9rie de TV &quot;Riverdale&quot;\u00ab<\/em> Mendes esteve envolvido em diversos projetos, incluindo <em>\u00abVingue-se\u00bb<\/em> , <em>\u00abAtualizado<\/em> \u00bb&quot; E <em>\u00abM\u00fasica\u00bb<\/em> .<\/p>\n<p> Ela tamb\u00e9m \u00e9 cofundadora da produtora Honor Role com Rachel Matthews. Em sua mat\u00e9ria de capa para a revista Who What Wear, Mendes disse que a empresa a ajudou a recuperar sua autonomia e ofereceu outra forma de criar projetos quando n\u00e3o conseguia encontrar trabalhos adequados na ind\u00fastria.<\/p>\n<p> Esse contexto torna sua rea\u00e7\u00e3o no tapete vermelho mais precisa. Mendes n\u00e3o apenas escolhe pap\u00e9is de forma diferente, como tamb\u00e9m entende melhor se a imagem criada em torno deles est\u00e1 alinhada com sua pr\u00f3pria personalidade.<\/p>\n<p> Seu look favorito lhe dava essa sensa\u00e7\u00e3o. Mas a roupa sem nome, n\u00e3o.<\/p>","protected":false},"excerpt":{"rendered":"<p>Ao relembrar sua trajet\u00f3ria no tapete vermelho, Camila Mendes adota uma abordagem ponderada ao escolher o look que ainda ama e aquele que a consagrou...<\/p>","protected":false},"author":1,"featured_media":0,"comment_status":"open","ping_status":"closed","sticky":false,"template":"","format":"standard","meta":{"footnotes":""},"categories":[5],"tags":[],"class_list":["post-10802","post","type-post","status-publish","format-standard","hentry","category-selebriti"],"_links":{"self":[{"href":"https:\/\/imgist.ru\/pt\/wp-json\/wp\/v2\/posts\/10802","targetHints":{"allow":["GET"]}}],"collection":[{"href":"https:\/\/imgist.ru\/pt\/wp-json\/wp\/v2\/posts"}],"about":[{"href":"https:\/\/imgist.ru\/pt\/wp-json\/wp\/v2\/types\/post"}],"author":[{"embeddable":true,"href":"https:\/\/imgist.ru\/pt\/wp-json\/wp\/v2\/users\/1"}],"replies":[{"embeddable":true,"href":"https:\/\/imgist.ru\/pt\/wp-json\/wp\/v2\/comments?post=10802"}],"version-history":[{"count":0,"href":"https:\/\/imgist.ru\/pt\/wp-json\/wp\/v2\/posts\/10802\/revisions"}],"wp:attachment":[{"href":"https:\/\/imgist.ru\/pt\/wp-json\/wp\/v2\/media?parent=10802"}],"wp:term":[{"taxonomy":"category","embeddable":true,"href":"https:\/\/imgist.ru\/pt\/wp-json\/wp\/v2\/categories?post=10802"},{"taxonomy":"post_tag","embeddable":true,"href":"https:\/\/imgist.ru\/pt\/wp-json\/wp\/v2\/tags?post=10802"}],"curies":[{"name":"wp","href":"https:\/\/api.w.org\/{rel}","templated":true}]}}