{"id":10820,"date":"2026-06-04T02:59:25","date_gmt":"2026-06-03T23:59:25","guid":{"rendered":"https:\/\/imgist.ru\/zagryaznenie-vozduha-mozhet-vliyat-na-rabotu-vashego-mozga\/"},"modified":"2026-08-29T12:05:38","modified_gmt":"2026-08-29T09:05:38","slug":"a-poluicao-do-ar-pode-afetar-o-funcionamento-do-seu-cerebro","status":"publish","type":"post","link":"https:\/\/imgist.ru\/pt\/zagryaznenie-vozduha-mozhet-vliyat-na-rabotu-vashego-mozga\/","title":{"rendered":"A polui\u00e7\u00e3o do ar pode afetar o funcionamento do seu c\u00e9rebro."},"content":{"rendered":"<p>Um novo estudo mostra que a polui\u00e7\u00e3o do ar causada por inc\u00eandios florestais impulsionados pelas mudan\u00e7as clim\u00e1ticas, usinas de energia movidas a combust\u00edveis f\u00f3sseis, centros de dados que geram intelig\u00eancia artificial e carros que consomem muito combust\u00edvel pode estar causando lapsos de mem\u00f3ria.<\/p>\n<p> Pesquisadores da UC Davis Health e da Kaiser Permanente relataram na quarta-feira que pessoas expostas aos n\u00edveis mais altos de part\u00edculas microsc\u00f3picas por quase 20 anos tiveram um desempenho pior em testes de mem\u00f3ria que exigiam a recorda\u00e7\u00e3o de fatos, palavras e conhecimentos gerais, em compara\u00e7\u00e3o com aquelas expostas a n\u00edveis mais baixos de polui\u00e7\u00e3o.<\/p>\n<p> Os resultados foram semelhantes ao que os pesquisadores esperariam de 10 anos de envelhecimento normal e afetaram a mem\u00f3ria sem\u00e2ntica: o tipo de mem\u00f3ria mais importante para a vida cotidiana.<\/p>\n<p> \u00ab&quot;A mem\u00f3ria sem\u00e2ntica \u00e9 essencial para a comunica\u00e7\u00e3o, a compreens\u00e3o e a viv\u00eancia no dia a dia&quot;, afirmou a autora principal do estudo, Katherine Conlon, professora assistente do Departamento de Ci\u00eancias da Sa\u00fade Populacional da Universidade da Calif\u00f3rnia, Davis, em um comunicado.<\/p>\n<p> \u00ab&quot;Nossos resultados sugerem que a exposi\u00e7\u00e3o prolongada \u00e0 polui\u00e7\u00e3o do ar n\u00e3o afeta apenas a sa\u00fade f\u00edsica, mas tamb\u00e9m pode influenciar o processo de envelhecimento cerebral, particularmente em \u00e1reas importantes para a independ\u00eancia e a qualidade de vida&quot;, disse ela. <\/p>\n<p> Pesquisadores afirmam que a exposi\u00e7\u00e3o a part\u00edculas finas emitidas por inc\u00eandios florestais e usinas de energia a combust\u00edveis f\u00f3sseis pode afetar a mem\u00f3ria. Adultos que inalaram as maiores quantidades de part\u00edculas PM2,5 apresentaram desempenho inferior em testes de fatos, vocabul\u00e1rio e conhecimento (Getty Images).<\/p>\n<p> O impacto em todos os tipos de mem\u00f3ria n\u00e3o foi o mesmo.<\/p>\n<p> Testes de mem\u00f3ria epis\u00f3dica verbal, ou seja, a capacidade de recordar eventos e experi\u00eancias espec\u00edficas, e de fun\u00e7\u00e3o executiva, que ajuda as pessoas a se concentrarem e a lembrarem de instru\u00e7\u00f5es, n\u00e3o encontraram nenhum efeito da polui\u00e7\u00e3o por PM2,5, emitida por usinas termel\u00e9tricas a carv\u00e3o, ve\u00edculos e fontes industriais.<\/p>\n<p> Os pesquisadores argumentam que isso indica uma diminui\u00e7\u00e3o da atividade em \u00e1reas espec\u00edficas e bem definidas da mem\u00f3ria, e n\u00e3o no n\u00edvel geral de intelig\u00eancia da pessoa.<\/p>\n<p> Os dados para o estudo foram obtidos do Estudo de Envelhecimento Saud\u00e1vel de Afro-americanos da Kaiser Permanente de 2017, que incluiu a maioria dos 750 participantes adultos do estudo que viviam na \u00e1rea da Ba\u00eda de S\u00e3o Francisco, na Calif\u00f3rnia.<\/p>\n<p> Os pesquisadores determinaram o n\u00edvel de exposi\u00e7\u00e3o \u00e0 polui\u00e7\u00e3o dos participantes identificando os n\u00edveis aproximados de polui\u00e7\u00e3o em suas casas ao longo de 17 anos.<\/p>\n<p> Suas habilidades cognitivas foram avaliadas por meio de testes aplicados aos cinco, dez e dezessete anos de idade.<\/p>\n<h2> Doen\u00e7a desproporcional <\/h2>\n<p> Um jovem observa a destrui\u00e7\u00e3o da casa de sua fam\u00edlia ap\u00f3s o inc\u00eandio de Eaton em Altadena, Calif\u00f3rnia, em janeiro de 2025. Afro-americanos t\u00eam maior risco de desenvolver dem\u00eancia (AFP via Getty Images).<\/p>\n<p> Segundo a Funda\u00e7\u00e3o Alzheimer, os afro-americanos t\u00eam o dobro da probabilidade de desenvolver a doen\u00e7a de Alzheimer e outras formas de dem\u00eancia em compara\u00e7\u00e3o com os americanos brancos.<\/p>\n<p> Pesquisas anteriores mostram que esse grupo apresenta mais fatores de risco para doen\u00e7as, como diabetes e hipertens\u00e3o, e que pessoas com pele escura t\u00eam uma probabilidade desproporcionalmente maior de viver em \u00e1reas mais afetadas pela polui\u00e7\u00e3o ambiental.<\/p>\n<p> Segundo a Associa\u00e7\u00e3o Americana do Pulm\u00e3o, os afro-americanos nessas comunidades t\u00eam um risco maior de morte prematura e apresentam taxas mais elevadas de comprometimento cognitivo, provavelmente porque n\u00e3o procuram tratamento at\u00e9 que a doen\u00e7a esteja em est\u00e1gio avan\u00e7ado, explica o site Alzheimers.gov.<\/p>\n<p> \u00ab&quot;Muitos idosos negros tendem a procurar ajuda m\u00e9dica para sintomas neuropsiqui\u00e1tricos, como alucina\u00e7\u00f5es, del\u00edrios e altera\u00e7\u00f5es de personalidade, mas adiam a busca por ajuda para problemas de mem\u00f3ria, que muitas vezes s\u00e3o vistos como uma parte normal do envelhecimento&quot;, diz o site.<\/p>\n<h2> Danos a longo prazo que precisam ser corrigidos. <\/h2>\n<p> A exposi\u00e7\u00e3o a part\u00edculas PM2.5 tamb\u00e9m aumenta o risco de c\u00e2ncer e doen\u00e7as cardiovasculares. As pessoas podem evitar essa exposi\u00e7\u00e3o praticando exerc\u00edcios em \u00e1reas afastadas de vias movimentadas (Getty Images).<\/p>\n<p> O novo estudo tamb\u00e9m se baseia em anos de pesquisas anteriores que mostram os poss\u00edveis danos causados pelas part\u00edculas PM2.5, incluindo um risco aumentado de morte prematura, c\u00e2ncer e doen\u00e7as cardiovasculares.<\/p>\n<p> Estudos anteriores tamb\u00e9m associaram a polui\u00e7\u00e3o do ar ao aumento de casos de dem\u00eancia e ao agravamento da doen\u00e7a de Alzheimer. Alguns estudos encontraram uma associa\u00e7\u00e3o moderada entre a exposi\u00e7\u00e3o \u00e0 fuma\u00e7a de inc\u00eandios florestais e a dem\u00eancia.<\/p>\n<p> Um estudo realizado no in\u00edcio deste ano descobriu que a polui\u00e7\u00e3o do ar aumenta o risco de placas amiloides \u2014 aglomerados de prote\u00ednas que s\u00e3o uma caracter\u00edstica da doen\u00e7a de Alzheimer \u2014 em idosos americanos com comprometimento cognitivo.<\/p>\n<p> \u00ab&quot;Compreender os fatores ambientais que influenciam o decl\u00ednio cognitivo \u00e9 fundamental para combater as disparidades no risco de dem\u00eancia&quot;, afirmou Rachel Witmer, coautora do novo estudo e codiretora do Centro de Pesquisa da Doen\u00e7a de Alzheimer da Universidade da Calif\u00f3rnia, Davis. &quot;A polui\u00e7\u00e3o do ar \u00e9 um fator modific\u00e1vel. Isso a torna um alvo importante para a preven\u00e7\u00e3o, tanto em n\u00edvel individual quanto por meio de pol\u00edticas p\u00fablicas.&quot;.<\/p>\n<p> Voc\u00ea pode reduzir o risco de exposi\u00e7\u00e3o a poluentes limitando o tempo que passa ao ar livre em dias com alta polui\u00e7\u00e3o atmosf\u00e9rica, usando filtros de ar em ambientes fechados, mantendo as janelas fechadas e evitando exerc\u00edcios f\u00edsicos perto de vias movimentadas.<\/p>","protected":false},"excerpt":{"rendered":"<p>Um novo estudo mostra que a polui\u00e7\u00e3o do ar causada por inc\u00eandios florestais impulsionados pelas mudan\u00e7as clim\u00e1ticas, usinas de energia movidas a combust\u00edveis f\u00f3sseis, centros de dados com intelig\u00eancia artificial e carros\u2026<\/p>","protected":false},"author":1,"featured_media":10821,"comment_status":"open","ping_status":"closed","sticky":false,"template":"","format":"standard","meta":{"footnotes":""},"categories":[2],"tags":[],"class_list":["post-10820","post","type-post","status-publish","format-standard","has-post-thumbnail","hentry","category-news","hvn-theme-has-thumbnail"],"_links":{"self":[{"href":"https:\/\/imgist.ru\/pt\/wp-json\/wp\/v2\/posts\/10820","targetHints":{"allow":["GET"]}}],"collection":[{"href":"https:\/\/imgist.ru\/pt\/wp-json\/wp\/v2\/posts"}],"about":[{"href":"https:\/\/imgist.ru\/pt\/wp-json\/wp\/v2\/types\/post"}],"author":[{"embeddable":true,"href":"https:\/\/imgist.ru\/pt\/wp-json\/wp\/v2\/users\/1"}],"replies":[{"embeddable":true,"href":"https:\/\/imgist.ru\/pt\/wp-json\/wp\/v2\/comments?post=10820"}],"version-history":[{"count":3,"href":"https:\/\/imgist.ru\/pt\/wp-json\/wp\/v2\/posts\/10820\/revisions"}],"predecessor-version":[{"id":154545,"href":"https:\/\/imgist.ru\/pt\/wp-json\/wp\/v2\/posts\/10820\/revisions\/154545"}],"wp:featuredmedia":[{"embeddable":true,"href":"https:\/\/imgist.ru\/pt\/wp-json\/wp\/v2\/media\/10821"}],"wp:attachment":[{"href":"https:\/\/imgist.ru\/pt\/wp-json\/wp\/v2\/media?parent=10820"}],"wp:term":[{"taxonomy":"category","embeddable":true,"href":"https:\/\/imgist.ru\/pt\/wp-json\/wp\/v2\/categories?post=10820"},{"taxonomy":"post_tag","embeddable":true,"href":"https:\/\/imgist.ru\/pt\/wp-json\/wp\/v2\/tags?post=10820"}],"curies":[{"name":"wp","href":"https:\/\/api.w.org\/{rel}","templated":true}]}}