{"id":10938,"date":"2026-06-04T04:18:29","date_gmt":"2026-06-04T01:18:29","guid":{"rendered":"https:\/\/imgist.ru\/v-internete-vse-obsuzhdayut-na-kakuyu-znamenitost-ochen-pohozha-doch-emi-adams-i-eto-ne-ee-mama\/"},"modified":"2026-08-29T12:05:50","modified_gmt":"2026-08-29T09:05:50","slug":"a-internet-esta-obcecada-com-a-qual-celebridade-a-filha-de-amy-adams-se-parece-e-nao-e-com-a-mae-dela","status":"publish","type":"post","link":"https:\/\/imgist.ru\/pt\/v-internete-vse-obsuzhdayut-na-kakuyu-znamenitost-ochen-pohozha-doch-emi-adams-i-eto-ne-ee-mama\/","title":{"rendered":"A internet est\u00e1 em polvorosa discutindo com qual celebridade a filha de Amy Adams se parece muito (e n\u00e3o \u00e9 com a m\u00e3e dela)."},"content":{"rendered":"<p>Ao efetuar uma compra atrav\u00e9s dos links presentes em nossos artigos, a Future e seus parceiros de distribui\u00e7\u00e3o podem receber uma comiss\u00e3o. <\/p>\n<p> Fonte: Apple<\/p>\n<p> Normalmente, quando falamos de m\u00e3es famosas e suas filhas, a conversa gira em torno de como as crian\u00e7as se parecem com elas quando eram pequenas. Veja, por exemplo, a filha de Gwyneth Paltrow, Apple, ou a filha de Reese Witherspoon, Ava, que s\u00e3o a cara delas. Mas depois que Amy Adams desfilou no tapete vermelho com sua filha de 16 anos, Aviana, a conversa mudou.<\/p>\n<p> Adams e seu marido, Darren Le Gallo, t\u00eam um filho juntos, com quem posaram na estreia do filme &quot;\u00ab <em>Cabo do Medo\u00bb<\/em> Em Los Angeles, com Amy Adams no elenco. Veja fotos de toda a fam\u00edlia aqui: <\/p>\n<p> Foto: Brianna Bryson\/WireImage<\/p>\n<p> Aviana tem aparecido com mais frequ\u00eancia em eventos com Adams recentemente, como o Festival de Cinema de Toronto e a Semana de Moda de Paris. Em uma foto que celebra o lan\u00e7amento do novo projeto de Amy Adams em 2026, ela definitivamente se parece com seus pais. Veja o que eles est\u00e3o dizendo no Instagram:<\/p>\n<ul>\n<li>\n<p> <em><strong>\u00ab&quot;Ela se parece com a Scarlett Johansson!! Ela \u00e9 absolutamente deslumbrante!!!&quot;\u00bb<\/strong><\/em> <em>\u2014 @miss.scarlet-brielle<\/em><\/p>\n<\/li>\n<li>\n<p> <em><strong>\u00abSer\u00e1 que Amy Adams sabe que deu \u00e0 luz Scarlett Johansson?\u00bb<\/strong><\/em> <em>\u2014 @neutralchanges<\/em><\/p>\n<\/li>\n<li>\n<p> <em><strong>\u00ab&quot;Parece uma mistura de Scarlett Johansson e Amber Heard... que filha ador\u00e1vel \ud83d\udc4f&quot;\u00bb<\/strong><\/em> <em>\u2014 @darthfi<\/em><\/p>\n<\/li>\n<li>\n<p> <em><strong>\u00ab&quot;A filha dela \u00e9 a cara da Scarlett Johansson!!!!! \u2764\ufe0f\ud83d\udd25&quot;\u00bb<\/strong><\/em> <em>\u2014 @pochoclera_recomenda<\/em><\/p>\n<\/li>\n<li>\n<p> <em><strong>\u00ab&quot;Ent\u00e3o todos n\u00f3s vimos a mesma coisa.&quot;\u00bb<\/strong><\/em> <em>\u2014 @ceeceejacobsen<\/em><\/p>\n<\/li>\n<\/ul>\n<p> Que elogio! Scarlett Johansson n\u00e3o \u00e9 apenas considerada uma das mulheres mais bonitas de Hollywood, mas tamb\u00e9m se tornou a atriz mais lucrativa de todos os tempos no ano passado, at\u00e9 que Zoe Saldanha a ultrapassou ap\u00f3s o lan\u00e7amento de <em>\u00abAvatar: Fogo e Cinzas<\/em> \u00bb&quot;durante as f\u00e9rias. Embora j\u00e1 tenha sido comparada a uma estrela de cinema, Amy Adams afirmou anteriormente que Aviana n\u00e3o tem interesse em seguir carreira de atriz como seus pais.<\/p>\n<p> Entendemos perfeitamente o que todos est\u00e3o dizendo. Aviana realmente se parece muito com outra estrela de cinema. Mas, ao mesmo tempo, se voc\u00ea olhar para uma foto de Amy Adams jovem (esta abaixo \u00e9 de <em>o filme &quot;Deadly Beautiful&quot;,<\/em> (Quando ela tinha 24 anos), ela tamb\u00e9m se parecia muito com a m\u00e3e. Talvez se o cabelo de Aviana fosse t\u00e3o ruivo quanto o da m\u00e3e, estar\u00edamos falando de algo completamente diferente? <\/p>\n<p> Fonte: Focus Features\/New Line Cinema<\/p>\n<p> Aviana e Darren apoiaram Amy Adams em sua nova s\u00e9rie, que \u00e9 uma nova adapta\u00e7\u00e3o do romance &quot;\u00ab <em>Cabo do Medo\u00bb<\/em> . A s\u00e9rie \u00e9 baseada no romance, que j\u00e1 havia sido adaptado para o cinema em 1962, com Gregory Peck no papel principal, e em 1991, por Martin Scorsese, com Robert De Niro no papel principal. Javier Bardem interpreta Max Cady, Patrick Wilson interpreta Tom Bowden e Amy Adams interpreta Anna Bowden. Sabemos que a s\u00e9rie est\u00e1 em desenvolvimento desde 2024.<\/p>\n<p> Estreia dos dois primeiros epis\u00f3dios <em>s\u00e9rie &quot;Cabo do Medo&quot;\u00ab<\/em> A estreia para assinantes da Apple TV come\u00e7a nesta sexta-feira, 5 de junho. Novos epis\u00f3dios ser\u00e3o lan\u00e7ados todas as sextas-feiras at\u00e9 31 de julho.<\/p>","protected":false},"excerpt":{"rendered":"<p>Ao comprar algo atrav\u00e9s dos links em nossos artigos, a Future e seus parceiros de distribui\u00e7\u00e3o podem receber uma comiss\u00e3o. Fonte: Apple. Normalmente, quando falamos\u2026<\/p>","protected":false},"author":1,"featured_media":10939,"comment_status":"open","ping_status":"closed","sticky":false,"template":"","format":"standard","meta":{"footnotes":""},"categories":[5],"tags":[],"class_list":["post-10938","post","type-post","status-publish","format-standard","has-post-thumbnail","hentry","category-selebriti","hvn-theme-has-thumbnail"],"_links":{"self":[{"href":"https:\/\/imgist.ru\/pt\/wp-json\/wp\/v2\/posts\/10938","targetHints":{"allow":["GET"]}}],"collection":[{"href":"https:\/\/imgist.ru\/pt\/wp-json\/wp\/v2\/posts"}],"about":[{"href":"https:\/\/imgist.ru\/pt\/wp-json\/wp\/v2\/types\/post"}],"author":[{"embeddable":true,"href":"https:\/\/imgist.ru\/pt\/wp-json\/wp\/v2\/users\/1"}],"replies":[{"embeddable":true,"href":"https:\/\/imgist.ru\/pt\/wp-json\/wp\/v2\/comments?post=10938"}],"version-history":[{"count":3,"href":"https:\/\/imgist.ru\/pt\/wp-json\/wp\/v2\/posts\/10938\/revisions"}],"predecessor-version":[{"id":154669,"href":"https:\/\/imgist.ru\/pt\/wp-json\/wp\/v2\/posts\/10938\/revisions\/154669"}],"wp:featuredmedia":[{"embeddable":true,"href":"https:\/\/imgist.ru\/pt\/wp-json\/wp\/v2\/media\/10939"}],"wp:attachment":[{"href":"https:\/\/imgist.ru\/pt\/wp-json\/wp\/v2\/media?parent=10938"}],"wp:term":[{"taxonomy":"category","embeddable":true,"href":"https:\/\/imgist.ru\/pt\/wp-json\/wp\/v2\/categories?post=10938"},{"taxonomy":"post_tag","embeddable":true,"href":"https:\/\/imgist.ru\/pt\/wp-json\/wp\/v2\/tags?post=10938"}],"curies":[{"name":"wp","href":"https:\/\/api.w.org\/{rel}","templated":true}]}}