{"id":11138,"date":"2026-06-04T08:03:52","date_gmt":"2026-06-04T05:03:52","guid":{"rendered":"https:\/\/imgist.ru\/vanilla-ice-ostalsya-v-ryadah-storonnikov-250-letiya-nezavisimosti-i-zayavil-chto-igral-by-za-bajdena-ili-putina\/"},"modified":"2026-08-29T12:06:20","modified_gmt":"2026-08-29T09:06:20","slug":"vanilla-ice-manteve-se-entre-os-apoiadores-do-250o-aniversario-da-independencia-e-declarou-que-tocaria-para-biden-ou-putin","status":"publish","type":"post","link":"https:\/\/imgist.ru\/pt\/vanilla-ice-ostalsya-v-ryadah-storonnikov-250-letiya-nezavisimosti-i-zayavil-chto-igral-by-za-bajdena-ili-putina\/","title":{"rendered":"Vanilla Ice manteve-se entre os apoiadores do 250\u00ba anivers\u00e1rio da independ\u00eancia e afirmou que tocaria para Biden ou Putin."},"content":{"rendered":"<p>Vanilla Ice mant\u00e9m sua decis\u00e3o de se apresentar na pr\u00f3xima s\u00e9rie de shows Freedom 250, mesmo que muitos artistas tenham se distanciado de eventos associados a Donald Trump.<\/p>\n<p> Em uma entrevista <em>TMZ Ao Vivo<\/em> O rapper deixou claro que considerava a apresenta\u00e7\u00e3o uma celebra\u00e7\u00e3o, n\u00e3o uma declara\u00e7\u00e3o pol\u00edtica.<\/p>\n<p> \u00ab&quot;Ah, cara. N\u00e3o vou me envolver nisso&quot;, disse Ice a Harvey Levin, do TMZ, quando questionado sobre as cr\u00edticas ao evento. &quot;Estou aqui para me divertir com a Am\u00e9rica, cara. A m\u00fasica serve para unir as pessoas, e \u00e9 para isso que estamos aqui.&quot;.<\/p>\n<p> A estrela do sucesso &quot;Ice Ice Baby&quot; insistiu que o entretenimento deve unir as pessoas, n\u00e3o dividi-las, e repetidamente pediu aos f\u00e3s que n\u00e3o levassem o esc\u00e2ndalo muito a s\u00e9rio.<\/p>\n<p> LOJA COMPLETA: Compre suas marcas favoritas a qualquer hora, em qualquer lugar. Descubra as novidades. Compre. Colecione. Aproveite.<\/p>\n<p> \u00ab&quot;Vamos apenas representar os anos 90&quot;, disse ele. &quot;N\u00e3o levo nada muito a s\u00e9rio. Acho que ningu\u00e9m deveria levar tamb\u00e9m. Acho que s\u00f3 precisamos dan\u00e7ar. Sabe, \u00e9 a vida, a liberdade e a busca da felicidade.&quot;.<\/p>\n<p> Ice afirmou que em seu trabalho de performance sempre se concentrou no p\u00fablico, n\u00e3o na pol\u00edtica ou na ideologia.<\/p>\n<p> \u00ab&quot;N\u00e3o acho que deva ser sobre quest\u00f5es pol\u00edticas ou algo do tipo&quot;, disse ele. &quot;Eu nem voto, ent\u00e3o n\u00e3o me importo.&quot;.<\/p>\n<p> Para refor\u00e7ar seu ponto de vista, o rapper disse que se apresentaria para pessoas de qualquer vis\u00e3o pol\u00edtica, caso fosse convidado.<\/p>\n<p> \u00ab&quot;Se o Biden ligasse e dissesse: &#039;Minha filha vai se casar. Precisamos do Vanilla Ice&#039;, eu iria me apresentar&quot;, disse ele. &quot;Voc\u00ea toca para os seus f\u00e3s. N\u00f3s n\u00e3o escolhemos nossos f\u00e3s. Eles nos escolhem.&quot;.<\/p>\n<p> Ice foi al\u00e9m, afirmando que sua disposi\u00e7\u00e3o para conversar com l\u00edderes pol\u00edticos vai al\u00e9m dos Estados Unidos.<\/p>\n<p> \u00ab&quot;E eu toco para Putin e toco no Ir\u00e3, se voc\u00ea quiser. N\u00e3o importa&quot;, disse ele. &quot;Os f\u00e3s est\u00e3o em todo lugar. M\u00fasica n\u00e3o \u00e9 pol\u00edtica, cara. \u00c9 universal. Ela simplesmente une as pessoas.&quot;.<\/p>\n<p> Esses coment\u00e1rios surgem em meio a um n\u00famero crescente de cancelamentos de eventos que marcam o 250\u00ba anivers\u00e1rio do Freedom Festival. V\u00e1rios artistas, incluindo Bret Michaels, Martina McBride, Young MC, Morris Day e The Commodores, desistiram de participar, alegando preocupa\u00e7\u00f5es com suas conota\u00e7\u00f5es pol\u00edticas. Muitos deles afirmaram que os organizadores do evento deturparam a natureza das apresenta\u00e7\u00f5es.<\/p>\n<p> No entanto, Vanilla Ice afirma que n\u00e3o tem interesse em tratar o evento como algo al\u00e9m de uma oportunidade para entreter o p\u00fablico.<\/p>\n<p> \u00ab&quot;Esta \u00e9 uma celebra\u00e7\u00e3o da Am\u00e9rica. 250 anos do nascimento do nosso pa\u00eds&quot;, disse ele. &quot;Venham e aproveitem a dan\u00e7a.&quot;.<\/p>\n<p> O rapper tamb\u00e9m se dirigiu aos colegas artistas que decidiram n\u00e3o participar, observando que ele est\u00e1 atualmente em turn\u00ea com alguns deles.<\/p>\n<p> \u00ab&quot;Cada um decide o que quer&quot;, disse ele. &quot;Mas n\u00e3o acho que ningu\u00e9m deva levar isso a s\u00e9rio, nem mesmo a si pr\u00f3prio. Acho que todos deveriam simplesmente sair e dan\u00e7ar.&quot;.<\/p>\n<h3> Not\u00edcias relacionadas <\/h3>\n<p> Bret Michaels desistiu de participar do evento Freedom 250 de Trump, alegando preocupa\u00e7\u00f5es com a seguran\u00e7a. Um assessor de Trump criticou Ted Cruz por supostamente &quot;implorar&quot; para que ele tirasse uma foto com Nicki Minaj. Akademiks afirma n\u00e3o se arrepender de ter votado em Donald Trump: &quot;N\u00e3o me importo de ser negro.&quot;.<\/p>\n<h2> Not\u00edcias relacionadas<\/h2>\n<p> Drake estabeleceu um recorde nas paradas do Reino Unido ao se tornar o primeiro artista a ter tr\u00eas \u00e1lbuns estreando no top 10.<\/p>\n<p> Ozzy Osbourne ser\u00e1 ressuscitado como um avatar criado por intelig\u00eancia artificial.<\/p>\n<p> LOJA COMPLETA: Compre suas marcas favoritas a qualquer hora, em qualquer lugar. Descubra as novidades. Compre. Colecione. Aproveite.<\/p>\n<p> Damos vida \u00e0 cultura. Aqui voc\u00ea encontra as \u00faltimas not\u00edcias do mundo do entretenimento, al\u00e9m do melhor conte\u00fado sobre m\u00fasica, cultura pop, t\u00eanis, estilo e s\u00e9ries originais.<\/p>","protected":false},"excerpt":{"rendered":"<p>Vanilla Ice mant\u00e9m sua decis\u00e3o de se apresentar na pr\u00f3xima s\u00e9rie de shows Freedom 250, mesmo que muitos artistas tenham se distanciado do evento\u2026<\/p>","protected":false},"author":1,"featured_media":11139,"comment_status":"open","ping_status":"closed","sticky":false,"template":"","format":"standard","meta":{"footnotes":""},"categories":[7],"tags":[],"class_list":["post-11138","post","type-post","status-publish","format-standard","has-post-thumbnail","hentry","category-muzyka","hvn-theme-has-thumbnail"],"_links":{"self":[{"href":"https:\/\/imgist.ru\/pt\/wp-json\/wp\/v2\/posts\/11138","targetHints":{"allow":["GET"]}}],"collection":[{"href":"https:\/\/imgist.ru\/pt\/wp-json\/wp\/v2\/posts"}],"about":[{"href":"https:\/\/imgist.ru\/pt\/wp-json\/wp\/v2\/types\/post"}],"author":[{"embeddable":true,"href":"https:\/\/imgist.ru\/pt\/wp-json\/wp\/v2\/users\/1"}],"replies":[{"embeddable":true,"href":"https:\/\/imgist.ru\/pt\/wp-json\/wp\/v2\/comments?post=11138"}],"version-history":[{"count":4,"href":"https:\/\/imgist.ru\/pt\/wp-json\/wp\/v2\/posts\/11138\/revisions"}],"predecessor-version":[{"id":154863,"href":"https:\/\/imgist.ru\/pt\/wp-json\/wp\/v2\/posts\/11138\/revisions\/154863"}],"wp:featuredmedia":[{"embeddable":true,"href":"https:\/\/imgist.ru\/pt\/wp-json\/wp\/v2\/media\/11139"}],"wp:attachment":[{"href":"https:\/\/imgist.ru\/pt\/wp-json\/wp\/v2\/media?parent=11138"}],"wp:term":[{"taxonomy":"category","embeddable":true,"href":"https:\/\/imgist.ru\/pt\/wp-json\/wp\/v2\/categories?post=11138"},{"taxonomy":"post_tag","embeddable":true,"href":"https:\/\/imgist.ru\/pt\/wp-json\/wp\/v2\/tags?post=11138"}],"curies":[{"name":"wp","href":"https:\/\/api.w.org\/{rel}","templated":true}]}}