{"id":11184,"date":"2026-06-04T08:19:45","date_gmt":"2026-06-04T05:19:45","guid":{"rendered":"http:\/\/imgist.ru\/donald-tramp-namekaet-chto-arena-ufc-v-belom-dome-mozhet-stat-postoyannoj\/"},"modified":"2026-08-29T12:06:44","modified_gmt":"2026-08-29T09:06:44","slug":"donald-trump-afirma-que-a-arena-do-ufc-na-casa-branca-pode-se-tornar-permanente","status":"publish","type":"post","link":"https:\/\/imgist.ru\/pt\/donald-tramp-namekaet-chto-arena-ufc-v-belom-dome-mozhet-stat-postoyannoj\/","title":{"rendered":"Donald Trump d\u00e1 a entender que a arena do UFC na Casa Branca pode se tornar permanente."},"content":{"rendered":"<h3>Disposi\u00e7\u00f5es b\u00e1sicas<\/h3>\n<ul>\n<li>\n<p> O presidente Donald Trump disse no TikTok que a arena do UFC em constru\u00e7\u00e3o no gramado da Casa Branca \u00e9 &quot;bem atraente&quot;.<\/p>\n<\/li>\n<li>\n<p> Ele observou que a inten\u00e7\u00e3o original era que a Torre Eiffel em Paris fosse tempor\u00e1ria.<\/p>\n<\/li>\n<li>\n<p> A luta acontecer\u00e1 no novo pr\u00e9dio no dia 14 de junho, anivers\u00e1rio de 80 anos de Trump.<\/p>\n<\/li>\n<\/ul>\n<p> O presidente Donald Trump afirmou que a arena do UFC que est\u00e1 sendo constru\u00edda no gramado da Casa Branca poder\u00e1 se tornar permanente.<\/p>\n<p> \u00ab&quot;Muita gente n\u00e3o sabe que em Paris, na Fran\u00e7a, a Torre Eiffel \u2014 constru\u00edda em 1889 \u2014 deveria ter sido demolida logo ap\u00f3s a Exposi\u00e7\u00e3o Universal&quot;, disse Trump no TikTok na ter\u00e7a-feira. &quot;Mas a\u00ed disseram: &#039;Sabe, a gente gosta dela. Vamos mant\u00ea-la de p\u00e9 por mais um tempo&#039;, e depois disseram: &#039;Vamos mant\u00ea-la de p\u00e9 por mais tempo, e mais tempo, e mais tempo&#039;. Mas ela nunca foi demolida. E, sabe, estamos construindo algo em frente \u00e0 Casa Branca que \u00e9 muito atraente para muita gente. Vai ter uma grande luta do UFC l\u00e1 no dia 14 de junho. E eu olho para aquilo e penso que talvez nunca, jamais, a gente a derrube.&quot;.<\/p>\n<p> <strong><em>Receba sua dose di\u00e1ria de not\u00edcias de entretenimento, atualiza\u00e7\u00f5es sobre celebridades e recomenda\u00e7\u00f5es de filmes e s\u00e9ries com o nosso servi\u00e7o.<\/em><\/strong> <strong><em>Boletins informativos EW Dispatch<\/em><\/strong> <strong><em>.<\/em><\/strong><\/p>\n<p> A Torre Eiffel foi essencialmente constru\u00edda como o arco de entrada para a Exposi\u00e7\u00e3o Universal de 1889, que celebrou o centen\u00e1rio da Revolu\u00e7\u00e3o Francesa. De acordo com o site oficial do monumento, a sua constru\u00e7\u00e3o foi originalmente planejada para durar 20 anos.<\/p>\n<p> Enquanto se considerava a demoli\u00e7\u00e3o da estrutura, o engenheiro e arquiteto Gustave Eiffel &quot;promoveu, financiou e impulsionou&quot; experimentos cient\u00edficos, como telecomunica\u00e7\u00f5es e observa\u00e7\u00f5es meteorol\u00f3gicas. &quot;A aplica\u00e7\u00e3o cient\u00edfica da torre mais alta do mundo, sem d\u00favida, a salvou da destrui\u00e7\u00e3o.&quot;. <\/p>\n<p> Constru\u00e7\u00e3o da arena do UFC na Casa Branca. Foto: SAUL LOEB \/ AFP via Getty<\/p>\n<p> O contrato de Eiffel para a constru\u00e7\u00e3o da estrutura foi prorrogado por 70 anos em 1910.<\/p>\n<p> Trump afirmou que a arena do UFC rec\u00e9m-constru\u00edda, que ser\u00e1 usada para a luta em homenagem ao seu 80\u00ba anivers\u00e1rio, ter\u00e1 capacidade para 4.000 pessoas. Ele disse ainda que outras 75.000 a 100.000 pessoas poder\u00e3o assistir \u00e0 luta no Ellipse, de acordo com... <em>New York Times<\/em> .<\/p>\n<p> A luta planejada faz parte do evento Freedom 250, criado para comemorar o 250\u00ba anivers\u00e1rio dos Estados Unidos, e coincide com uma s\u00e9rie de shows dos quais v\u00e1rios artistas desistiram nos \u00faltimos dias. Artistas como Martina McBride, Bret Michaels, Morris Day, The Time, Young MC e The Commodores, que haviam sido anunciados como atra\u00e7\u00f5es, confirmaram que n\u00e3o participar\u00e3o.<\/p>\n<p> Trump disse que estava considerando tomar o lugar deles.<\/p>\n<p> \u00ab&quot;Entendo que os artistas est\u00e3o tendo um colapso nervoso por causa da apresenta\u00e7\u00e3o de quarta-feira, ent\u00e3o estou pensando em convidar a maior estrela do mundo, um homem que atrai muito mais p\u00fablico do que Elvis em seu auge, e ele faz isso sem viol\u00e3o&quot;, disse Trump no Truth Social. &quot;O homem que ama nosso pa\u00eds mais do que qualquer pessoa no mundo, e o homem que alguns chamam de o maior presidente da hist\u00f3ria (O MAIOR!), Donald J. Trump, para substituir esses &#039;artistas&#039; de terceira categoria bem pagos e fazer um grande discurso, mobilizando o pa\u00eds, assim como tenho feito desde que me tornei presidente!&quot;\u00bb<\/p>\n<p> Mais tarde, ele afirmou que seu discurso na cerim\u00f4nia de abertura seria um s\u00edmbolo do com\u00edcio &quot;Make America Great Again&quot; (Tornar a Am\u00e9rica Grande Novamente).<\/p>\n<p> Leia o artigo original na Entertainment Weekly.<\/p>","protected":false},"excerpt":{"rendered":"<p>O presidente Donald Trump usou o TikTok para declarar que a arena do UFC em constru\u00e7\u00e3o no gramado da Casa Branca \u00e9 &quot;bem atraente&quot;. Ele observou que a Torre Eiffel foi originalmente planejada para ser...<\/p>","protected":false},"author":1,"featured_media":11185,"comment_status":"open","ping_status":"closed","sticky":false,"template":"","format":"standard","meta":{"footnotes":""},"categories":[5],"tags":[],"class_list":["post-11184","post","type-post","status-publish","format-standard","has-post-thumbnail","hentry","category-selebriti","hvn-theme-has-thumbnail"],"_links":{"self":[{"href":"https:\/\/imgist.ru\/pt\/wp-json\/wp\/v2\/posts\/11184","targetHints":{"allow":["GET"]}}],"collection":[{"href":"https:\/\/imgist.ru\/pt\/wp-json\/wp\/v2\/posts"}],"about":[{"href":"https:\/\/imgist.ru\/pt\/wp-json\/wp\/v2\/types\/post"}],"author":[{"embeddable":true,"href":"https:\/\/imgist.ru\/pt\/wp-json\/wp\/v2\/users\/1"}],"replies":[{"embeddable":true,"href":"https:\/\/imgist.ru\/pt\/wp-json\/wp\/v2\/comments?post=11184"}],"version-history":[{"count":1,"href":"https:\/\/imgist.ru\/pt\/wp-json\/wp\/v2\/posts\/11184\/revisions"}],"predecessor-version":[{"id":154937,"href":"https:\/\/imgist.ru\/pt\/wp-json\/wp\/v2\/posts\/11184\/revisions\/154937"}],"wp:featuredmedia":[{"embeddable":true,"href":"https:\/\/imgist.ru\/pt\/wp-json\/wp\/v2\/media\/11185"}],"wp:attachment":[{"href":"https:\/\/imgist.ru\/pt\/wp-json\/wp\/v2\/media?parent=11184"}],"wp:term":[{"taxonomy":"category","embeddable":true,"href":"https:\/\/imgist.ru\/pt\/wp-json\/wp\/v2\/categories?post=11184"},{"taxonomy":"post_tag","embeddable":true,"href":"https:\/\/imgist.ru\/pt\/wp-json\/wp\/v2\/tags?post=11184"}],"curies":[{"name":"wp","href":"https:\/\/api.w.org\/{rel}","templated":true}]}}