{"id":11701,"date":"2026-06-04T16:18:55","date_gmt":"2026-06-04T13:18:55","guid":{"rendered":"https:\/\/imgist.ru\/pol-radd-vyskazal-spornoe-mnenie-o-rezhime-poleta\/"},"modified":"2026-08-29T12:07:35","modified_gmt":"2026-08-29T09:07:35","slug":"paul-rudd-expressou-uma-opiniao-controversa-sobre-o-modo-aviao","status":"publish","type":"post","link":"https:\/\/imgist.ru\/pt\/pol-radd-vyskazal-spornoe-mnenie-o-rezhime-poleta\/","title":{"rendered":"Paul Rudd expressou uma opini\u00e3o controversa sobre o modo avi\u00e3o."},"content":{"rendered":"<p><strong>Paulo Rudd<\/strong> Provocou controv\u00e9rsia ao chamar o modo avi\u00e3o dos smartphones de &quot;absurdo&quot; durante uma participa\u00e7\u00e3o em um podcast. <strong>Jake Shane<\/strong> \u00ab&quot;Therapuss&quot;, onde ele questionou as normas de seguran\u00e7a das companhias a\u00e9reas e discutiu seus h\u00e1bitos de viagem.<\/p>\n<p> Os coment\u00e1rios chamaram a aten\u00e7\u00e3o, visto que as autoridades de avia\u00e7\u00e3o, incluindo a Administra\u00e7\u00e3o Federal de Avia\u00e7\u00e3o (FAA), continuam exigindo que os passageiros ativem o modo avi\u00e3o para evitar poss\u00edveis interfer\u00eancias nos sistemas de comunica\u00e7\u00e3o das aeronaves.<\/p>\n<p> Shane disse que usa o modo avi\u00e3o para economizar bateria. Rudd reconheceu a validade dessa alega\u00e7\u00e3o, mas sugeriu que a regra pode ser motivada por preocupa\u00e7\u00f5es com interfer\u00eancia de radiofrequ\u00eancia nos fones de ouvido dos pilotos. <\/p>\n<p> O tom bem-humorado de Rudd contrastava fortemente com a aplica\u00e7\u00e3o rigorosa das restri\u00e7\u00f5es ao uso de dispositivos eletr\u00f4nicos pela Administra\u00e7\u00e3o Federal de Avia\u00e7\u00e3o (FAA). Foto: Xavier Collin\/Image Press Agency\/MEGA<\/p>\n<p> Ele acrescentou: &quot;\u00c0s vezes pode ser irritante para os fones de ouvido deles. Acho que li um artigo sobre isso uma vez.&quot;.<\/p>\n<h2> Posi\u00e7\u00e3o das autoridades de avia\u00e7\u00e3o<\/h2>\n<p> A Administra\u00e7\u00e3o Federal de Avia\u00e7\u00e3o exige que os passageiros ativem o modo avi\u00e3o ou desliguem as comunica\u00e7\u00f5es celulares durante os voos. <strong>Recomenda\u00e7\u00f5es da FAA<\/strong> , Dispositivos eletr\u00f4nicos port\u00e1teis podem interferir em instrumentos importantes da aeronave e nas comunica\u00e7\u00f5es da cabine de comando. O uso de Wi-Fi \u00e9 permitido se a companhia a\u00e9rea fornecer um sistema de bordo aprovado. <\/p>\n<p> As regulamenta\u00e7\u00f5es da Administra\u00e7\u00e3o Federal de Avia\u00e7\u00e3o (FAA) sobre modos de voo remontam a 1961, quando certos r\u00e1dios foram proibidos devido a preocupa\u00e7\u00f5es de que pudessem interferir nos sistemas de navega\u00e7\u00e3o das aeronaves. (Fonte: ZUMAPRESS.com \/ MEGA)<\/p>\n<p> <strong>Sean Pruchnicki<\/strong> , Um especialista em avia\u00e7\u00e3o do Centro de Pesquisa de Avia\u00e7\u00e3o da Universidade Estadual de Ohio afirmou que os riscos de interfer\u00eancia s\u00e3o mais significativos durante pousos por instrumentos, quando os sinais precisam permanecer precisos. Ele observou que testes extensivos n\u00e3o foram realizados para todas as combina\u00e7\u00f5es de aeronaves e dispositivos m\u00f3veis, tornando essa precau\u00e7\u00e3o necess\u00e1ria. <\/p>\n<p> Em 2021, a Administra\u00e7\u00e3o Federal de Avia\u00e7\u00e3o dos EUA (FAA) alertou que os sinais 5G operando em certas faixas de frequ\u00eancia poderiam degradar o desempenho de equipamentos de seguran\u00e7a que utilizam radioalt\u00edmetros. Autor: Ryan Grote \/ MEGA<\/p>\n<p> A conversa tamb\u00e9m abordou outro ponto da etiqueta de viagem: levantar-se imediatamente ap\u00f3s o pouso.<\/p>\n<p> Shane admitiu que costuma se levantar assim que o avi\u00e3o pousa.<\/p>\n<p> Rudd concordou, dizendo: &quot;Acho que estou bem&quot;, embora tenha observado que tenta n\u00e3o se levantar at\u00e9 que o avi\u00e3o pare completamente.<\/p>\n<p> De acordo com as normas de seguran\u00e7a da avia\u00e7\u00e3o, os passageiros devem permanecer sentados com os cintos de seguran\u00e7a afivelados at\u00e9 que o avi\u00e3o se aproxime do port\u00e3o de embarque e o comandante desligue o indicador de afivelamento dos cintos. Especialistas alertam que movimentar-se pela cabine de um avi\u00e3o na pista de t\u00e1xi pode ser perigoso.<\/p>\n<h2> Por que Rudd participou do podcast?<\/h2>\n<p> A apari\u00e7\u00e3o de Rudd fez parte de uma turn\u00ea de divulga\u00e7\u00e3o, n\u00e3o de uma visita casual. Ele participou de um podcast para promover seu novo filme. <em>\u00ab&quot;Power Ballad&quot;\u00bb<\/em> . <\/p>\n<p> &quot;Power Ballad&quot; estreou no Festival Internacional de Cinema de Dublin de 2026 antes de ser lan\u00e7ado para o p\u00fablico em geral. Cr\u00e9dito: Steven Bergman\/AFF-USA.COM \/ MEGA<\/p>\n<p> No filme, Rudd interpreta Rick Power, e <strong>Nick Jonas<\/strong> \u2014 Danny Wilson. A com\u00e9dia musical, filmada em Dublin, foi dirigida por <strong>Jo\u00e3o Carney<\/strong> . Estreia do filme <em>\u00ab&quot;Power Ballad&quot;\u00bb<\/em> Foi lan\u00e7ado nos cinemas em 29 de maio.<\/p>\n<p> O podcast Therapuss, apresentado pelo comediante Shane, tornou-se um dos podcasts mais populares desde o seu lan\u00e7amento em janeiro de 2024. O programa foi classificado entre os melhores podcasts do Spotify e inclu\u00eddo na lista do 20\u00ba anivers\u00e1rio do Apple Podcasts.<\/p>\n<p> Mais recentemente, Shane ganhou o pr\u00eamio Webby de 2025 de Melhor Criador de S\u00e9rie de Com\u00e9dia e foi inclu\u00eddo na lista dos Melhores Criadores de Conte\u00fado. <em>Forbes<\/em> para 2025.<\/p>","protected":false},"excerpt":{"rendered":"<p>Paul Rudd causou pol\u00eamica ao chamar o modo avi\u00e3o dos smartphones de &quot;absurdo&quot; durante uma participa\u00e7\u00e3o no podcast Therapuss de Jake Shane, onde questionou as regras de seguran\u00e7a...<\/p>","protected":false},"author":1,"featured_media":11702,"comment_status":"open","ping_status":"closed","sticky":false,"template":"","format":"standard","meta":{"footnotes":""},"categories":[5],"tags":[],"class_list":["post-11701","post","type-post","status-publish","format-standard","has-post-thumbnail","hentry","category-selebriti","hvn-theme-has-thumbnail"],"_links":{"self":[{"href":"https:\/\/imgist.ru\/pt\/wp-json\/wp\/v2\/posts\/11701","targetHints":{"allow":["GET"]}}],"collection":[{"href":"https:\/\/imgist.ru\/pt\/wp-json\/wp\/v2\/posts"}],"about":[{"href":"https:\/\/imgist.ru\/pt\/wp-json\/wp\/v2\/types\/post"}],"author":[{"embeddable":true,"href":"https:\/\/imgist.ru\/pt\/wp-json\/wp\/v2\/users\/1"}],"replies":[{"embeddable":true,"href":"https:\/\/imgist.ru\/pt\/wp-json\/wp\/v2\/comments?post=11701"}],"version-history":[{"count":4,"href":"https:\/\/imgist.ru\/pt\/wp-json\/wp\/v2\/posts\/11701\/revisions"}],"predecessor-version":[{"id":155315,"href":"https:\/\/imgist.ru\/pt\/wp-json\/wp\/v2\/posts\/11701\/revisions\/155315"}],"wp:featuredmedia":[{"embeddable":true,"href":"https:\/\/imgist.ru\/pt\/wp-json\/wp\/v2\/media\/11702"}],"wp:attachment":[{"href":"https:\/\/imgist.ru\/pt\/wp-json\/wp\/v2\/media?parent=11701"}],"wp:term":[{"taxonomy":"category","embeddable":true,"href":"https:\/\/imgist.ru\/pt\/wp-json\/wp\/v2\/categories?post=11701"},{"taxonomy":"post_tag","embeddable":true,"href":"https:\/\/imgist.ru\/pt\/wp-json\/wp\/v2\/tags?post=11701"}],"curies":[{"name":"wp","href":"https:\/\/api.w.org\/{rel}","templated":true}]}}