{"id":11858,"date":"2026-06-04T17:21:01","date_gmt":"2026-06-04T14:21:01","guid":{"rendered":"https:\/\/imgist.ru\/kajli-dzhenner-tolko-chto-dokazala-chto-bikini-s-kamuflyazhnym-risunkom-samyj-modnyj-trend-v-kupalnikah-2026-goda\/"},"modified":"2026-08-29T12:07:58","modified_gmt":"2026-08-29T09:07:58","slug":"kylie-jenner-acaba-de-provar-que-os-biquinis-camuflados-sao-a-tendencia-de-moda-praia-mais-quente-de-2026","status":"publish","type":"post","link":"https:\/\/imgist.ru\/pt\/kajli-dzhenner-tolko-chto-dokazala-chto-bikini-s-kamuflyazhnym-risunkom-samyj-modnyj-trend-v-kupalnikah-2026-goda\/","title":{"rendered":"Kylie Jenner acaba de provar que o biqu\u00edni camuflado \u00e9 a tend\u00eancia de moda praia mais quente de 2026."},"content":{"rendered":"<p>Kylie Jenner lan\u00e7ou uma das tend\u00eancias de biqu\u00edni mais desejadas para o ver\u00e3o de 2026: os looks com estampa camuflada prometem dominar os pr\u00f3ximos meses. A magnata da beleza est\u00e1 curtindo f\u00e9rias nas Ilhas Turcas e Caicos, recriando sua &quot;Viagem de Ver\u00e3o da Kylie&quot; de 2019 com sua marca Kylie Cosmetics.<\/p>\n<p> Kylie, de 28 anos, postou uma foto ensolarada de biqu\u00edni no Instagram, exibindo sua nova cole\u00e7\u00e3o de moda praia. Kylie posou em uma espregui\u00e7adeira na praia com um biqu\u00edni verde camuflado, composto por um top triangular cl\u00e1ssico e uma calcinha fio dental com amarra\u00e7\u00f5es laterais.<\/p>\n<p> A estrela de reality show completou o look com fones de ouvido brancos com fio, brincos de argola grandes prateados e uma bolsa de praia de r\u00e1fia bordada com o nome de sua marca em letras rosa. Seus luxuosos cabelos escuros estavam soltos em ondas suaves, e sua maquiagem era natural e radiante, dando \u00e0 sua pele um brilho saud\u00e1vel. <\/p>\n<p> Kylie Jenner de biqu\u00edni camuflado (Instagram)<\/p>\n<p> \u00ab&quot;Quero te amar&quot;, escreveu ela na legenda.<\/p>\n<h3> Voc\u00ea tamb\u00e9m pode gostar<\/h3>\n<ol>\n<li>\n<h3> Kylie Jenner exibe um look sedutor de seda, composto por um top de suti\u00e3 e cal\u00e7as skinny.<\/h3>\n<\/li>\n<\/ol>\n<p> A estampa camuflada surgiu no cen\u00e1rio da moda nas d\u00e9cadas de 1960 e 1970, em meio \u00e0 contracultura. Nos anos 1990, foi adotada por estilistas como John Galliano e Jean-Paul Gaultier, que integraram esse padr\u00e3o utilit\u00e1rio \u00e0 alta costura. J\u00e1 nos anos 2000, o estilo se popularizou e marcas como Saint Laurent e Valentino come\u00e7aram a incorpor\u00e1-lo em seus designs. <\/p>\n<p> Kylie estava incr\u00edvel em um mai\u00f4 rosa (Instagram)<\/p>\n<p> Durante suas f\u00e9rias, Kylie exibiu uma variedade de looks de biqu\u00edni estilosos. Ela tamb\u00e9m usou um conjunto prateado met\u00e1lico, com uma corrente na cintura e um bon\u00e9 bege como acess\u00f3rios. A fundadora da marca de beleza tamb\u00e9m levou seu amor por biqu\u00ednis para a noite, usando um top triangular rosa claro com uma saia pare\u00f4 transparente combinando, com uma barra franzida rom\u00e2ntica. A estrela posou na praia com um p\u00f4r do sol deslumbrante ao fundo, em um conjunto inspirado na Barbie, complementado por chinelos brancos simples.<\/p>\n<p> \u00ab&quot;Jantar ao p\u00f4r do sol com @kyliecosmetics&quot;, escreveu ela na legenda da publica\u00e7\u00e3o.<\/p>\n<p> O grupo, que inclu\u00eda a melhor amiga Anastasia &quot;Stassie&quot; Karanikolaou, Iris Palmer e Carter Gregory, usava agasalhos rosa combinando enquanto embarcavam no jato particular da estrela rumo \u00e0 ilha tropical. <\/p>\n<p> Biqu\u00edni prateado met\u00e1lico da Kylie (Instagram)<\/p>\n<p> Naturalmente, as f\u00e9rias tiveram como tema o rosa, e Kylie exibiu uma cole\u00e7\u00e3o de acess\u00f3rios e trajes de banho feitos sob medida. Os destaques inclu\u00edam biqu\u00ednis da Frankies Bikinis e da Dipped in Blue, um bon\u00e9 Turks and Caicos With Kylie, uma toalha de praia bordada, uma garrafa de \u00e1gua, uma c\u00e2mera, um isqueiro e uma bolsa de praia da Kylie Cosmetics.<\/p>\n<h2> Kylie Cosmetics<\/h2>\n<p> Em outubro, Kylie comemorou o 10\u00ba anivers\u00e1rio de sua marca de beleza com uma cole\u00e7\u00e3o de edi\u00e7\u00e3o limitada dedicada \u00e0 sua ic\u00f4nica era &quot;King Kylie&quot;. O per\u00edodo nost\u00e1lgico apresentou mechas turquesa, an\u00e9is de caveira prateados, bolsas tote da C\u00e9line e a cole\u00e7\u00e3o Lady Killer x Tumblr Girls.<\/p>","protected":false},"excerpt":{"rendered":"<p>Kylie Jenner lan\u00e7ou uma das tend\u00eancias de biqu\u00edni mais desejadas do ver\u00e3o de 2026: os looks com estampa camuflada prometem dominar os pr\u00f3ximos meses. Atualmente\u2026<\/p>","protected":false},"author":1,"featured_media":11859,"comment_status":"open","ping_status":"closed","sticky":false,"template":"","format":"standard","meta":{"footnotes":""},"categories":[5],"tags":[],"class_list":["post-11858","post","type-post","status-publish","format-standard","has-post-thumbnail","hentry","category-selebriti","hvn-theme-has-thumbnail"],"_links":{"self":[{"href":"https:\/\/imgist.ru\/pt\/wp-json\/wp\/v2\/posts\/11858","targetHints":{"allow":["GET"]}}],"collection":[{"href":"https:\/\/imgist.ru\/pt\/wp-json\/wp\/v2\/posts"}],"about":[{"href":"https:\/\/imgist.ru\/pt\/wp-json\/wp\/v2\/types\/post"}],"author":[{"embeddable":true,"href":"https:\/\/imgist.ru\/pt\/wp-json\/wp\/v2\/users\/1"}],"replies":[{"embeddable":true,"href":"https:\/\/imgist.ru\/pt\/wp-json\/wp\/v2\/comments?post=11858"}],"version-history":[{"count":3,"href":"https:\/\/imgist.ru\/pt\/wp-json\/wp\/v2\/posts\/11858\/revisions"}],"predecessor-version":[{"id":155466,"href":"https:\/\/imgist.ru\/pt\/wp-json\/wp\/v2\/posts\/11858\/revisions\/155466"}],"wp:featuredmedia":[{"embeddable":true,"href":"https:\/\/imgist.ru\/pt\/wp-json\/wp\/v2\/media\/11859"}],"wp:attachment":[{"href":"https:\/\/imgist.ru\/pt\/wp-json\/wp\/v2\/media?parent=11858"}],"wp:term":[{"taxonomy":"category","embeddable":true,"href":"https:\/\/imgist.ru\/pt\/wp-json\/wp\/v2\/categories?post=11858"},{"taxonomy":"post_tag","embeddable":true,"href":"https:\/\/imgist.ru\/pt\/wp-json\/wp\/v2\/tags?post=11858"}],"curies":[{"name":"wp","href":"https:\/\/api.w.org\/{rel}","templated":true}]}}