{"id":11868,"date":"2026-06-04T17:58:46","date_gmt":"2026-06-04T14:58:46","guid":{"rendered":"http:\/\/imgist.ru\/nashi-zhivye-morya-krizis-v-morskih-ekosistemah-i-reakcziya-mira\/"},"modified":"2026-08-29T12:08:02","modified_gmt":"2026-08-29T09:08:02","slug":"nossos-mares-vivos-a-crise-nos-ecossistemas-marinhos-e-a-resposta-mundial","status":"publish","type":"post","link":"https:\/\/imgist.ru\/pt\/nashi-zhivye-morya-krizis-v-morskih-ekosistemah-i-reakcziya-mira\/","title":{"rendered":"Nossos Mares Vivos: Crise nos Ecossistemas Marinhos e a Resposta Mundial."},"content":{"rendered":"<p>O artigo &quot;Nossos Mares Vivos: Crise nos Ecossistemas Marinhos e Como o Mundo Responde&quot; foi publicado originalmente no site da AZ Animals.<\/p>\n<p> Vivo na ilha caribenha holandesa de Bonaire, um lugar que possui um recife costeiro raso a poucos passos da costa. Esta ilha \u00e9 uma meca para mergulhadores e praticantes de snorkel do mundo todo.<\/p>\n<p> Os recifes de Bonaire abrigam regularmente cardumes de peixes tropicais coloridos, extensas \u00e1reas de corais duros e moles, tartarugas marinhas e animais pel\u00e1gicos como tubar\u00f5es, raias e at\u00e9 baleias. H\u00e1 d\u00e9cadas, a ilha ostenta um dos ecossistemas de recifes mais saud\u00e1veis do mundo.<\/p>\n<p> \u00c9 um problema que afeta os recifes de coral em todo o mundo, e \u00e9 uma das raz\u00f5es pelas quais o Dia Mundial dos Oceanos deste ano \u00e9 dedicado a repensar a forma como cuidamos das \u00e1guas que cobrem 71% da superf\u00edcie da Terra.<\/p>\n<h2> Dia Mundial dos Oceanos 2026<\/h2>\n<p> Este ano, o Dia Mundial dos Oceanos \u00e9 celebrado em 8 de junho. A data homenageia um dos recursos mais preciosos do planeta. A ideia foi proposta pela primeira vez na C\u00fapula da Terra de 1992, no Rio de Janeiro, Brasil. O dia foi oficialmente reconhecido pelas Na\u00e7\u00f5es Unidas em 2008. <\/p>\n<p> O Dia Mundial dos Oceanos \u00e9 comemorado em 8 de junho.<\/p>\n<p> \u00a9RomoloTavani\/iStock via Getty Images<\/p>\n<p> O tema deste ano \u00e9 &quot;Repensar&quot;. \u00c9 uma oportunidade e um convite para reconhecer que os oceanos do mundo s\u00e3o mais do que apenas vastas massas de \u00e1gua, distantes do cotidiano da maioria das pessoas. Nossos oceanos s\u00e3o a fonte do ar que respiramos, dos alimentos que consumimos e o regulador clim\u00e1tico que garante a sustentabilidade da vida na Terra.<\/p>\n<p> Agora \u00e9 o momento de celebrar essa caracter\u00edstica \u00fanica do nosso planeta azul. Mas essa celebra\u00e7\u00e3o \u00e9 prejudicada pelo fato de os humanos continuarem a colocar nossos oceanos em risco.<\/p>\n<h2> As maiores amea\u00e7as<\/h2>\n<p> Hoje, os oceanos do mundo est\u00e3o amea\u00e7ados por tr\u00eas perigos principais.<\/p>\n<p> <strong>Sobrepesca.<\/strong> A sobrepesca n\u00e3o s\u00f3 dizima a vida marinha e perturba ecossistemas marinhos fr\u00e1geis, como tamb\u00e9m amea\u00e7a a vida de milh\u00f5es de pessoas que dependem de frutos do mar para alimenta\u00e7\u00e3o e sustento. De acordo com o Conselho de Gest\u00e3o Marinha (Marine Stewardship Council), os n\u00edveis de sobrepesca s\u00e3o agora tr\u00eas vezes maiores do que em 1970. <\/p>\n<p> A sobrepesca representa uma s\u00e9ria amea\u00e7a ao ecossistema marinho.<\/p>\n<p> \u00a9Andrea Izzotti\/Shutterstock.com<\/p>\n<p> A Organiza\u00e7\u00e3o das Na\u00e7\u00f5es Unidas para a Alimenta\u00e7\u00e3o e a Agricultura (UNESCO), que monitora os estoques pesqueiros globais, estima que aproximadamente 35,51 TP3T desses estoques foram sobrepescados em 2024. A sobrepesca foi a causa do colapso da pesca de bacalhau nos Grandes Bancos do Canad\u00e1 em 1992, levando \u00e0 perda de empregos para dezenas de milhares de pescadores.<\/p>\n<p> Estimativas de escala <strong>polui\u00e7\u00e3o pl\u00e1stica<\/strong> Embora as estimativas variem bastante, milh\u00f5es de toneladas de pl\u00e1stico acabam nos oceanos do mundo todos os anos, com alguns estudos sugerindo que entre 19 e 23 milh\u00f5es de toneladas entram nos ecossistemas aqu\u00e1ticos anualmente. O pl\u00e1stico representa 85% dos detritos marinhos. Um estudo estima que existam mais de 170 trilh\u00f5es de part\u00edculas de pl\u00e1stico flutuando nos oceanos do mundo.<\/p>\n<p> Embora essas estat\u00edsticas possam parecer incr\u00edveis, eu acredito nelas. Todos os dias, detritos pl\u00e1sticos chegam \u00e0s praias da costa leste de Bonaire. Volunt\u00e1rios passam incont\u00e1veis horas coletando e removendo-os. No dia seguinte, ainda mais aparece. Uma situa\u00e7\u00e3o semelhante \u00e9 observada em comunidades insulares e costeiras por todo o Caribe e ao redor do mundo.<\/p>\n<p> <strong>Aquecimento e acidifica\u00e7\u00e3o dos oceanos.<\/strong> Os oceanos do mundo agem como uma esponja, absorvendo di\u00f3xido de carbono da atmosfera. Cientistas estimam que aproximadamente 30% das emiss\u00f5es de CO2 causadas pela atividade humana foram absorvidas pelos oceanos. Isso ajudou a estabilizar o clima do planeta. No entanto, com o aumento da temperatura da superf\u00edcie dos oceanos, essa absor\u00e7\u00e3o diminui. Um estudo constatou que, em 2023, os oceanos absorveram cerca de 10% menos CO2 do que o esperado, devido ao aumento da temperatura oce\u00e2nica. <\/p>\n<p> O branqueamento dos corais \u00e9 resultado do aumento da temperatura dos oceanos.<\/p>\n<p> \u00a9Sabangvideo\/Shutterstock.com<\/p>\n<p> A acidifica\u00e7\u00e3o \u00e9 outra amea\u00e7a. Quando a \u00e1gua do mar absorve CO2, produz um subproduto chamado \u00e1cido carb\u00f4nico. Isso reduz o pH da \u00e1gua e a quantidade de \u00edons carbonato, um componente essencial para organismos construtores de conchas e recifes. Uma consequ\u00eancia negativa \u00e9 o branqueamento dos corais, que acaba levando \u00e0 mortalidade em massa desses organismos. Quando os corais morrem, os recifes ficam enfraquecidos e podem eventualmente entrar em colapso.<\/p>\n<h2> Como o Dia Mundial dos Oceanos est\u00e1 respondendo \u00e0 situa\u00e7\u00e3o<\/h2>\n<p> O tema do Dia Mundial dos Oceanos deste ano \u00e9 &quot;Construindo \u00c1reas Marinhas Protegidas Robustas para o Nosso Planeta Azul&quot;. O objetivo \u00e9 orientar a a\u00e7\u00e3o global nos pr\u00f3ximos anos, visando proteger 30% das terras, \u00e1guas e oceanos do planeta at\u00e9 2030.<\/p>\n<p> Esta iniciativa faz parte do acordo &quot;30x30&quot; sobre clima e conserva\u00e7\u00e3o da natureza, adotado no \u00e2mbito do Quadro Global de Biodiversidade em Kunming-Montreal, em dezembro de 2022. Mais de 190 pa\u00edses assinaram este acordo na 15\u00aa Confer\u00eancia das Partes (COP 15). <\/p>\n<p> Bonaire \u00e9 um dos muitos pa\u00edses que possuem \u00e1reas marinhas protegidas (AMPs).<\/p>\n<p> \u00a9bcampbell65\/Shutterstock.com<\/p>\n<p> Um dos principais objetivos do tema do Dia Mundial dos Oceanos deste ano \u00e9 estabelecer mais \u00e1reas marinhas protegidas (AMPs) em todo o mundo. Proteger esses ecossistemas fr\u00e1geis \u00e9 o primeiro passo para alcan\u00e7ar resultados mensur\u00e1veis de conserva\u00e7\u00e3o. Por meio dessa prote\u00e7\u00e3o, os estoques pesqueiros essenciais podem se recuperar e a biodiversidade pode retornar ao normal.<\/p>\n<p> Outra iniciativa dos organizadores do Dia Mundial dos Oceanos \u00e9 continuar pressionando os l\u00edderes mundiais para que mantenham o foco no compromisso 30x30. No entanto, mais pode ser feito \u2014 n\u00e3o apenas no Dia Mundial dos Oceanos, mas todos os dias.<\/p>\n<h2> Outras estrat\u00e9gias que t\u00eam impacto<\/h2>\n<p> Diversas iniciativas locais eficazes est\u00e3o em andamento para combater as amea\u00e7as aos oceanos do mundo. Um desses modelos \u00e9 a conserva\u00e7\u00e3o liderada pela comunidade. Isso inclui o manejo de terras e \u00e1guas por povos ind\u00edgenas, a gest\u00e3o de \u00e1reas marinhas protegidas locais e a limpeza dos oceanos, como a limpeza anual dos canais naveg\u00e1veis patrocinada pela Associa\u00e7\u00e3o das Ind\u00fastrias Marinhas do Sul da Fl\u00f3rida.<\/p>\n<p> Os consumidores tamb\u00e9m podem fazer a diferen\u00e7a. Duas maneiras de fazer isso s\u00e3o apoiando a\u00e7\u00f5es clim\u00e1ticas e escolhendo frutos do mar sustent\u00e1veis. A tecnologia tamb\u00e9m est\u00e1 sendo utilizada, como o monitoramento subaqu\u00e1tico e a pesquisa de recifes com intelig\u00eancia artificial.<\/p>\n<p> O artigo &quot;Nossos Mares Vivos: Crise nos Ecossistemas Marinhos e Como o Mundo Responde&quot; foi publicado originalmente no site da AZ Animals.<\/p>","protected":false},"excerpt":{"rendered":"<p>O artigo &quot;Nossos Mares Vivos: Crise nos Ecossistemas Marinhos e Como o Mundo Responde&quot; foi publicado originalmente no site da AZ Animals. Eu moro na ilha caribenha holandesa de Bonaire\u2026<\/p>","protected":false},"author":1,"featured_media":11869,"comment_status":"open","ping_status":"closed","sticky":false,"template":"","format":"standard","meta":{"footnotes":""},"categories":[2],"tags":[],"class_list":["post-11868","post","type-post","status-publish","format-standard","has-post-thumbnail","hentry","category-news","hvn-theme-has-thumbnail"],"_links":{"self":[{"href":"https:\/\/imgist.ru\/pt\/wp-json\/wp\/v2\/posts\/11868","targetHints":{"allow":["GET"]}}],"collection":[{"href":"https:\/\/imgist.ru\/pt\/wp-json\/wp\/v2\/posts"}],"about":[{"href":"https:\/\/imgist.ru\/pt\/wp-json\/wp\/v2\/types\/post"}],"author":[{"embeddable":true,"href":"https:\/\/imgist.ru\/pt\/wp-json\/wp\/v2\/users\/1"}],"replies":[{"embeddable":true,"href":"https:\/\/imgist.ru\/pt\/wp-json\/wp\/v2\/comments?post=11868"}],"version-history":[{"count":4,"href":"https:\/\/imgist.ru\/pt\/wp-json\/wp\/v2\/posts\/11868\/revisions"}],"predecessor-version":[{"id":155474,"href":"https:\/\/imgist.ru\/pt\/wp-json\/wp\/v2\/posts\/11868\/revisions\/155474"}],"wp:featuredmedia":[{"embeddable":true,"href":"https:\/\/imgist.ru\/pt\/wp-json\/wp\/v2\/media\/11869"}],"wp:attachment":[{"href":"https:\/\/imgist.ru\/pt\/wp-json\/wp\/v2\/media?parent=11868"}],"wp:term":[{"taxonomy":"category","embeddable":true,"href":"https:\/\/imgist.ru\/pt\/wp-json\/wp\/v2\/categories?post=11868"},{"taxonomy":"post_tag","embeddable":true,"href":"https:\/\/imgist.ru\/pt\/wp-json\/wp\/v2\/tags?post=11868"}],"curies":[{"name":"wp","href":"https:\/\/api.w.org\/{rel}","templated":true}]}}