{"id":1190,"date":"2026-05-29T22:27:56","date_gmt":"2026-05-29T19:27:56","guid":{"rendered":"https:\/\/imgist.ru\/kane-uest-poluchil-razreshenie-ot-pravitelstva-na-vystuplenie-v-niderlandah-nesmotrya-na-protesty\/"},"modified":"2026-05-29T22:27:56","modified_gmt":"2026-05-29T19:27:56","slug":"kane-uest-recebeu-autorizacao-do-governo-para-se-apresentar-na-holanda-apesar-dos-protestos","status":"publish","type":"post","link":"https:\/\/imgist.ru\/pt\/kane-uest-poluchil-razreshenie-ot-pravitelstva-na-vystuplenie-v-niderlandah-nesmotrya-na-protesty\/","title":{"rendered":"Kanye West recebeu autoriza\u00e7\u00e3o do governo para se apresentar na Holanda, apesar dos protestos."},"content":{"rendered":"<p>Um dia antes do in\u00edcio da turn\u00ea de ver\u00e3o de Kanye West em Istambul, ele recebeu permiss\u00e3o das autoridades holandesas para se apresentar na cidade de Arnhelm nos dias 6 e 8 de junho, apesar dos protestos e da resist\u00eancia no pa\u00eds.<\/p>\n<p> \u00ab&quot;Deve haver raz\u00f5es convincentes para negar a entrada no pa\u00eds. N\u00e3o encontramos nenhuma nas an\u00e1lises que realizamos&quot;, disse o vice-primeiro-ministro Bart van den Brink na sexta-feira, segundo a Reuters. &quot;Suas declara\u00e7\u00f5es anteriores n\u00e3o constituem, atualmente, motivo para negar-lhe a entrada.&quot;.<\/p>\n<p> <strong>Mais da Variety<\/strong> <\/p>\n<ul>\n<li>\n<p> Jon Stewart e Seth Rogen criticam Kanye West por sua tentativa de retorno: &#039;Que se dane esse cara!&#039;\u00ab <\/p>\n<\/li>\n<li>\n<p> O pr\u00f3ximo show de Kanye West na It\u00e1lia gerou indigna\u00e7\u00e3o ap\u00f3s o cancelamento de apresenta\u00e7\u00f5es no Reino Unido, Fran\u00e7a, Su\u00ed\u00e7a e Pol\u00f4nia. <\/p>\n<\/li>\n<li>\n<p> Um clube de futebol su\u00ed\u00e7o cancelou um show de Kanye West, alegando que &quot;n\u00e3o est\u00e1 alinhado com nossos valores&quot;. <\/p>\n<\/li>\n<\/ul>\n<p> Van den Brink se referia ao hist\u00f3rico de declara\u00e7\u00f5es antissemitas de West nos \u00faltimos anos, incluindo o lan\u00e7amento da m\u00fasica &quot;Heil Hitler&quot;, que alienou in\u00fameros f\u00e3s e observadores ao redor do mundo. Embora West tenha se desculpado por elas, alegando problemas de sa\u00fade mental, muitos duvidam de sua sinceridade.<\/p>\n<p> Em janeiro, West publicou um an\u00fancio de p\u00e1gina inteira no Wall Street Journal pedindo perd\u00e3o e atribuindo seu comportamento a um diagn\u00f3stico de transtorno bipolar tipo I, que desencadeou &quot;um epis\u00f3dio man\u00edaco de quatro meses com comportamento psic\u00f3tico, paranoico e impulsivo que destruiu minha vida&quot;.<\/p>\n<p> No in\u00edcio deste m\u00eas, a maioria dos membros da C\u00e2mara dos Representantes holandesa pediu a proibi\u00e7\u00e3o da entrada de cidad\u00e3os de Israel, segundo a emissora p\u00fablica holandesa NOS. O Centro de Informa\u00e7\u00e3o e Documenta\u00e7\u00e3o sobre Israel (CIDI) tamb\u00e9m pediu a proibi\u00e7\u00e3o de entrada no pa\u00eds.<\/p>\n<p> Em abril, West foi proibido de entrar no Reino Unido, o que levou ao cancelamento de sua apresenta\u00e7\u00e3o em um festival. Na Fran\u00e7a, o prefeito de Marselha, onde West tinha um show marcado, declarou que &quot;Kanye West n\u00e3o \u00e9 bem-vindo aqui&quot;, segundo o jornal The Guardian. O ministro do Interior franc\u00eas, Laurent Nunes, tamb\u00e9m estava &quot;extremamente determinado&quot; a impedir o show, de acordo com o jornal Le Monde. Uma casa de shows na Pol\u00f4nia tamb\u00e9m cancelou sua apresenta\u00e7\u00e3o, supostamente sob press\u00e3o do governo. <\/p>\n<p> Na manh\u00e3 de sexta-feira, 75 mil ingressos j\u00e1 haviam sido vendidos para o show de Kanye West em Istambul. A turn\u00ea inclui 10 apresenta\u00e7\u00f5es, com shows na Turquia e na Holanda.<\/p>\n<p> <strong>O melhor da variedade<\/strong> <\/p>\n<ul>\n<li>\n<p> O que chega ao Disney+ em junho de 2026? <\/p>\n<\/li>\n<li>\n<p> O que chega \u00e0 Netflix em junho de 2026? <\/p>\n<\/li>\n<li>\n<p> Previs\u00f5es para o Tony Awards: Palpites iniciais incluem &#039;Death of a Salesman&#039; e &#039;The Lost Boys&#039;, al\u00e9m de poss\u00edveis recordes para Squibb, Lithgow e Apple.<\/p>\n<\/li>\n<\/ul>\n<p> Assine a newsletter da Variety. Para ficar por dentro das \u00faltimas not\u00edcias, siga-nos no Facebook, Twitter e Instagram. .<\/p>","protected":false},"excerpt":{"rendered":"<p>Um dia antes do in\u00edcio da turn\u00ea de ver\u00e3o de Kanye West em Istambul, ele recebeu permiss\u00e3o das autoridades holandesas para se apresentar na cidade de Arnhelm nos dias 6 e 8\u2026<\/p>","protected":false},"author":1,"featured_media":1191,"comment_status":"open","ping_status":"closed","sticky":false,"template":"","format":"standard","meta":{"footnotes":""},"categories":[7],"tags":[],"class_list":["post-1190","post","type-post","status-publish","format-standard","has-post-thumbnail","hentry","category-muzyka","hvn-theme-has-thumbnail"],"_links":{"self":[{"href":"https:\/\/imgist.ru\/pt\/wp-json\/wp\/v2\/posts\/1190","targetHints":{"allow":["GET"]}}],"collection":[{"href":"https:\/\/imgist.ru\/pt\/wp-json\/wp\/v2\/posts"}],"about":[{"href":"https:\/\/imgist.ru\/pt\/wp-json\/wp\/v2\/types\/post"}],"author":[{"embeddable":true,"href":"https:\/\/imgist.ru\/pt\/wp-json\/wp\/v2\/users\/1"}],"replies":[{"embeddable":true,"href":"https:\/\/imgist.ru\/pt\/wp-json\/wp\/v2\/comments?post=1190"}],"version-history":[{"count":0,"href":"https:\/\/imgist.ru\/pt\/wp-json\/wp\/v2\/posts\/1190\/revisions"}],"wp:featuredmedia":[{"embeddable":true,"href":"https:\/\/imgist.ru\/pt\/wp-json\/wp\/v2\/media\/1191"}],"wp:attachment":[{"href":"https:\/\/imgist.ru\/pt\/wp-json\/wp\/v2\/media?parent=1190"}],"wp:term":[{"taxonomy":"category","embeddable":true,"href":"https:\/\/imgist.ru\/pt\/wp-json\/wp\/v2\/categories?post=1190"},{"taxonomy":"post_tag","embeddable":true,"href":"https:\/\/imgist.ru\/pt\/wp-json\/wp\/v2\/tags?post=1190"}],"curies":[{"name":"wp","href":"https:\/\/api.w.org\/{rel}","templated":true}]}}