{"id":1206,"date":"2026-05-29T22:28:56","date_gmt":"2026-05-29T19:28:56","guid":{"rendered":"https:\/\/imgist.ru\/sid-anonsiruet-gryadushhij-albom-beard-i-vypuskaet-zaglavnyj-singl-callin\/"},"modified":"2026-08-24T16:40:27","modified_gmt":"2026-08-24T13:40:27","slug":"sid-anuncia-o-lancamento-do-album-beard-e-o-primeiro-single-callin","status":"publish","type":"post","link":"https:\/\/imgist.ru\/pt\/sid-anonsiruet-gryadushhij-albom-beard-i-vypuskaet-zaglavnyj-singl-callin\/","title":{"rendered":"Sid anuncia o lan\u00e7amento do seu pr\u00f3ximo \u00e1lbum, &#039;Beard&#039;, e o primeiro single, &#039;Callin&#039;&#039;."},"content":{"rendered":"<p> Capa do \u00e1lbum &quot;Beard&quot; de Syd (Free Lunch\/Warner Records)<\/p>\n<p> Em seu primeiro \u00e1lbum novo em quatro anos <em>Barba<\/em> Syd abra\u00e7a seus &quot;pelos finos&quot;, sua personalidade \u00fanica e sua fase atual da vida. Ela coproduziu o \u00e1lbum e colaborou com Raphael Saadiq, Big Sean, Rodney Jerkins, James Fauntleroy, Van Hunt e outros.<\/p>\n<p> \u00ab&quot;Este \u00e9 um retrato de como \u00e9 a minha vida agora&quot;, disse Syd em um comunicado. &quot;O t\u00edtulo foi inspirado pelos pelos no meu bu\u00e7o, que a sociedade sempre me ensinou a odiar. Aprendi a amar meus pelos, e isso me obrigou a repensar tudo o que me fazia sentir insegura. Isso me permitiu assumir o controle da minha confian\u00e7a e abra\u00e7ar tudo o que sou e tudo o que amo em mim, independentemente do que os outros pensem.&quot;.<\/p>\n<p> Ela acrescentou que <em>barba<\/em> Isso tamb\u00e9m &quot;reflete como me vejo em rela\u00e7\u00e3o aos meus pares, especialmente na m\u00fasica. &#039;A Mulher Barbada&#039;. No meu caso, n\u00e3o \u00e9 tanto um espet\u00e1culo, mas sim uma anomalia e uma exce\u00e7\u00e3o. \u00c9 dif\u00edcil comparar. Admito isso tamb\u00e9m.&quot;. <\/p>\n<p> Sid revela seu primeiro single do \u00e1lbum, &quot;Callin&#039;&quot;, com participa\u00e7\u00e3o de Blu June, j\u00e1 dispon\u00edvel nas plataformas de streaming.<\/p>\n<p> Espera-se que <em>P\u00e1ssaro<\/em> Chegar\u00e1 no dia 17 de julho, seguido por uma turn\u00ea pelo Reino Unido e Europa para promov\u00ea-lo.<\/p>\n<p> Direitos autorais \u00a9 2026, ABC Audio. Todos os direitos reservados.<\/p>","protected":false},"excerpt":{"rendered":"<p>Capa do \u00e1lbum &quot;Beard&quot; de Syd (Free Lunch\/Warner Records). Em seu primeiro \u00e1lbum em quatro anos, &quot;Beard&quot;, Syd assume sua barba rala, personalidade \u00fanica e estilo atual\u2026<\/p>","protected":false},"author":1,"featured_media":1207,"comment_status":"open","ping_status":"closed","sticky":false,"template":"","format":"standard","meta":{"footnotes":""},"categories":[7],"tags":[],"class_list":["post-1206","post","type-post","status-publish","format-standard","has-post-thumbnail","hentry","category-muzyka","hvn-theme-has-thumbnail"],"_links":{"self":[{"href":"https:\/\/imgist.ru\/pt\/wp-json\/wp\/v2\/posts\/1206","targetHints":{"allow":["GET"]}}],"collection":[{"href":"https:\/\/imgist.ru\/pt\/wp-json\/wp\/v2\/posts"}],"about":[{"href":"https:\/\/imgist.ru\/pt\/wp-json\/wp\/v2\/types\/post"}],"author":[{"embeddable":true,"href":"https:\/\/imgist.ru\/pt\/wp-json\/wp\/v2\/users\/1"}],"replies":[{"embeddable":true,"href":"https:\/\/imgist.ru\/pt\/wp-json\/wp\/v2\/comments?post=1206"}],"version-history":[{"count":1,"href":"https:\/\/imgist.ru\/pt\/wp-json\/wp\/v2\/posts\/1206\/revisions"}],"predecessor-version":[{"id":142386,"href":"https:\/\/imgist.ru\/pt\/wp-json\/wp\/v2\/posts\/1206\/revisions\/142386"}],"wp:featuredmedia":[{"embeddable":true,"href":"https:\/\/imgist.ru\/pt\/wp-json\/wp\/v2\/media\/1207"}],"wp:attachment":[{"href":"https:\/\/imgist.ru\/pt\/wp-json\/wp\/v2\/media?parent=1206"}],"wp:term":[{"taxonomy":"category","embeddable":true,"href":"https:\/\/imgist.ru\/pt\/wp-json\/wp\/v2\/categories?post=1206"},{"taxonomy":"post_tag","embeddable":true,"href":"https:\/\/imgist.ru\/pt\/wp-json\/wp\/v2\/tags?post=1206"}],"curies":[{"name":"wp","href":"https:\/\/api.w.org\/{rel}","templated":true}]}}