{"id":12090,"date":"2026-06-04T19:13:41","date_gmt":"2026-06-04T16:13:41","guid":{"rendered":"https:\/\/imgist.ru\/endi-koen-udivil-krasavchika-bliznecza-andersona-kupera-tortom-i-vozdushnymi-sharami-vo-vremya-pozdravitelnoj-translyaczii\/"},"modified":"2026-08-29T12:08:25","modified_gmt":"2026-08-29T09:08:25","slug":"andy-koen-surpreendeu-o-belo-irmao-gemeo-anderson-cooper-com-um-bolo-e-baloes-durante-uma-transmissao-de-parabens","status":"publish","type":"post","link":"https:\/\/imgist.ru\/pt\/endi-koen-udivil-krasavchika-bliznecza-andersona-kupera-tortom-i-vozdushnymi-sharami-vo-vremya-pozdravitelnoj-translyaczii\/","title":{"rendered":"Andy Cohen surpreendeu Anderson Cooper, o &quot;G\u00eameo&quot;, com bolo e bal\u00f5es durante a transmiss\u00e3o do seu anivers\u00e1rio."},"content":{"rendered":"<h3>PRECISA SABER<\/h3>\n<ul>\n<li>\n<p> Anderson Cooper recebeu uma mensagem de anivers\u00e1rio do seu amigo Andy Cohen.<\/p>\n<\/li>\n<li>\n<p> O apresentador da CNN comemorou seu anivers\u00e1rio com uma apari\u00e7\u00e3o surpresa de Cohen no programa. <em>Anderson Cooper 360\u00b0<\/em> na quarta-feira, 3 de junho.<\/p>\n<\/li>\n<li>\n<p> \u00ab&quot;Esque\u00e7am essa elei\u00e7\u00e3o em Los Angeles. Chega. J\u00e1 ouvimos tudo isso antes. Cara, hoje \u00e9 seu anivers\u00e1rio, e o meu foi ontem&quot;, disse Cohen.<\/p>\n<\/li>\n<\/ul>\n<p> Andy Cohen n\u00e3o tinha nenhuma inten\u00e7\u00e3o de dar uma festa de anivers\u00e1rio para Anderson Cooper.<\/p>\n<p> A \u00faltima intera\u00e7\u00e3o ao vivo da dupla ocorreu na quarta-feira, 3 de junho, durante a transmiss\u00e3o do programa. <em>Anderson Cooper 360\u00b0<\/em> , Quando Cohen surpreendeu seu amigo com um bolo de anivers\u00e1rio e bal\u00f5es. &quot;Feliz anivers\u00e1rio, lindo geminiano!&quot;, anunciou Cohen, entrando no est\u00fadio da CNN e conectando-se ao microfone. &quot;Como vai, amigo? Feliz anivers\u00e1rio! Anderson!&quot;\u00ab<\/p>\n<p> Ele acrescentou: &quot;Esque\u00e7am essa elei\u00e7\u00e3o em Los Angeles. J\u00e1 chega. J\u00e1 ouvimos tudo isso antes. Cara, hoje \u00e9 seu anivers\u00e1rio, o meu foi ontem. Feliz anivers\u00e1rio, que bom te ver.&quot;.<\/p>\n<p> Cooper, que completou 59 anos na quarta-feira, mostrou-se animado durante toda a reuni\u00e3o e apagou as velas do seu bolo. &quot;Gostei muito do seu editorial; \u00e9 \u00f3timo&quot;, disse Cohen, antes de convid\u00e1-lo a &quot;apagar as velas&quot;.<\/p>\n<p> <strong>N\u00e3o perca nenhuma novidade - inscreva-se!<\/strong> <strong>newsletter di\u00e1ria gratuita PEOPLE<\/strong> <strong>, Para ficar por dentro do melhor que a revista PEOPLE tem a oferecer, desde not\u00edcias sobre celebridades at\u00e9 hist\u00f3rias humanas inspiradoras.<\/strong><\/p>\n<p> Cooper disse ao amigo que a transmiss\u00e3o estava indo &quot;bem&quot;, e Cohen, de 58 anos, observou em tom de brincadeira que ele tinha &quot;\u00f3dio nos olhos&quot;, uma refer\u00eancia aos ataques do presidente Donald Trump \u00e0 colega de Cooper na CNN, Kaitlan Collins.<\/p>\n<p> \u00ab&quot;Sabe o que eu acho \u00f3timo?&quot;, perguntou Cohen a Cooper, que respondeu: &quot;O qu\u00ea?&quot;.\u00bb<\/p>\n<p> \u00ab&quot;Voc\u00ea!&quot; exclamou Cohen, tentando limpar a cobertura do nariz de Cooper.<\/p>\n<p> \u00ab&quot;Voc\u00ea \u00e9 uma \u00f3tima \u00e2ncora. Voc\u00ea \u00e9 uma \u00f3tima apresentadora de not\u00edcias&quot;, acrescentou Cohen, chamando Cooper de &quot;a melhor&quot;, enquanto a jornalista ria e comia um cupcake durante a despedida. <\/p>\n<p> Andy Cohen e Anderson Cooper apresentar\u00e3o o especial de Ano Novo da CNN ao vivo em 31 de dezembro de 2025. Foto: Craig T. Fruchtman\/Getty.<\/p>\n<p> O apresentador do programa <em>Assista ao que acontece ao vivo<\/em> , Cohen, que celebrou seu pr\u00f3prio anivers\u00e1rio na ter\u00e7a-feira, 2 de junho, apresenta a transmiss\u00e3o de Ano Novo da CNN com Cooper desde 2017. Na ter\u00e7a-feira, Cohen desejou feliz anivers\u00e1rio ao amigo em uma publica\u00e7\u00e3o no Instagram Stories, e Cooper respondeu chamando-o de seu &quot;g\u00eameo de G\u00eameos&quot;. O pr\u00f3ximo especial, intitulado <em>V\u00e9spera da Independ\u00eancia Ao Vivo<\/em> Com a participa\u00e7\u00e3o de Cohen e Cooper, o epis\u00f3dio ir\u00e1 ao ar no dia 3 de julho na CNN.<\/p>\n<p> Este ano foi um ano de grandes mudan\u00e7as para Cooper: em 17 de maio, ele apresentou seu \u00faltimo epis\u00f3dio do programa. <em>\u00ab&quot;60 minutos&quot;.<\/em> A sa\u00edda ocorre tr\u00eas meses depois de Cooper ter anunciado seu afastamento do programa de not\u00edcias como correspondente devido a motivos familiares.<\/p>\n<p> \u00abDurante minhas f\u00e9rias na CNN, trabalhei em reportagens para o programa.\u201d <em>\u00ab60 minutos\u00bb<\/em> , E eu gostei muito. Mas n\u00e3o foi f\u00e1cil. Eu sempre imaginava: &quot;Bem, quando eu n\u00e3o quiser mais trabalhar na rotina di\u00e1ria de not\u00edcias, vou gostar de contar hist\u00f3rias para...&quot; <em>\u00ab60 minutos<\/em> \u00bb&quot;Mas quando tive filhos, a realidade foi completamente diferente do que voc\u00ea pode imaginar&quot;, disse Cooper durante <em>Edi\u00e7\u00e3o adicional do programa &quot;60 Minutos&quot;\u00ab<\/em> .<\/p>\n<p> Cooper entrou para o programa. <em>\u00ab60 minutos\u00bb<\/em> Durante a temporada televisiva de 2006-2007. Na CNN, ele renovou seu contrato em dezembro de 2025 e continua apresentando o programa. <em>\u00ab&quot;Anderson Cooper 360\u00b0&quot;,<\/em> e tamb\u00e9m apresenta, juntamente com Cohen, o especial anual de Ano Novo da CNN.<\/p>\n<p> Leia o artigo original na revista People.<\/p>","protected":false},"excerpt":{"rendered":"<p>\u00c9 IMPORTANTE SABER: Anderson Cooper recebeu uma mensagem de anivers\u00e1rio do amigo Andy Cohen. O apresentador da CNN comemorou seu anivers\u00e1rio com uma apari\u00e7\u00e3o surpresa de Cohen em um epis\u00f3dio\u2026<\/p>","protected":false},"author":1,"featured_media":0,"comment_status":"open","ping_status":"closed","sticky":false,"template":"","format":"standard","meta":{"footnotes":""},"categories":[6],"tags":[],"class_list":["post-12090","post","type-post","status-publish","format-standard","hentry","category-kinoindustriya"],"_links":{"self":[{"href":"https:\/\/imgist.ru\/pt\/wp-json\/wp\/v2\/posts\/12090","targetHints":{"allow":["GET"]}}],"collection":[{"href":"https:\/\/imgist.ru\/pt\/wp-json\/wp\/v2\/posts"}],"about":[{"href":"https:\/\/imgist.ru\/pt\/wp-json\/wp\/v2\/types\/post"}],"author":[{"embeddable":true,"href":"https:\/\/imgist.ru\/pt\/wp-json\/wp\/v2\/users\/1"}],"replies":[{"embeddable":true,"href":"https:\/\/imgist.ru\/pt\/wp-json\/wp\/v2\/comments?post=12090"}],"version-history":[{"count":1,"href":"https:\/\/imgist.ru\/pt\/wp-json\/wp\/v2\/posts\/12090\/revisions"}],"predecessor-version":[{"id":155609,"href":"https:\/\/imgist.ru\/pt\/wp-json\/wp\/v2\/posts\/12090\/revisions\/155609"}],"wp:attachment":[{"href":"https:\/\/imgist.ru\/pt\/wp-json\/wp\/v2\/media?parent=12090"}],"wp:term":[{"taxonomy":"category","embeddable":true,"href":"https:\/\/imgist.ru\/pt\/wp-json\/wp\/v2\/categories?post=12090"},{"taxonomy":"post_tag","embeddable":true,"href":"https:\/\/imgist.ru\/pt\/wp-json\/wp\/v2\/tags?post=12090"}],"curies":[{"name":"wp","href":"https:\/\/api.w.org\/{rel}","templated":true}]}}