{"id":12449,"date":"2026-06-04T21:19:45","date_gmt":"2026-06-04T18:19:45","guid":{"rendered":"https:\/\/imgist.ru\/kendall-dzhenner-podrobno-rasskazala-o-svoem-idealnom-lete-na-fone-sluhov-o-dzhejkobe-elordi\/"},"modified":"2026-06-04T21:19:45","modified_gmt":"2026-06-04T18:19:45","slug":"kendall-jenner-detalha-seu-verao-perfeito-em-meio-a-rumores-sobre-jacob-elordi","status":"publish","type":"post","link":"https:\/\/imgist.ru\/pt\/kendall-dzhenner-podrobno-rasskazala-o-svoem-idealnom-lete-na-fone-sluhov-o-dzhejkobe-elordi\/","title":{"rendered":"Kendall Jenner detalha seu &#039;ver\u00e3o perfeito&#039; em meio a rumores sobre Jacob Elordi."},"content":{"rendered":"<p>Em uma nova entrevista <strong>Kendall Jenner<\/strong> Ela falou sobre seu &quot;ver\u00e3o perfeito&quot; em meio a rumores de um caso com o astro da s\u00e9rie &quot;Euphoria&quot;.\u00ab <strong>Jacob Elordi<\/strong> . Jenner e Elordi foram vistos juntos recentemente em T\u00f3quio. A modelo est\u00e1 comemorando o quinto anivers\u00e1rio de sua marca de bebidas, a 818 Tequila, lan\u00e7ada em 2021.<\/p>\n<h2> Kendall Jenner descreve como seria seu &quot;dia de ver\u00e3o perfeito&quot; em meio a rumores de romance com Jacob Elordi.<\/h2>\n<p> Kendall Jenner est\u00e1 pronta para curtir o ver\u00e3o como todo mundo. Em uma nova entrevista para a revista PEOPLE, ela compartilhou sua ideia de um &quot;ver\u00e3o perfeito&quot;. Ela disse: &quot;Para mim, um dia perfeito de ver\u00e3o \u00e9 passar um tempo com meus amigos e familiares mais pr\u00f3ximos, saboreando comidas deliciosas, bebidas gostosas, ouvindo m\u00fasica o dia todo, desconectando completamente e curtindo a companhia uns dos outros.&quot;.<\/p>\n<p> \u00ab&quot;Tamb\u00e9m adoro um churrasco cl\u00e1ssico. Hamb\u00fargueres e margaritas! Adoro uma margarita de laranja sangu\u00ednea ou at\u00e9 mesmo a nossa A\u00f1ejo com gelo e uma fatia de laranja&quot;, acrescentou. Ela tamb\u00e9m compartilhou seus itens indispens\u00e1veis para a piscina. Disse que nunca vai a lugar nenhum sem um bom chap\u00e9u de sol ou sem suas irm\u00e3s, acrescentando que adoraria tomar margaritas com &quot;todas elas&quot;. Sobre chap\u00e9us de sol estilosos, ela disse: &quot;A Staud tem tantas op\u00e7\u00f5es boas&quot;.<\/p>\n<p> \u00ab&quot;Outras coisas que adoro incluem o hidratante L&#039;Or\u00e9al Paris Glotion, o s\u00e9rum facial em spray PDRN Collagen Glow e um bom par de chinelos&quot;, disse Jenner. Sua marca, a tequila 818, n\u00e3o s\u00f3 est\u00e1 comemorando seu quinto anivers\u00e1rio, como tamb\u00e9m firmou uma nova parceria com a Sazerac. &quot;Estou incrivelmente orgulhosa do que conquistamos nos \u00faltimos cinco anos e temos um enorme potencial de crescimento global, mantendo-nos fi\u00e9is a n\u00f3s mesmos&quot;, disse ela sobre o acordo.<\/p>\n<p> Embora Elordi e Jenner tenham aparecido juntos em p\u00fablico diversas vezes, nenhum dos dois comentou ainda os rumores de namoro. Eles foram vistos juntos pela primeira vez no festival Coachella, depois do qual viajaram juntos para o Hava\u00ed e o Jap\u00e3o.<\/p>\n<p> <em>A reportagem original de Ankita Shaw foi publicada no Reality Tea.<\/em><\/p>\n<p> O artigo &quot;Kendall Jenner detalha seu &#039;ver\u00e3o perfeito&#039; em meio a rumores sobre Jacob Elordi&quot; foi publicado originalmente no Mandatory.<\/p>","protected":false},"excerpt":{"rendered":"<p>Em uma nova entrevista, Kendall Jenner descreveu seu &quot;ver\u00e3o perfeito&quot; em meio a rumores de um romance com o ator Jacob Elordi, da s\u00e9rie Euphoria. Jenner e Elordi\u2026<\/p>","protected":false},"author":1,"featured_media":12450,"comment_status":"open","ping_status":"closed","sticky":false,"template":"","format":"standard","meta":{"footnotes":""},"categories":[5],"tags":[],"class_list":["post-12449","post","type-post","status-publish","format-standard","has-post-thumbnail","hentry","category-selebriti","hvn-theme-has-thumbnail"],"_links":{"self":[{"href":"https:\/\/imgist.ru\/pt\/wp-json\/wp\/v2\/posts\/12449","targetHints":{"allow":["GET"]}}],"collection":[{"href":"https:\/\/imgist.ru\/pt\/wp-json\/wp\/v2\/posts"}],"about":[{"href":"https:\/\/imgist.ru\/pt\/wp-json\/wp\/v2\/types\/post"}],"author":[{"embeddable":true,"href":"https:\/\/imgist.ru\/pt\/wp-json\/wp\/v2\/users\/1"}],"replies":[{"embeddable":true,"href":"https:\/\/imgist.ru\/pt\/wp-json\/wp\/v2\/comments?post=12449"}],"version-history":[{"count":0,"href":"https:\/\/imgist.ru\/pt\/wp-json\/wp\/v2\/posts\/12449\/revisions"}],"wp:featuredmedia":[{"embeddable":true,"href":"https:\/\/imgist.ru\/pt\/wp-json\/wp\/v2\/media\/12450"}],"wp:attachment":[{"href":"https:\/\/imgist.ru\/pt\/wp-json\/wp\/v2\/media?parent=12449"}],"wp:term":[{"taxonomy":"category","embeddable":true,"href":"https:\/\/imgist.ru\/pt\/wp-json\/wp\/v2\/categories?post=12449"},{"taxonomy":"post_tag","embeddable":true,"href":"https:\/\/imgist.ru\/pt\/wp-json\/wp\/v2\/tags?post=12449"}],"curies":[{"name":"wp","href":"https:\/\/api.w.org\/{rel}","templated":true}]}}