{"id":12635,"date":"2026-06-04T23:03:30","date_gmt":"2026-06-04T20:03:30","guid":{"rendered":"https:\/\/imgist.ru\/kak-odin-fanat-prevratil-vsemirnyj-den-the-beatles-v-mirovuyu-tradicziyu\/"},"modified":"2026-06-04T23:03:30","modified_gmt":"2026-06-04T20:03:30","slug":"como-um-fa-transformou-o-dia-dos-beatles-celebrado-mundialmente-em-uma-tradicao-global","status":"publish","type":"post","link":"https:\/\/imgist.ru\/pt\/kak-odin-fanat-prevratil-vsemirnyj-den-the-beatles-v-mirovuyu-tradicziyu\/","title":{"rendered":"Como um f\u00e3 transformou o Dia Mundial dos Beatles em uma tradi\u00e7\u00e3o global"},"content":{"rendered":"<p>Em 2009, Faith Cohen, f\u00e3 dos Beatles h\u00e1 muito tempo, fundou o Dia Mundial dos Beatles por impulso. Essa iniciativa, verdadeiramente impulsionada pela comunidade, evoluiu gradualmente, mas com seguran\u00e7a, para uma tradi\u00e7\u00e3o genu\u00edna, celebrada anualmente em todo o mundo no dia 25 de junho.<\/p>\n<p> Mas 2026 j\u00e1 se anuncia como um ano muito diferente. Esta semana, o rec\u00e9m-nomeado CEO da Apple Corps, Tom Green, reconheceu oficialmente o Dia Mundial dos Beatles, escrevendo a Cohen: &quot;Agora mais do que nunca, a mensagem dos Beatles e de &#039;All You Need Is Love&#039; fala de algo vital sobre comunidade, conex\u00e3o e o poder de unir as pessoas. \u00c9 isso que torna o Dia Mundial dos Beatles t\u00e3o especial. Ele pede apenas uma coisa: que as pessoas, onde quer que estejam, parem, ou\u00e7am e compartilhem um pouco de alegria.&quot;.<\/p>\n<p> Para Cohen, a principal motiva\u00e7\u00e3o para promover o Dia Mundial dos Beatles era celebrar a alegria inerente \u00e0 m\u00fasica da banda. Seu amor pelos Beatles come\u00e7ou, como o de muitos outros, em 9 de fevereiro de 1964, quando assistiu \u00e0 estreia da banda nos Estados Unidos no The Ed Sullivan Show. Em agosto de 1965, quando tinha apenas seis anos, Cohen implorou aos pais para que a deixassem ficar acordada para assistir Paul McCartney cantar &quot;Yesterday&quot; no popular programa de variedades de Sullivan.<\/p>\n<p> Para Cohen, a escolha de 25 de junho foi \u00f3bvia. Naquele dia lend\u00e1rio de 1967, os Beatles apresentaram &quot;All You Need Is Love&quot; ao vivo como parte da transmiss\u00e3o global de &quot;Our World&quot;. Com uma audi\u00eancia de cerca de 350 milh\u00f5es de pessoas em cinco continentes, foi o auge do movimento hippie. &quot;Os Beatles uniram o mundo naquele dia&quot;, explicou Cohen, &quot;ent\u00e3o foi perfeitamente l\u00f3gico marc\u00e1-lo como um dia de lembran\u00e7a \u2014 global e universal.&quot;.<\/p>\n<p> Natural de Indian\u00e1polis, Cohen atribui ao tamb\u00e9m escritor de Indian\u00e1polis, Kurt Vonnegut Jr., a captura das alegrias simples do repert\u00f3rio dos Beatles. Em seu livro de 1997, Timequake, o escritor observou: &quot;Digo em meus discursos que provavelmente a miss\u00e3o dos artistas \u00e9 fazer as pessoas apreciarem um pouco mais a vida. As pessoas me perguntam se conhe\u00e7o algum artista que tenha feito isso. Eu respondo: &#039;Os Beatles fizeram.&#039;&quot;.<\/p>\n<p> <strong><em>Quer ir al\u00e9m das \u00faltimas tend\u00eancias culturais? O The Swell apresenta obras de arte criadas para durar. Cadastre-se aqui.<\/em><\/strong><\/p>\n<p> Gra\u00e7as a Cohen, o mundo agora v\u00ea o dia 25 de junho como &quot;uma carta de amor anual aos Beatles, um momento em que podemos celebrar suas conquistas musicais e influ\u00eancia cultural&quot;. McCartney espera que o Dia Mundial dos Beatles se torne uma oportunidade anual para reafirmar seu compromisso com os ideais da banda, que ele sabiamente explicou na s\u00e9rie documental Anthology. &quot;Fico muito feliz que a maioria das m\u00fasicas seja sobre amor, paz e compreens\u00e3o&quot;, lembrou ele. &quot;Quase n\u00e3o h\u00e1 nenhuma que diga: &#039;Vamos l\u00e1, crian\u00e7as, mandem todos eles se foderem. Deixem seus pais em paz.&#039; \u00c9 tudo muito parecido com &#039;All You Need Is Love&#039; ou &#039;Give Peace a Chance&#039;, do John. Havia um bom esp\u00edrito em tudo isso, do qual me orgulho muito.&quot;.<\/p>\n<p> Quando se tratou de dar vida ao Dia Mundial da Mem\u00f3ria dos Beatles na era das redes sociais, Cohen simplesmente &quot;deu vida ao seu sonho e o compartilhou como se j\u00e1 existisse&quot;. Para Cohen, estabelecer um dia anual em mem\u00f3ria dos Beatles fazia todo o sentido. &quot;Eu via esses feriados com nomes como &#039;Dia de Falar como um Pirata&#039; e pensava: &#039;Por que n\u00e3o criar um dia dedicado aos Beatles como forma de expressar gratid\u00e3o?&#039;&quot;\u00ab<\/p>\n<p> Juntamente com Cheryl Gregory, tamb\u00e9m f\u00e3 dos Beatles e veterana da ind\u00fastria musical, Cohen criou um site e come\u00e7ou a divulgar a iniciativa. Logo depois, f\u00e3s dos Beatles do mundo todo come\u00e7aram a entrar em contato. Amantes da m\u00fasica em Cuba organizaram um festival de cinema dedicado aos Beatles, e f\u00e3s na It\u00e1lia, R\u00fassia e Gr\u00e9cia encontraram suas pr\u00f3prias maneiras de homenagear o lugar especial que os Beatles ocupam em suas vidas.<\/p>\n<p> Para comemorar a ocasi\u00e3o, a Apple Corps lan\u00e7ar\u00e1 uma vers\u00e3o colorizada da apresenta\u00e7\u00e3o da banda de &quot;All You Need Is Love&quot; no YouTube em 2026, para que o mundo possa compartilhar da alegria e do otimismo ilimitados dos Beatles. Para Cohen, celebrar o Dia Mundial dos Beatles \u00e9 celebrar &quot;tudo de bom&quot;. E a beleza de homenagear os Beatles em 25 de junho \u00e9 que os amantes da m\u00fasica podem comemorar da maneira que quiserem, seja grande ou pequena. Como sugere o site do Dia Mundial dos Beatles, voc\u00ea pode simplesmente relaxar e ouvir seu \u00e1lbum favorito ou, se estiver se sentindo especialmente ambicioso, pode organizar uma festa de audi\u00e7\u00e3o ou aprender a tocar um instrumento. E se voc\u00ea planeja comemorar sozinho, tudo bem tamb\u00e9m. Ligue a m\u00fasica, aproveite o dia e &quot;cante s\u00f3 para voc\u00eas mesmos&quot;.<\/p>\n<p> O artigo &quot;Como um f\u00e3 transformou o Dia Mundial dos Beatles em uma tradi\u00e7\u00e3o global&quot; foi publicado originalmente no Salon.com.<\/p>","protected":false},"excerpt":{"rendered":"<p>Em 2009, Faith Cohen, f\u00e3 dos Beatles h\u00e1 muito tempo, fundou o Dia Mundial dos Beatles, contando com um golpe de sorte. Essa iniciativa verdadeiramente comunit\u00e1ria cresceu de forma gradual, por\u00e9m constante\u2026<\/p>","protected":false},"author":1,"featured_media":12636,"comment_status":"open","ping_status":"closed","sticky":false,"template":"","format":"standard","meta":{"footnotes":""},"categories":[7],"tags":[],"class_list":["post-12635","post","type-post","status-publish","format-standard","has-post-thumbnail","hentry","category-muzyka","hvn-theme-has-thumbnail"],"_links":{"self":[{"href":"https:\/\/imgist.ru\/pt\/wp-json\/wp\/v2\/posts\/12635","targetHints":{"allow":["GET"]}}],"collection":[{"href":"https:\/\/imgist.ru\/pt\/wp-json\/wp\/v2\/posts"}],"about":[{"href":"https:\/\/imgist.ru\/pt\/wp-json\/wp\/v2\/types\/post"}],"author":[{"embeddable":true,"href":"https:\/\/imgist.ru\/pt\/wp-json\/wp\/v2\/users\/1"}],"replies":[{"embeddable":true,"href":"https:\/\/imgist.ru\/pt\/wp-json\/wp\/v2\/comments?post=12635"}],"version-history":[{"count":0,"href":"https:\/\/imgist.ru\/pt\/wp-json\/wp\/v2\/posts\/12635\/revisions"}],"wp:featuredmedia":[{"embeddable":true,"href":"https:\/\/imgist.ru\/pt\/wp-json\/wp\/v2\/media\/12636"}],"wp:attachment":[{"href":"https:\/\/imgist.ru\/pt\/wp-json\/wp\/v2\/media?parent=12635"}],"wp:term":[{"taxonomy":"category","embeddable":true,"href":"https:\/\/imgist.ru\/pt\/wp-json\/wp\/v2\/categories?post=12635"},{"taxonomy":"post_tag","embeddable":true,"href":"https:\/\/imgist.ru\/pt\/wp-json\/wp\/v2\/tags?post=12635"}],"curies":[{"name":"wp","href":"https:\/\/api.w.org\/{rel}","templated":true}]}}