{"id":12721,"date":"2026-06-04T23:18:48","date_gmt":"2026-06-04T20:18:48","guid":{"rendered":"https:\/\/imgist.ru\/samye-radikalnye-izmeneniya-pricheski-andzheliny-dzholi-za-eti-gody-luchshie-fotografii\/"},"modified":"2026-08-29T12:10:08","modified_gmt":"2026-08-29T09:10:08","slug":"as-mudancas-de-penteado-mais-radicais-de-angelina-jolie-ao-longo-dos-anos-as-melhores-fotos","status":"publish","type":"post","link":"https:\/\/imgist.ru\/pt\/samye-radikalnye-izmeneniya-pricheski-andzheliny-dzholi-za-eti-gody-luchshie-fotografii\/","title":{"rendered":"As mudan\u00e7as de penteado mais dr\u00e1sticas de Angelina Jolie ao longo dos anos \u2013 as melhores fotos"},"content":{"rendered":"<p>De tatuagens e penteados a modifica\u00e7\u00f5es corporais tempor\u00e1rias, Angelina Jolie n\u00e3o tem medo de fazer mudan\u00e7as dr\u00e1sticas, seja para um papel no cinema ou para outros fins.<\/p>\n<p> Nos \u00faltimos anos, ela tem sido vista frequentemente com o cabelo loiro platinado, rec\u00e9m-tingido, embora n\u00e3o seja muito diferente do tom castanho-acinzentado que usava antes.<\/p>\n<p> Abaixo, voc\u00ea pode relembrar alguns dos looks que a atriz experimentou no filme. <em>\u00abMal\u00e9vola\u00bb<\/em> , desde seu ic\u00f4nico corte pixie curto at\u00e9 seus cabelos loiros inspirados em Garota, Interrompida.<\/p>\n<p> 1\/6 <\/p>\n<p> Angelina Jolie durante a cerim\u00f4nia de entrega dos pr\u00eamios Cable ACE em Los Angeles, Calif\u00f3rnia, EUA, em 1997.<\/p>\n<p> Pr\u00eamio Cable ACE de 1997<\/p>\n<h2> Temporada de cortes de cabelo curtos<\/h2>\n<p> Em 1997, Angelina raspou a cabe\u00e7a e, \u00e0 medida que seu cabelo crescia, ela continuou a estilizar-se \u2014 seja no corte espetado caracter\u00edstico, popular nos anos 90, ou em um estilo com gel e penteado para o lado \u2014 at\u00e9 1999, quando finalmente o deixou crescer para seu papel em <em>no filme &quot;Garota, Interrompida&quot;\u00ab<\/em> .<\/p>\n<p> 2\/6 <\/p>\n<p> Angelina Jolie na 5\u00aa edi\u00e7\u00e3o anual do Screen Actors Guild Awards em Los Angeles, Calif\u00f3rnia, 1999.<\/p>\n<p> Pr\u00eamios SAG de 1999<\/p>\n<h2> Lisa Rowe Loira<\/h2>\n<p> Um de seus pap\u00e9is e penteados mais memor\u00e1veis no cinema \u00e9 o corte chanel platinado que ela usou no filme &quot;\u00ab <em>&quot;Vida, Interrompida&quot;\u00bb<\/em> 1999. No entanto, para a 5\u00aa edi\u00e7\u00e3o anual do SAG Awards, ela transformou aquele penteado repicado em cachos que remetiam ao glamour da velha Hollywood.<\/p>\n<p> 3\/6 <\/p>\n<p> Angelina Jolie beija seu Oscar na cerim\u00f4nia do Oscar em Los Angeles, em 26 de mar\u00e7o de 2000. Jolie ganhou o pr\u00eamio de Melhor Atriz Coadjuvante por seu papel em Garota, Interrompida.<\/p>\n<p> Pr\u00eamio Oscar de 2000<\/p>\n<h2> Morticia Adams quem?<\/h2>\n<p> Embora tenha permanecido loira por um tempo, quando ganhou o Oscar pelo papel, ela j\u00e1 havia feito a escolha completamente oposta: cabelos longos e pretos penteados para tr\u00e1s, no estilo da matriarca da Fam\u00edlia Addams.<\/p>\n<p> 4\/6 <\/p>\n<p> Angelina Jolie compareceu \u00e0 57\u00aa edi\u00e7\u00e3o anual do Globo de Ouro em 23 de janeiro de 2000, no Beverly Hilton Hotel em Beverly Hills, Calif\u00f3rnia.<\/p>\n<p> \u00abGlobo de Ouro 2000<\/p>\n<h2> Rainha do Gelo<\/h2>\n<p> Um toque de grisalho era vis\u00edvel entre seus cabelos loiros platinados e pretos. Em 2000, Angelina compareceu ao Globo de Ouro com um corte chanel azul-prateado com ra\u00edzes escuras e ondas suaves.<\/p>\n<p> 5\/6 <\/p>\n<p> Angelina Jolie compareceu \u00e0 estreia do filme &quot;Salt&quot; no Empire Cinema, em Leicester Square, no dia 16 de agosto de 2010, em Londres.<\/p>\n<p> A estreia do filme &quot;Salt&quot; em 2010.<\/p>\n<h2> Bomba<\/h2>\n<p> Embora tenha abandonado mudan\u00e7as dr\u00e1sticas de penteado e cor de cabelo no in\u00edcio dos anos 2000, ela continuou a experimentar com seu cl\u00e1ssico tom castanho. Para a estreia do filme em Londres, ela usou esse tom. <em>\u00abSal\u00bb<\/em> Em 2010, ela deu um toque diferente ao seu visual castanho-avermelhado, que na \u00e9poca era sua marca registrada, adicionando uma franja despenteada.<\/p>\n<p> 6\/6 <\/p>\n<p> Angelina Jolie em um vestido transl\u00facido com bordados prateados.<\/p>\n<h2> Voltar ao loiro<\/h2>\n<p> Angelina, que celebrou seu 51\u00ba anivers\u00e1rio em 4 de junho de 2026, tem feito mechas nos cabelos com frequ\u00eancia nos \u00faltimos anos e sempre adota um novo estilo.<\/p>","protected":false},"excerpt":{"rendered":"<p>De tatuagens e penteados a modifica\u00e7\u00f5es corporais tempor\u00e1rias, Angelina Jolie n\u00e3o tem medo de fazer mudan\u00e7as dr\u00e1sticas, seja para um papel no cinema ou para outros fins.<\/p>","protected":false},"author":1,"featured_media":12722,"comment_status":"open","ping_status":"closed","sticky":false,"template":"","format":"standard","meta":{"footnotes":""},"categories":[5],"tags":[],"class_list":["post-12721","post","type-post","status-publish","format-standard","has-post-thumbnail","hentry","category-selebriti","hvn-theme-has-thumbnail"],"_links":{"self":[{"href":"https:\/\/imgist.ru\/pt\/wp-json\/wp\/v2\/posts\/12721","targetHints":{"allow":["GET"]}}],"collection":[{"href":"https:\/\/imgist.ru\/pt\/wp-json\/wp\/v2\/posts"}],"about":[{"href":"https:\/\/imgist.ru\/pt\/wp-json\/wp\/v2\/types\/post"}],"author":[{"embeddable":true,"href":"https:\/\/imgist.ru\/pt\/wp-json\/wp\/v2\/users\/1"}],"replies":[{"embeddable":true,"href":"https:\/\/imgist.ru\/pt\/wp-json\/wp\/v2\/comments?post=12721"}],"version-history":[{"count":6,"href":"https:\/\/imgist.ru\/pt\/wp-json\/wp\/v2\/posts\/12721\/revisions"}],"predecessor-version":[{"id":156185,"href":"https:\/\/imgist.ru\/pt\/wp-json\/wp\/v2\/posts\/12721\/revisions\/156185"}],"wp:featuredmedia":[{"embeddable":true,"href":"https:\/\/imgist.ru\/pt\/wp-json\/wp\/v2\/media\/12722"}],"wp:attachment":[{"href":"https:\/\/imgist.ru\/pt\/wp-json\/wp\/v2\/media?parent=12721"}],"wp:term":[{"taxonomy":"category","embeddable":true,"href":"https:\/\/imgist.ru\/pt\/wp-json\/wp\/v2\/categories?post=12721"},{"taxonomy":"post_tag","embeddable":true,"href":"https:\/\/imgist.ru\/pt\/wp-json\/wp\/v2\/tags?post=12721"}],"curies":[{"name":"wp","href":"https:\/\/api.w.org\/{rel}","templated":true}]}}