{"id":12948,"date":"2026-06-05T01:15:38","date_gmt":"2026-06-04T22:15:38","guid":{"rendered":"https:\/\/imgist.ru\/haver-bardem-uzhasaet-no-serial-mys-straha-skuchnyj-reczenziya\/"},"modified":"2026-08-29T12:10:54","modified_gmt":"2026-08-29T09:10:54","slug":"haver-bardem-e-assustador-mas-a-serie-mys-fear-e-entediante","status":"publish","type":"post","link":"https:\/\/imgist.ru\/pt\/haver-bardem-uzhasaet-no-serial-mys-straha-skuchnyj-reczenziya\/","title":{"rendered":"Javier Bardem \u00e9 assustador, mas Cabo do Medo \u00e9 entediante. \u2014 Cr\u00edtica"},"content":{"rendered":"<p>Se voc\u00ea precisa de um assassino insano, obsessivo e brutal para sua s\u00e9rie de TV, ligue para Javier Bardem.<\/p>\n<p> N\u00e3o \u00e9 segredo que o ator, cuja interpreta\u00e7\u00e3o do estoico, por\u00e9m aterrorizante, Anton Chigurh em &quot;Onde os Fracos N\u00e3o T\u00eam Vez&quot; (2007) lhe rendeu fama e uma indica\u00e7\u00e3o ao Oscar, se destaca interpretando vil\u00f5es. Seu rosto enrugado e expressivo e seus olhos magn\u00e9ticos s\u00e3o perfeitos para dar vida, pela terceira vez, a Max Cady, o infame assassino dos dois filmes da franquia &quot;Cabo do Medo&quot; e do romance &quot;Os Carrascos&quot; (1957), na s\u00e9rie &quot;Cabo do Medo&quot; da Apple TV+.<\/p>\n<p> Bardem \u00e9 magn\u00e9tico e inspirador, com um sorriso de prazer man\u00edaco a cada ato de deprava\u00e7\u00e3o e ao medo e sofrimento de suas v\u00edtimas. Em qualquer outro homem, esse n\u00edvel de vilania poderia parecer uma caricatura com um bigode rid\u00edculo. Em Bardem, \u00e9 absolutamente aterrorizante.<\/p>\n<p> Mas uma pessoa sozinha n\u00e3o consegue sustentar uma s\u00e9rie de televis\u00e3o inteira, nem mesmo algu\u00e9m t\u00e3o talentoso quanto Bardem. E algu\u00e9m ou alguma coisa precisa assumir a responsabilidade por &quot;Cabo do Medo&quot; (exibida \u00e0s sextas-feiras, \u2605\u2605 de 4 estrelas), um exemplo brilhante de potencial desperdi\u00e7ado e supervaloriza\u00e7\u00e3o de conte\u00fado na era do streaming. <\/p>\n<p> Javier Bardem como Max Cady em Cabo do Medo.<\/p>\n<p> A s\u00e9rie \u00e9 baseada tanto no livro quanto em suas duas adapta\u00e7\u00f5es cinematogr\u00e1ficas \u2014 uma estrelada por Gregory Peck e Robert Mitchum (1962) e a outra, dirigida por Martin Scorsese e estrelada por Robert De Niro como Cady (1991). O livro e os dois filmes s\u00e3o reverenciados \u00edcones da cultura pop, obras-primas de tens\u00e3o, terror e suspense psicol\u00f3gico.<\/p>\n<p> Esta nova vers\u00e3o, dirigida por Nick Antosca (da s\u00e9rie The Act, do Hulu), n\u00e3o \u00e9 exatamente uma obra-prima, transformando um suspense tenso em uma maratona de dez epis\u00f3dios.<\/p>\n<p> Isso n\u00e3o quer dizer que n\u00e3o haja nada de louv\u00e1vel nesta vers\u00e3o da hist\u00f3ria de um criminoso que persegue e aterroriza a advogada que um dia o defendeu. Na s\u00e9rie, o g\u00eanero da advogada \u00e9 invertido: de Sam Bowden, na obra original, ela \u00e9 interpretada por Amanda Bowden, vivida por Amy Adams, que fala com sotaque georgiano e tem uma express\u00e3o permanentemente tensa.<\/p>\n<p> Amanda defendeu Cady quando ele foi acusado de assassinar sua esposa e o filho que ela esperava, convencendo-o a aceitar um acordo judicial. Max foi preso e Amanda acabou se casando com o promotor do caso, Tom Bowden (Patrick Wilson). <\/p>\n<p> Amy Adams como Amanda em Cabo do Medo.<\/p>\n<p> Uma d\u00e9cada e meia depois, Amanda trabalha em tempo integral para uma organiza\u00e7\u00e3o semelhante ao Innocence Project, que luta para exonerar pessoas condenadas injustamente. De repente, algu\u00e9m confessa o assassinato do qual Cady foi acusada e \u00e9 libertado.<\/p>\n<p> \u00c9 claro que, desde que foi solto, ele n\u00e3o consegue evitar de reaparecer na vida de Amanda, provocando-a e \u00e0 sua fam\u00edlia. Tudo come\u00e7a com gamb\u00e1s mortos na piscina, e depois fica (muito, muito) pior.<\/p>\n<p> Adams \u00e9 uma parceira maravilhosa para Bardem, com seus grandes olhos azuis, repletos de inoc\u00eancia juvenil, e sua atua\u00e7\u00e3o discreta, por\u00e9m poderosa. A s\u00e9rie atinge seu \u00e1pice quando eles exploram seus relacionamentos (verbalmente, psicologicamente, fisicamente ou de outras formas). A hist\u00f3ria original tamb\u00e9m apresenta outras reviravoltas interessantes que destacam diversos aspectos dos temas crime, castigo, fam\u00edlia e responsabilidade. <\/p>\n<p> Javier Bardem como Max Cady e Amy Adams como Amanda Bowden em Cabo do Medo.<\/p>\n<p> Mas a s\u00e9rie \u00e9 completamente desprovida de tens\u00e3o e terror devido \u00e0 sua dura\u00e7\u00e3o: 10 epis\u00f3dios de quase uma hora (oito dos quais foram lan\u00e7ados para a cr\u00edtica) que s\u00e3o t\u00e3o repletos de reviravoltas inesperadas na trama que se tornam imposs\u00edveis de acompanhar \u2014 ou, ali\u00e1s, de suportar \u00e0 medida que a viol\u00eancia aumenta.<\/p>\n<p> A dura\u00e7\u00e3o agrava todos os outros defeitos da s\u00e9rie, incluindo a falta de profundidade emocional, sofrimento e viol\u00eancia gratuitos, longos trechos de enredo tedioso e lento, e personagens sup\u00e9rfluos.<\/p>\n<p> Mais do que qualquer outra coisa, &quot;Fear&quot; parece uma perda de tempo \u2014 um desperd\u00edcio de talento, de um enredo famoso e de uma ambienta\u00e7\u00e3o contempor\u00e2nea. Em seus filmes, Max Cady prende a aten\u00e7\u00e3o do espectador e n\u00e3o a solta at\u00e9 o final catastr\u00f3fico. Bardem certamente consegue prend\u00ea-los, mas n\u00e3o por muito tempo.<\/p>\n<p> <em>Este artigo foi publicado originalmente no USA TODAY: Cr\u00edtica de &#039;Cabo do Medo&#039; (2026) - Javier Bardem assustador, s\u00e9rie da Apple TV sem gra\u00e7a.<\/em><\/p>","protected":false},"excerpt":{"rendered":"<p>Se voc\u00ea precisa de um assassino insano, obsessivo e brutal para sua s\u00e9rie de TV, ligue para Javier Bardem. N\u00e3o \u00e9 segredo que o ator, que interpreta o estoico, por\u00e9m...<\/p>","protected":false},"author":1,"featured_media":12949,"comment_status":"open","ping_status":"closed","sticky":false,"template":"","format":"standard","meta":{"footnotes":""},"categories":[6],"tags":[],"class_list":["post-12948","post","type-post","status-publish","format-standard","has-post-thumbnail","hentry","category-kinoindustriya","hvn-theme-has-thumbnail"],"_links":{"self":[{"href":"https:\/\/imgist.ru\/pt\/wp-json\/wp\/v2\/posts\/12948","targetHints":{"allow":["GET"]}}],"collection":[{"href":"https:\/\/imgist.ru\/pt\/wp-json\/wp\/v2\/posts"}],"about":[{"href":"https:\/\/imgist.ru\/pt\/wp-json\/wp\/v2\/types\/post"}],"author":[{"embeddable":true,"href":"https:\/\/imgist.ru\/pt\/wp-json\/wp\/v2\/users\/1"}],"replies":[{"embeddable":true,"href":"https:\/\/imgist.ru\/pt\/wp-json\/wp\/v2\/comments?post=12948"}],"version-history":[{"count":3,"href":"https:\/\/imgist.ru\/pt\/wp-json\/wp\/v2\/posts\/12948\/revisions"}],"predecessor-version":[{"id":156407,"href":"https:\/\/imgist.ru\/pt\/wp-json\/wp\/v2\/posts\/12948\/revisions\/156407"}],"wp:featuredmedia":[{"embeddable":true,"href":"https:\/\/imgist.ru\/pt\/wp-json\/wp\/v2\/media\/12949"}],"wp:attachment":[{"href":"https:\/\/imgist.ru\/pt\/wp-json\/wp\/v2\/media?parent=12948"}],"wp:term":[{"taxonomy":"category","embeddable":true,"href":"https:\/\/imgist.ru\/pt\/wp-json\/wp\/v2\/categories?post=12948"},{"taxonomy":"post_tag","embeddable":true,"href":"https:\/\/imgist.ru\/pt\/wp-json\/wp\/v2\/tags?post=12948"}],"curies":[{"name":"wp","href":"https:\/\/api.w.org\/{rel}","templated":true}]}}