{"id":13167,"date":"2026-06-05T04:03:41","date_gmt":"2026-06-05T01:03:41","guid":{"rendered":"https:\/\/imgist.ru\/klajv-devis-gospitalizirovan-v-nyu-jorke-posle-problem-s-dyhaniem-obnovlenie\/"},"modified":"2026-08-24T16:40:27","modified_gmt":"2026-08-24T13:40:27","slug":"atualizacao-sobre-clive-davis-hospitalizado-em-nova-york-apos-problemas-respiratorios","status":"publish","type":"post","link":"https:\/\/imgist.ru\/pt\/klajv-devis-gospitalizirovan-v-nyu-jorke-posle-problem-s-dyhaniem-obnovlenie\/","title":{"rendered":"Clive Davis hospitalizado em Nova York ap\u00f3s problemas respirat\u00f3rios - ATUALIZA\u00c7\u00c3O"},"content":{"rendered":"<p><em><strong>ATUALIZA\u00c7\u00c3O (4 de junho):<\/strong> Representantes de Clive Davis relataram<\/em> Outdoor <em>, O produtor musical recebeu alta do hospital na quinta-feira. &quot;Clive recebeu alta do hospital esta manh\u00e3&quot;, dizia o comunicado. &quot;Ele est\u00e1 bem-disposto e aproveitando sua recupera\u00e7\u00e3o em casa.&quot;.<\/em><\/p>\n<p> ANTERIORMENTE: Clive Davis foi levado ao hospital com problemas respirat\u00f3rios.<\/p>\n<p> <strong>Mais not\u00edcias da Billboard<\/strong><\/p>\n<ul>\n<li>\n<p> Clive Davis fala sobre seu evento anual de gala pr\u00e9-Grammy e a &quot;emo\u00e7\u00e3o&quot; de trabalhar com Whitney Houston - mas ser\u00e1 que ele consegue escolher sua m\u00fasica favorita da Whitney?<\/p>\n<\/li>\n<li>\n<p> Gala de Pr\u00e9-Premia\u00e7\u00e3o Clive Davis: Veja quem entrou para a foto anual da turma.<\/p>\n<\/li>\n<li>\n<p> Olivia Dean, Jelly Roll, Laufey e muitos outros \u2013 os melhores momentos musicais da gala pr\u00e9-Grammy de Clive Davis.<\/p>\n<\/li>\n<\/ul>\n<p> Conforme confirmado <em>Outdoor<\/em> , O lend\u00e1rio produtor musical Davis, de 94 anos, foi internado em um hospital de Nova York na sexta-feira (29 de maio). O representante de Davis disse ao TMZ que ele est\u00e1 sendo tratado de uma infec\u00e7\u00e3o respirat\u00f3ria e que a interna\u00e7\u00e3o foi por precau\u00e7\u00e3o.<\/p>\n<p> A previs\u00e3o \u00e9 de que ele seja liberado nas pr\u00f3ximas 24 horas.<\/p>\n<p> Conforme relatado por <em>P\u00e1gina Seis<\/em> , A hospitaliza\u00e7\u00e3o ocorreu poucos dias depois de Davis ter comparecido ao jantar de gala e leil\u00e3o da Funda\u00e7\u00e3o Gordon Parks, na cidade de Nova York.<\/p>\n<p> O renomado executivo da gravadora, que influenciou as carreiras de artistas como Whitney Houston, Bruce Springsteen, Aretha Franklin, Janis Joplin, Carlos Santana e Alicia Keys, j\u00e1 enfrentou problemas de sa\u00fade no passado. Em fevereiro de 2021, Davis adiou sua cerim\u00f4nia anual de entrega dos pr\u00eamios Grammy ap\u00f3s ser diagnosticado com paralisia de Bell, uma condi\u00e7\u00e3o tempor\u00e1ria que causa fraqueza ou paralisia dos m\u00fasculos faciais.<\/p>\n<p> \u00ab&quot;Ele est\u00e1 sendo tratado com antibi\u00f3ticos e esteroides e espera-se que se recupere totalmente dentro de seis a oito semanas, ap\u00f3s o que planeja apresentar a segunda parte do evento virtual que antecede o Grammy&quot;, disse o representante de Davis na \u00e9poca.<\/p>\n<p> O baile anual de gala do Grammy, organizado por Davis e repleto de estrelas, acontece todos os anos desde 1976, um dia antes da cerim\u00f4nia de premia\u00e7\u00e3o.<\/p>\n<p> Vencedor de quatro pr\u00eamios Grammy e membro do Hall da Fama do Rock and Roll, Davis \u00e9 amplamente considerado um dos executivos mais influentes da hist\u00f3ria da m\u00fasica moderna. Iniciando sua carreira no ramo musical na d\u00e9cada de 1960, tornou-se presidente da Columbia Records em 1967, aos 35 anos. Ao longo de uma carreira que abrangeu mais de seis d\u00e9cadas, ocupou cargos executivos na CBS Records, fundou a Arista Records e a J Records, posteriormente chefiou o RCA Music Group e, mais recentemente, atuou como diretor criativo da Sony Music Entertainment. <\/p>\n<p> Passe VIP para o outdoor<\/p>\n<p> <strong>Os melhores da Billboard<\/strong><\/p>\n<ul>\n<li>\n<p> Diddy Judge negou as alega\u00e7\u00f5es de que os promotores vazaram imagens de vigil\u00e2ncia do ataque a Cassie.<\/p>\n<\/li>\n<li>\n<p> Quatro d\u00e9cadas de Madonna: uma retrospectiva do \u00e1lbum de estreia da Rainha do Pop e seu sucesso nas paradas musicais.<\/p>\n<\/li>\n<li>\n<p> An\u00e1lise das paradas musicais: Em 1990, Madonna alcan\u00e7ou o topo da parada Hot 100 com o videoclipe de &quot;Vogue&quot;.<\/p>\n<\/li>\n<\/ul>\n<p> Assine a newsletter da Billboard. Para ficar por dentro das \u00faltimas not\u00edcias, siga-nos no Facebook, Twitter e Instagram.<\/p>","protected":false},"excerpt":{"rendered":"<p>ATUALIZA\u00c7\u00c3O (4 de junho): Os representantes de Clive Davis informaram \u00e0 Billboard que o produtor musical recebeu alta do hospital na quinta-feira. &quot;Clive recebeu alta do hospital esta manh\u00e3,&quot;\u2026<\/p>","protected":false},"author":1,"featured_media":13168,"comment_status":"open","ping_status":"closed","sticky":false,"template":"","format":"standard","meta":{"footnotes":""},"categories":[7],"tags":[],"class_list":["post-13167","post","type-post","status-publish","format-standard","has-post-thumbnail","hentry","category-muzyka","hvn-theme-has-thumbnail"],"_links":{"self":[{"href":"https:\/\/imgist.ru\/pt\/wp-json\/wp\/v2\/posts\/13167","targetHints":{"allow":["GET"]}}],"collection":[{"href":"https:\/\/imgist.ru\/pt\/wp-json\/wp\/v2\/posts"}],"about":[{"href":"https:\/\/imgist.ru\/pt\/wp-json\/wp\/v2\/types\/post"}],"author":[{"embeddable":true,"href":"https:\/\/imgist.ru\/pt\/wp-json\/wp\/v2\/users\/1"}],"replies":[{"embeddable":true,"href":"https:\/\/imgist.ru\/pt\/wp-json\/wp\/v2\/comments?post=13167"}],"version-history":[{"count":1,"href":"https:\/\/imgist.ru\/pt\/wp-json\/wp\/v2\/posts\/13167\/revisions"}],"predecessor-version":[{"id":142353,"href":"https:\/\/imgist.ru\/pt\/wp-json\/wp\/v2\/posts\/13167\/revisions\/142353"}],"wp:featuredmedia":[{"embeddable":true,"href":"https:\/\/imgist.ru\/pt\/wp-json\/wp\/v2\/media\/13168"}],"wp:attachment":[{"href":"https:\/\/imgist.ru\/pt\/wp-json\/wp\/v2\/media?parent=13167"}],"wp:term":[{"taxonomy":"category","embeddable":true,"href":"https:\/\/imgist.ru\/pt\/wp-json\/wp\/v2\/categories?post=13167"},{"taxonomy":"post_tag","embeddable":true,"href":"https:\/\/imgist.ru\/pt\/wp-json\/wp\/v2\/tags?post=13167"}],"curies":[{"name":"wp","href":"https:\/\/api.w.org\/{rel}","templated":true}]}}