{"id":1325,"date":"2026-05-30T00:20:14","date_gmt":"2026-05-29T21:20:14","guid":{"rendered":"https:\/\/imgist.ru\/tom-hardi-poluchil-publichnuyu-podderzhku-ot-kollegi-po-filmu-strana-mafii-na-fone-soobshhenij-ob-uvolnenii\/"},"modified":"2026-05-30T00:20:14","modified_gmt":"2026-05-29T21:20:14","slug":"tom-hardy-recebeu-apoio-publico-de-seu-colega-de-elenco-em-mafia-country-em-meio-a-relatos-de-sua-demissao","status":"publish","type":"post","link":"https:\/\/imgist.ru\/pt\/tom-hardi-poluchil-publichnuyu-podderzhku-ot-kollegi-po-filmu-strana-mafii-na-fone-soobshhenij-ob-uvolnenii\/","title":{"rendered":"Tom Hardy recebeu apoio p\u00fablico de seu colega de elenco em &quot;Mafialand&quot; em meio a relatos de sua demiss\u00e3o."},"content":{"rendered":"<p>Em meio a in\u00fameros rumores sobre <strong>A demiss\u00e3o de Tom Hardy<\/strong> de <strong>terceira temporada<\/strong> popular s\u00e9rie da Paramount <strong>\u00abMoblend\u00bb<\/strong> , Uma das principais atrizes expressou seu apoio ao astro de &quot;O Cavaleiro das Trevas&quot;. O vencedor do Oscar\u00ab <strong>Helen Mirren<\/strong> Recentemente, ela publicou uma mensagem simples, por\u00e9m impactante, de apoio a Hardy nas redes sociais, em meio \u00e0 controv\u00e9rsia em torno do querido ator ingl\u00eas.<\/p>\n<h2> Helen Mirren manifestou seu apoio a Tom Hardy em meio a relatos de sua demiss\u00e3o do filme Mobland.<\/h2>\n<p> No dia 28 de maio, a famosa atriz publicou uma mensagem nas redes sociais defendendo seu colega de elenco durante o pol\u00eamico conflito dele com os criadores da s\u00e9rie &quot;Moblend&quot;.<\/p>\n<p> A publica\u00e7\u00e3o no Instagram mostrava um retrato de Tom Hardy com a legenda &quot;Te amo agora e sempre&quot;, seguida de uma frase final. No entanto, Helen Mirren n\u00e3o forneceu nenhum contexto adicional e at\u00e9 desativou a se\u00e7\u00e3o de coment\u00e1rios. <\/p>\n<p> O apoio de Mirren a Hardy surgiu ap\u00f3s relatos de que a Paramount havia demitido o ator da terceira temporada de Mobland. Rumores sugeriam desentendimentos entre ele, o roteirista de Mobland, Jez Butterworth, e o produtor executivo David K. Glasser. <\/p>\n<p> No entanto, de acordo com uma fonte an\u00f4nima, as partes ainda n\u00e3o se separaram. &quot;A porta para uma terceira temporada n\u00e3o est\u00e1 fechada e o processo criativo continua&quot;, afirmou a fonte. A mesma fonte tamb\u00e9m mencionou que o produtor executivo Guy Ritchie foi um dos principais defensores da perman\u00eancia de Hardy no projeto. &quot;Guy gosta de trabalhar com Tom&quot;, observou a fonte.<\/p>\n<p> O relat\u00f3rio tamb\u00e9m explicou os desentendimentos entre Tom Hardy e os criadores de Mobland, atribuindo parte da culpa aos supostos atrasos do ator para as filmagens e \u00e0s suas tentativas persistentes de reescrever partes do roteiro. Mencionou ainda os desentendimentos de Hardy com Butterworth, que alegou que o roteirista constantemente atrasava a entrega dos roteiros.<\/p>\n<p> No entanto, a Paramount ainda n\u00e3o forneceu nenhuma informa\u00e7\u00e3o oficial sobre a demiss\u00e3o de Tom Hardy, que gerou muita discuss\u00e3o. Al\u00e9m disso, at\u00e9 o momento da publica\u00e7\u00e3o deste texto, as not\u00edcias sobre uma terceira temporada de MobLand s\u00e3o extremamente escassas.<\/p>\n<p> <em>O artigo original foi publicado por Apurv Rastogi no ComingSoon.net. .<\/em><\/p>\n<p> O artigo &quot;Tom Hardy recebe apoio p\u00fablico de colega de elenco de &#039;Mafialand&#039; em meio a rumores de demiss\u00e3o&quot; foi publicado originalmente no Mandatory. .<\/p>","protected":false},"excerpt":{"rendered":"<p>Em meio a rumores generalizados de que Tom Hardy seria demitido da terceira temporada da s\u00e9rie de sucesso da Paramount, &quot;Mobland&quot;, uma atriz de destaque expressou seu apoio ao &quot;Dark...<\/p>","protected":false},"author":1,"featured_media":1326,"comment_status":"open","ping_status":"closed","sticky":false,"template":"","format":"standard","meta":{"footnotes":""},"categories":[6],"tags":[],"class_list":["post-1325","post","type-post","status-publish","format-standard","has-post-thumbnail","hentry","category-kinoindustriya","hvn-theme-has-thumbnail"],"_links":{"self":[{"href":"https:\/\/imgist.ru\/pt\/wp-json\/wp\/v2\/posts\/1325","targetHints":{"allow":["GET"]}}],"collection":[{"href":"https:\/\/imgist.ru\/pt\/wp-json\/wp\/v2\/posts"}],"about":[{"href":"https:\/\/imgist.ru\/pt\/wp-json\/wp\/v2\/types\/post"}],"author":[{"embeddable":true,"href":"https:\/\/imgist.ru\/pt\/wp-json\/wp\/v2\/users\/1"}],"replies":[{"embeddable":true,"href":"https:\/\/imgist.ru\/pt\/wp-json\/wp\/v2\/comments?post=1325"}],"version-history":[{"count":0,"href":"https:\/\/imgist.ru\/pt\/wp-json\/wp\/v2\/posts\/1325\/revisions"}],"wp:featuredmedia":[{"embeddable":true,"href":"https:\/\/imgist.ru\/pt\/wp-json\/wp\/v2\/media\/1326"}],"wp:attachment":[{"href":"https:\/\/imgist.ru\/pt\/wp-json\/wp\/v2\/media?parent=1325"}],"wp:term":[{"taxonomy":"category","embeddable":true,"href":"https:\/\/imgist.ru\/pt\/wp-json\/wp\/v2\/categories?post=1325"},{"taxonomy":"post_tag","embeddable":true,"href":"https:\/\/imgist.ru\/pt\/wp-json\/wp\/v2\/tags?post=1325"}],"curies":[{"name":"wp","href":"https:\/\/api.w.org\/{rel}","templated":true}]}}