{"id":13301,"date":"2026-06-05T06:13:40","date_gmt":"2026-06-05T03:13:40","guid":{"rendered":"http:\/\/imgist.ru\/chleny-sag-aftra-odobrili-soglashenie-s-amptp\/"},"modified":"2026-06-05T06:13:40","modified_gmt":"2026-06-05T03:13:40","slug":"os-membros-do-sag-aftra-aprovaram-o-acordo-com-a-amptp","status":"publish","type":"post","link":"https:\/\/imgist.ru\/pt\/chleny-sag-aftra-odobrili-soglashenie-s-amptp\/","title":{"rendered":"Os membros do SAG-AFTRA aprovaram o acordo com a AMPTP."},"content":{"rendered":"<p>Os membros do Screen Actors Guild (SAG-AFTRA) votaram pela ratifica\u00e7\u00e3o do Acordo de Parceria para Produ\u00e7\u00e3o de Televis\u00e3o e Cinema de 2026 com a Alliance of Motion Picture and Television Producers (AMPTP).<\/p>\n<p> Os membros do sindicato aprovaram o acordo na quinta-feira com 91.421 votos a favor, representando 19.251 do total, em conson\u00e2ncia com a recomenda\u00e7\u00e3o do conselho da SAG-AFTRA do m\u00eas passado.<\/p>\n<p> <strong>Mais not\u00edcias do Deadline<\/strong><\/p>\n<ul>\n<li>\n<p> O Conselho de Administra\u00e7\u00e3o da SAG-AFTRA aprovou um acordo AMPTP de quatro anos que inclui a fus\u00e3o de fundos de pens\u00e3o.<\/p>\n<\/li>\n<li>\n<p> \u00c9 oficial! Os est\u00fadios de cinema e o sindicato SAG-AFTRA confirmaram um novo acordo.<\/p>\n<\/li>\n<li>\n<p> Est\u00e1 feito! O SAG-AFTRA e os est\u00fadios de cinema chegaram a um novo (e maior) acordo.<\/p>\n<\/li>\n<\/ul>\n<p> O contrato amplia as salvaguardas previamente adotadas contra o uso de IA e c\u00f3pias digitais, restringindo ainda mais o uso de materiais sint\u00e9ticos e oferecendo prote\u00e7\u00e3o adicional contra a substitui\u00e7\u00e3o do trabalho dos participantes por IA. Al\u00e9m disso, o acordo cria a oportunidade de fundir o plano de pens\u00e3o dos Produtores da SAG e o fundo de pens\u00e3o da AFTRA, o que significa que a renda dos participantes n\u00e3o ser\u00e1 mais dividida entre os dois planos.<\/p>\n<p> \u00abTenho orgulho dos membros do SAG-AFTRA e da for\u00e7a que continuam a demonstrar enquanto avan\u00e7amos com um prop\u00f3sito comum\u00bb, disse o presidente do SAG-AFTRA, Sean Astin, em comunicado. \u00abEste acordo se baseia nos alicerces pelos quais nossos membros lutaram e leva esse trabalho para o pr\u00f3ximo cap\u00edtulo da evolu\u00e7\u00e3o da nossa ind\u00fastria. Ele proporciona melhorias salariais significativas, fortalece as prote\u00e7\u00f5es contra intelig\u00eancia artificial e identidade digital, aprimora a seguran\u00e7a a longo prazo dos planos de benef\u00edcios dos membros e aborda as realidades dos artistas perform\u00e1ticos de hoje. Nossos membros sempre entenderam que proteger o futuro desta profiss\u00e3o significa se preparar para a mudan\u00e7a antes que ela chegue. Este acordo reflete esse compromisso e a for\u00e7a coletiva do nosso sindicato.\u00bb.<\/p>\n<p> Em comunicado, a AMPTP afirmou: &quot;A AMPTP e suas empresas associadas parabenizam a SAG-AFTRA pela ratifica\u00e7\u00e3o deste novo contrato. Este acordo proporciona melhorias significativas em sal\u00e1rios, pens\u00f5es, assist\u00eancia m\u00e9dica, direitos autorais de transmiss\u00e3o e prote\u00e7\u00e3o dos artistas. A lideran\u00e7a da SAG-AFTRA demonstrou um compromisso genu\u00edno com a parceria e, juntamente com o acordo com a WGA, esses contratos demonstram o que pode ser alcan\u00e7ado quando a ind\u00fastria trabalha em busca de solu\u00e7\u00f5es pr\u00e1ticas que apoiem sua estabilidade a longo prazo. Esperamos dar continuidade a esse sucesso.&quot;.<\/p>\n<p> As negocia\u00e7\u00f5es formais entre o SAG-AFTRA e o AMPTP come\u00e7aram em 9 de fevereiro e terminaram em 2 de maio, com a vota\u00e7\u00e3o do Conselho Nacional do SAG-AFTRA em 11 de maio. O acordo entra em vigor em 1\u00ba de julho e expira em 30 de junho de 2030.<\/p>\n<p> <strong>O melhor do Deadline<\/strong><\/p>\n<ul>\n<li>\n<p> Tudo o que sabemos at\u00e9 agora sobre o reboot de Little House on the Prairie da Netflix.<\/p>\n<\/li>\n<li>\n<p> Elenco de Scooby-Doo Origins: Quem interpreta quem na s\u00e9rie live-action da Netflix?<\/p>\n<\/li>\n<li>\n<p> Galeria de fotos de s\u00e9ries de TV canceladas em 2026: programas que terminam este ano e nos pr\u00f3ximos anos.<\/p>\n<\/li>\n<\/ul>\n<p> Assine a newsletter do Deadline. Para ficar por dentro das \u00faltimas not\u00edcias, siga-nos no Facebook, Twitter e Instagram.<\/p>","protected":false},"excerpt":{"rendered":"<p>Os membros do Screen Actors Guild (SAG-AFTRA) votaram pela ratifica\u00e7\u00e3o do Acordo de Coopera\u00e7\u00e3o para Produ\u00e7\u00e3o de Televis\u00e3o e Cinema de 2026 com a Alliance of Motion Picture and Television Producers (AMPTP). Em\u2026<\/p>","protected":false},"author":1,"featured_media":13302,"comment_status":"open","ping_status":"closed","sticky":false,"template":"","format":"standard","meta":{"footnotes":""},"categories":[6],"tags":[],"class_list":["post-13301","post","type-post","status-publish","format-standard","has-post-thumbnail","hentry","category-kinoindustriya","hvn-theme-has-thumbnail"],"_links":{"self":[{"href":"https:\/\/imgist.ru\/pt\/wp-json\/wp\/v2\/posts\/13301","targetHints":{"allow":["GET"]}}],"collection":[{"href":"https:\/\/imgist.ru\/pt\/wp-json\/wp\/v2\/posts"}],"about":[{"href":"https:\/\/imgist.ru\/pt\/wp-json\/wp\/v2\/types\/post"}],"author":[{"embeddable":true,"href":"https:\/\/imgist.ru\/pt\/wp-json\/wp\/v2\/users\/1"}],"replies":[{"embeddable":true,"href":"https:\/\/imgist.ru\/pt\/wp-json\/wp\/v2\/comments?post=13301"}],"version-history":[{"count":0,"href":"https:\/\/imgist.ru\/pt\/wp-json\/wp\/v2\/posts\/13301\/revisions"}],"wp:featuredmedia":[{"embeddable":true,"href":"https:\/\/imgist.ru\/pt\/wp-json\/wp\/v2\/media\/13302"}],"wp:attachment":[{"href":"https:\/\/imgist.ru\/pt\/wp-json\/wp\/v2\/media?parent=13301"}],"wp:term":[{"taxonomy":"category","embeddable":true,"href":"https:\/\/imgist.ru\/pt\/wp-json\/wp\/v2\/categories?post=13301"},{"taxonomy":"post_tag","embeddable":true,"href":"https:\/\/imgist.ru\/pt\/wp-json\/wp\/v2\/tags?post=13301"}],"curies":[{"name":"wp","href":"https:\/\/api.w.org\/{rel}","templated":true}]}}