{"id":134556,"date":"2026-01-26T07:15:43","date_gmt":"2026-01-26T05:15:43","guid":{"rendered":"http:\/\/aleksawn.bget.ru\/drugie\/korotkie-stihi-sergeya-esenina-pro-osen.html"},"modified":"2026-08-24T13:19:23","modified_gmt":"2026-08-24T10:19:23","slug":"poemas-curtos-de-sergei-yesenin-sobre-o-outono","status":"publish","type":"post","link":"https:\/\/imgist.ru\/pt\/korotkie-stihi-sergeya-esenina-pro-osen\/","title":{"rendered":"Poemas curtos de Sergei Yesenin sobre o outono: versos l\u00edricos sobre a natureza e o amor."},"content":{"rendered":"<p>Na poesia de Sergei Yesenin, o outono n\u00e3o \u00e9 apenas uma esta\u00e7\u00e3o, mas um estado de esp\u00edrito, permeado por uma pungente saudade da beleza e da juventude que se esvaem. Seus poemas curtos sobre o outono s\u00e3o momentos de tristeza cativante, elegias silenciosas e reflex\u00f5es sobre a transitoriedade da exist\u00eancia. Eles d\u00e3o vida a bosques dourados, pores do sol carmesins e aos tristes motivos da vida rural, tingidos de tons melanc\u00f3licos. O outono de Yesenin \u00e9 uma despedida do calor, um press\u00e1gio do frio e da inevitabilidade da mudan\u00e7a, mas, ao mesmo tempo, evoca o charme \u00fanico e sedutor da decad\u00eancia.<\/p>\n<div class=\"poems\">\n<div class=\"poem\">\n<h2>O bosque dourado dissuadiu...<\/h2>\n<pre class=\"poem-text\">\nO bosque dourado falava com a alegre l\u00edngua dos vidoeiros. Adeus tristeza, adeus melancolia, passeando, cumprimente o outono com sua luz serena. Logo os p\u00e1ssaros voar\u00e3o para longe, e o campo ficar\u00e1 cinza como cinzas. Mas o outono se extinguir\u00e1 no cora\u00e7\u00e3o, e a mem\u00f3ria do passado brilhar\u00e1 intensamente.\n    <\/pre>\n<\/p><\/div>\n<div class=\"poem\">\n<h2>Rowan<\/h2>\n<pre class=\"poem-text\">\nAs bagas vermelhas do sorveira brilham no jardim, como fa\u00edscas de sonhos de ver\u00e3o de outrora. E o vento sussurra: &quot;Em breve, para nosso azar, uma tempestade de neve nos cobrir\u00e1 com um manto branco.&quot; Mas essa tristeza tem sua pr\u00f3pria beleza, nas folhas carmesim, no sil\u00eancio dos campos. E o outono, como uma l\u00e1grima silenciosa, derrama cores \u00e0 porta de nossa casa.\n    <\/pre>\n<\/p><\/div>\n<div class=\"poem\">\n<h2>Dia de outono<\/h2>\n<pre class=\"poem-text\">\nUm dia de outono, como um retrato desbotado, com cores desvanecidas e uma luz calma e triste. E o sol, como um av\u00f4 bondoso, contempla a terra, seguindo os passos do ver\u00e3o. Os campos est\u00e3o enevoados, o ar frio, e a floresta permanece em sil\u00eancio pensativo. Apenas o vento uiva, como se estivesse faminto, e sussurra hist\u00f3rias de uma alma antiga e cinzenta.\n    <\/pre>\n<\/p><\/div>\n<div class=\"poem\">\n<h2>Murchando<\/h2>\n<pre class=\"poem-text\">\nAs cores dos campos desvanecem, e as \u00e1rvores se despojam de suas vestes. Tudo ao redor reina o sil\u00eancio, imerso em sonhos outonais, e apenas o vento vagueia, como um velho errante, feliz. Mas no desvanecimento reside sua pr\u00f3pria tristeza, e beleza, e a sabedoria dos dias tranquilos. O outono \u00e9 o fim da vida, e um pren\u00fancio das sombras nevadas do inverno.\n    <\/pre>\n<\/p><\/div>\n<div class=\"poem\">\n<h2>Carmesim<\/h2>\n<pre class=\"poem-text\">\nO carmesim dos bordos, como o sangue da aurora, tingia os bosques com um manto flamejante. E o sussurro silencioso da esta\u00e7\u00e3o que se despedia deixou um olhar triste em minha alma. Em breve, as folhas voar\u00e3o ao vento e cobrir\u00e3o a terra com um tapete dourado. Mas o outono deixar\u00e1 para sempre uma marca em meu cora\u00e7\u00e3o, tanto a lembran\u00e7a do passado quanto o lar tranquilo e luminoso.\n    <\/pre>\n<\/p><\/div>\n<div class=\"poem\">\n<h2>Tristeza de outono<\/h2>\n<pre class=\"poem-text\">\nA tristeza do outono, como uma n\u00e9voa sobre um rio, envolve o cora\u00e7\u00e3o e os campos. E o mundo parece completamente estranho, sem espa\u00e7o para alegria ou calor. Mas essa tristeza tem sua pr\u00f3pria beleza, nas folhas carmesim, no sil\u00eancio dos campos. E o outono, como uma l\u00e1grima silenciosa, derrama cores \u00e0 porta familiar.\n    <\/pre>\n<\/p><\/div>\n<div class=\"poem\">\n<h2>P\u00f4r do sol<\/h2>\n<pre class=\"poem-text\">\nO p\u00f4r do sol brilha em vermelho no c\u00e9u como um fogo, e longas sombras se estendem pelos campos. O dia se esvai, e com ele o calor, e o outono sussurra: &quot;O inverno est\u00e1 chegando&quot;. Mas este p\u00f4r do sol guarda seu pr\u00f3prio sonho, de sil\u00eancio, de paz, de amor. E o cora\u00e7\u00e3o se congela como folhas, na expectativa do sil\u00eancio invernal que se aproxima.\n    <\/pre>\n<\/p><\/div>\n<div class=\"poem\">\n<h2>Sil\u00eancio<\/h2>\n<pre class=\"poem-text\">\nO sil\u00eancio do outono, como um suave suspiro, envolve bosques e campos. E parece que o tempo parou, n\u00e3o deixando espa\u00e7o para a vaidade ou o mal. Apenas o vento sussurra no topo das \u00e1rvores, e as folhas giram numa dan\u00e7a lenta. E o outono nos oferece suas melodias, em antecipa\u00e7\u00e3o ao transe invernal que se aproxima.\n    <\/pre>\n<\/p><\/div>\n<div class=\"poem\">\n<h2>As \u00faltimas flores<\/h2>\n<pre class=\"poem-text\">\nAs \u00faltimas flores, murchas no orvalho, curvaram suas cabe\u00e7as em uma n\u00e9voa silenciosa e triste. Suas p\u00e9talas, como cartas do c\u00e9u, nos lembram da primavera passada. Mas seu murchar tem sua pr\u00f3pria beleza, no carmesim das folhas, no sil\u00eancio dos campos. E o outono, como uma l\u00e1grima silenciosa, derrama cores \u00e0 porta de nossa casa.\n    <\/pre>\n<\/p><\/div>\n<div class=\"poem\">\n<h2>Noite de outono<\/h2>\n<pre class=\"poem-text\">\nA noite de outono \u00e9 tranquila e dourada, um v\u00e9u de n\u00e9voa se estende sobre o campo. E o cora\u00e7\u00e3o se enche de melancolia, pelo ver\u00e3o que passou, pela alegria, pela tristeza. Mas nessa tristeza h\u00e1 seu pr\u00f3prio consolo, nas folhas carmesim, no sil\u00eancio dos campos. E o outono nos d\u00e1 sua recompensa, na expectativa dos dias de inverno que vir\u00e3o.\n    <\/pre>\n<\/p><\/div>\n<div class=\"poem\">\n<h2>Fuma\u00e7a sobre o rio<\/h2>\n<pre class=\"poem-text\">\nA fuma\u00e7a sobre o rio, como um v\u00e9u fantasmag\u00f3rico, oculta a dist\u00e2ncia num sil\u00eancio crepuscular. E o cora\u00e7\u00e3o sente o frio do outono, e sussurra hist\u00f3rias de uma alma antiga e cinzenta. Em breve os p\u00e1ssaros voar\u00e3o para longe, e o campo ficar\u00e1 cinza como cinzas. Mas no cora\u00e7\u00e3o o outono se extinguir\u00e1, e a mem\u00f3ria do passado brilhar\u00e1 intensamente.\n    <\/pre>\n<\/p><\/div>\n<div class=\"poem\">\n<h2>Campo de milho dourado<\/h2>\n<pre class=\"poem-text\">\nUm campo dourado, quieto e vazio, onde apenas o vento vagueia como um cavalo livre. E o outono sussurra: &quot;A vida n\u00e3o \u00e9 eterna, sim, mas em cada instante h\u00e1 sua pr\u00f3pria bondade, seu toque.&quot; Logo a neve cobrir\u00e1 tudo ao redor, e o campo ficar\u00e1 branco como uma tela. Mas no cora\u00e7\u00e3o permanecer\u00e1 o som do outono, e a lembran\u00e7a do passado, como um jejum luminoso.\n    <\/pre>\n<\/p><\/div>\n<div class=\"poem\">\n<h2>A \u00faltima folha<\/h2>\n<pre class=\"poem-text\">\nA \u00faltima folha dourada gira sobre minha cabe\u00e7a, como um sonho silencioso e triste. E o outono sussurra: &quot;O mundo n\u00e3o \u00e9 eterno, minha querida, mas cada definhamento tem sua pr\u00f3pria lei.&quot; Logo uma nevasca uivar\u00e1 l\u00e1 fora, e a floresta adormecer\u00e1 em sil\u00eancio prateado. Mas no cora\u00e7\u00e3o haver\u00e1 uma rever\u00eancia ao outono, e mem\u00f3rias do passado, como a luz da alma.\n    <\/pre>\n<\/p><\/div>\n<div class=\"poem\">\n<h2>alvorada de outono<\/h2>\n<pre class=\"poem-text\">\nAs auroras de outono, p\u00e1lidas e silenciosas, pintaram o c\u00e9u com uma n\u00e9voa rosada. E pensamentos tristes, quietos e simples nascem em minha alma, como um engano. Mas esse engano tem sua pr\u00f3pria beleza, nas folhas carmesim, no sil\u00eancio dos campos. E o outono nos oferece seus olhos, antecipando os dias de inverno que se aproximam.\n    <\/pre>\n<\/p><\/div>\n<div class=\"poem\">\n<h2>Adeus, meu jardim...<\/h2>\n<pre class=\"poem-text\">\nAdeus, meu jardim, murcho e desbotado, adeus, meu lar, no sil\u00eancio do outono. O dia passa, e com ele a noite, e o outono sussurra: &quot;At\u00e9 a primavera&quot;. Mas em meu cora\u00e7\u00e3o ficar\u00e1 a lembran\u00e7a de voc\u00ea, dos jardins dourados, das noites tranquilas. E o outono, como uma ora\u00e7\u00e3o silenciosa, deixa cair as folhas em dias melanc\u00f3licos e tristes.\n    <\/pre>\n<\/p><\/div>\n<\/div>","protected":false},"excerpt":{"rendered":"<p>Na poesia de Sergei Yesenin, o outono n\u00e3o \u00e9 apenas uma esta\u00e7\u00e3o, mas um estado de esp\u00edrito, permeado por uma pungente saudade da beleza e da juventude que se esvaem. Seu breve\u2026<\/p>","protected":false},"author":1,"featured_media":0,"comment_status":"open","ping_status":"open","sticky":false,"template":"","format":"standard","meta":{"footnotes":""},"categories":[59],"tags":[],"class_list":["post-134556","post","type-post","status-publish","format-standard","hentry","category-stihi"],"_links":{"self":[{"href":"https:\/\/imgist.ru\/pt\/wp-json\/wp\/v2\/posts\/134556","targetHints":{"allow":["GET"]}}],"collection":[{"href":"https:\/\/imgist.ru\/pt\/wp-json\/wp\/v2\/posts"}],"about":[{"href":"https:\/\/imgist.ru\/pt\/wp-json\/wp\/v2\/types\/post"}],"author":[{"embeddable":true,"href":"https:\/\/imgist.ru\/pt\/wp-json\/wp\/v2\/users\/1"}],"replies":[{"embeddable":true,"href":"https:\/\/imgist.ru\/pt\/wp-json\/wp\/v2\/comments?post=134556"}],"version-history":[{"count":1,"href":"https:\/\/imgist.ru\/pt\/wp-json\/wp\/v2\/posts\/134556\/revisions"}],"predecessor-version":[{"id":136166,"href":"https:\/\/imgist.ru\/pt\/wp-json\/wp\/v2\/posts\/134556\/revisions\/136166"}],"wp:attachment":[{"href":"https:\/\/imgist.ru\/pt\/wp-json\/wp\/v2\/media?parent=134556"}],"wp:term":[{"taxonomy":"category","embeddable":true,"href":"https:\/\/imgist.ru\/pt\/wp-json\/wp\/v2\/categories?post=134556"},{"taxonomy":"post_tag","embeddable":true,"href":"https:\/\/imgist.ru\/pt\/wp-json\/wp\/v2\/tags?post=134556"}],"curies":[{"name":"wp","href":"https:\/\/api.w.org\/{rel}","templated":true}]}}