{"id":134574,"date":"2026-01-28T23:00:48","date_gmt":"2026-01-28T21:00:48","guid":{"rendered":"http:\/\/aleksawn.bget.ru\/drugie\/stihi-pro-zimu.html"},"modified":"2026-08-24T13:19:23","modified_gmt":"2026-08-24T10:19:23","slug":"poemas-sobre-o-inverno","status":"publish","type":"post","link":"https:\/\/imgist.ru\/pt\/stihi-pro-zimu\/","title":{"rendered":"Poemas de Inverno: Uma Cole\u00e7\u00e3o Atmosf\u00e9rica para Inspira\u00e7\u00e3o"},"content":{"rendered":"<p>O inverno \u00e9 uma \u00e9poca de paz e conforto, quando o mundo congela sob um manto branco. A neve estala sob os p\u00e9s, a geada cria padr\u00f5es nas janelas e o ar se enche de frescor e da expectativa das festas. Esses dias curtos nos fazem querer desacelerar, admirar a beleza das paisagens cobertas de neve e vivenciar a magia de um conto de fadas de inverno. Estes poemas s\u00e3o uma tentativa de capturar momentos fugazes de alegria e tristeza invernais, beleza serena e sentimentos sinceros.<\/p>\n<div class=\"poems\">\n<div class=\"poem\" data-poem=\"1\">\n<h2>Primeira neve<\/h2>\n<pre class=\"poem-text\">\nFlocos brancos caem do c\u00e9u, varrendo tudo ao redor. A floresta permanece im\u00f3vel, como um c\u00e3o, escondida em um c\u00edrculo branco e silencioso. A neve cintila nos campos, uma nevasca agita a cidade. Essa brilhante explos\u00e3o invernal cativa o cora\u00e7\u00e3o com alegria.\n    <\/pre>\n<\/p><\/div>\n<div class=\"poem\" data-poem=\"2\">\n<h2>Noite de inverno<\/h2>\n<pre class=\"poem-text\">\nVelas queimam nas janelas, o vento uiva na chamin\u00e9. Hist\u00f3rias de inverno s\u00e3o tecidas em uma cabana silenciosa e invernal. A neve cobre a varanda, a lenha crepita no fog\u00e3o. Tudo ao redor est\u00e1 t\u00e3o escuro, mas h\u00e1 calor em nossas vidas. O velho p\u00e1tio adormece, o inverno em seu casaco de pele branca. E a conversa se dissipa, para um mundo de magia e aconchego.\n    <\/pre>\n<\/p><\/div>\n<div class=\"poem\" data-poem=\"3\">\n<h2>Dia gelado<\/h2>\n<pre class=\"poem-text\">\nA geada ro\u00e7a levemente meu nariz, o sol brilha l\u00e1 no alto. Como num conto de fadas, o inverno distante se reflete em mim. O ar \u00e9 puro e t\u00e3o fresco, a neve estala sob minhas botas. Nesse sil\u00eancio invernal, o mundo se transforma.\n    <\/pre>\n<\/p><\/div>\n<div class=\"poem\" data-poem=\"4\">\n<h2>Tentilh\u00e3o<\/h2>\n<pre class=\"poem-text\">\nUm brilhante tentilh\u00e3o pousa num monte de neve, como um brilho. Ele contempla a bola branca e limpa o bico. Seu peito vermelho ilumina o dia de inverno, como um raio de sol. Como um s\u00edmbolo, ele diz: &quot;Acredite numa oportunidade maravilhosa e brilhante!&quot; E no sono g\u00e9lido e silencioso, o canto de um p\u00e1ssaro ressoa. Como um conto de fadas em sil\u00eancio, o cora\u00e7\u00e3o se enche de alegria.\n    <\/pre>\n<\/p><\/div>\n<div class=\"poem\" data-poem=\"5\">\n<h2>Estrada de inverno<\/h2>\n<pre class=\"poem-text\">\nAo longo da estrada branca, ao longe, um tren\u00f3 segue rangendo. Um manto de neve cobre os campos, dando-lhes um ar de conto de fadas. Os cavalos disparam, seus cascos quase impercept\u00edveis, adentrando a floresta invernal, o sil\u00eancio. E uma brisa g\u00e9lida dissipa a melancolia do inverno.\n    <\/pre>\n<\/p><\/div>\n<div class=\"poem\" data-poem=\"6\">\n<h2>Manh\u00e3 de inverno<\/h2>\n<pre class=\"poem-text\">\nO sol nasceu, seus raios cintilam como diamantes na neve. A manh\u00e3 de inverno acena, como a borda de um conto de fadas. Tudo ao redor brilha e arde, ofuscando com uma luz branca. A geada se instala no sil\u00eancio, guardando o sono e a tristeza. E minha respira\u00e7\u00e3o congela no ar frio e puro. Mas minha alma se alegra neste reino prateado.\n    <\/pre>\n<\/p><\/div>\n<div class=\"poem\" data-poem=\"7\">\n<h2>Divers\u00e3o de inverno<\/h2>\n<pre class=\"poem-text\">\nEles est\u00e3o construindo um boneco de neve no quintal, com nariz vermelho e brasas. A alegria transborda das crian\u00e7as, e a geada n\u00e3o \u00e9 t\u00e3o forte, acredite. Elas descem a colina correndo, gritando, com a neve voando em todas as dire\u00e7\u00f5es. O dia de inverno as chama para um mundo de divers\u00e3o e sonhos.\n    <\/pre>\n<\/p><\/div>\n<div class=\"poem\" data-poem=\"8\">\n<h2>Inverno tranquilo<\/h2>\n<pre class=\"poem-text\">\nA neve rodopia l\u00e1 fora, pela janela, caindo silenciosamente no ch\u00e3o. Tudo est\u00e1 envolto num sonho branco, como um conto de fadas, sem d\u00favida. As \u00e1rvores est\u00e3o cobertas de pelos, o vento cessou e tudo est\u00e1 em sil\u00eancio. Nesse sil\u00eancio invernal, meu cora\u00e7\u00e3o se enche de alegria.\n    <\/pre>\n<\/p><\/div>\n<div class=\"poem\" data-poem=\"9\">\n<h2>Floresta de inverno<\/h2>\n<pre class=\"poem-text\">\nA floresta de inverno est\u00e1 silenciosa, apenas a neve estala sob sua pata. Abeto e pinheiro, como um s\u00f3, brilham na geada branca. Os animais dormem em suas tocas, o urso cochila em uma toca quente. No inverno, mundos de conto de fadas, tudo \u00e9 calmo, em uma estrada de inverno.\n    <\/pre>\n<\/p><\/div>\n<div class=\"poem\" data-poem=\"10\">\n<h2>Conto de fadas na neve<\/h2>\n<pre class=\"poem-text\">\nA neve pinta flores e folhas brancas no vidro. Num conto de fadas de inverno, na Terra, n\u00e3o se entriste\u00e7am os milagres que acontecem. Tudo ao redor se transforma, como num sonho m\u00e1gico. Meu cora\u00e7\u00e3o bate de alegria, neste sil\u00eancio invernal.\n    <\/pre>\n<\/p><\/div>\n<div class=\"poem\" data-poem=\"11\">\n<h2>Sono de inverno<\/h2>\n<pre class=\"poem-text\">\nO mundo branco adormece, num longo e silencioso sono de inverno. Como um \u00eddolo de conto de fadas, ele se reflete em mim. Sonhos de ver\u00e3o ao longe, de calor e flores. Mas o inverno, em sua melancolia, enfeiti\u00e7a aquelas terras. E a geada pinta sonhos na janela, como numa tela. As luzes despertam num sonho de inverno, um sonho de conto de fadas.\n    <\/pre>\n<\/p><\/div>\n<div class=\"poem\" data-poem=\"12\">\n<h2>Luz de inverno<\/h2>\n<pre class=\"poem-text\">\nO sol de inverno brilha, como prata na neve. Transforma tudo ao redor e nos protege de tudo. A luz brinca nos cristais, espalhando fa\u00edscas de alegria. Nestes luminosos momentos de inverno, saudamos um novo amanhecer. E num dia frio e silencioso, essa luz nos aquece. Nesta terra de conto de fadas de inverno, a esperan\u00e7a floresce no cora\u00e7\u00e3o.\n    <\/pre>\n<\/p><\/div>\n<div class=\"poem\" data-poem=\"13\">\n<h2>Geada e sol<\/h2>\n<pre class=\"poem-text\">\nGeada e sol \u2013 que dia maravilhoso! Ainda bem que n\u00e3o dormi. E o mundo ao redor \u00e9 t\u00e3o encantador que meu cora\u00e7\u00e3o se enche de alegria. O c\u00e9u azul brilha e a neve cintila como um diamante. O inverno m\u00e1gico nos sa\u00fada nesta hora de conto de fadas.\n    <\/pre>\n<\/p><\/div>\n<div class=\"poem\" data-poem=\"14\">\n<h2>Melodia de Inverno<\/h2>\n<pre class=\"poem-text\">\nUma nevasca uiva l\u00e1 fora, tocando uma melodia de inverno. Tudo est\u00e1 coberto por um sonho branco, sentindo felicidade no cora\u00e7\u00e3o. A neve dan\u00e7a \u00e0 luz do dia, e a geada desenha no vidro. Nesse sil\u00eancio invernal, o mundo \u00e9 belo, como num sonho.\n    <\/pre>\n<\/p><\/div>\n<div class=\"poem\" data-poem=\"15\">\n<h2>A \u00faltima neve<\/h2>\n<pre class=\"poem-text\">\nA neve derrete, os riachos correm, o inverno parte, dando-nos adeus. \u00c0 frente, a primavera, as flores e o sol, radiante. Mas a mem\u00f3ria do inverno permanecer\u00e1 na alma. Do conto de fadas que j\u00e1 chegou e se dissolveu no sil\u00eancio.\n    <\/pre>\n<\/p><\/div>\n<\/div>","protected":false},"excerpt":{"rendered":"<p>O inverno \u00e9 uma \u00e9poca de paz e conforto, quando o mundo congela sob um manto branco. A neve estala sob os p\u00e9s, a geada desenha padr\u00f5es nas janelas e o ar se enche de\u2026<\/p>","protected":false},"author":1,"featured_media":0,"comment_status":"open","ping_status":"open","sticky":false,"template":"","format":"standard","meta":{"footnotes":""},"categories":[59],"tags":[],"class_list":["post-134574","post","type-post","status-publish","format-standard","hentry","category-stihi"],"_links":{"self":[{"href":"https:\/\/imgist.ru\/pt\/wp-json\/wp\/v2\/posts\/134574","targetHints":{"allow":["GET"]}}],"collection":[{"href":"https:\/\/imgist.ru\/pt\/wp-json\/wp\/v2\/posts"}],"about":[{"href":"https:\/\/imgist.ru\/pt\/wp-json\/wp\/v2\/types\/post"}],"author":[{"embeddable":true,"href":"https:\/\/imgist.ru\/pt\/wp-json\/wp\/v2\/users\/1"}],"replies":[{"embeddable":true,"href":"https:\/\/imgist.ru\/pt\/wp-json\/wp\/v2\/comments?post=134574"}],"version-history":[{"count":1,"href":"https:\/\/imgist.ru\/pt\/wp-json\/wp\/v2\/posts\/134574\/revisions"}],"predecessor-version":[{"id":136133,"href":"https:\/\/imgist.ru\/pt\/wp-json\/wp\/v2\/posts\/134574\/revisions\/136133"}],"wp:attachment":[{"href":"https:\/\/imgist.ru\/pt\/wp-json\/wp\/v2\/media?parent=134574"}],"wp:term":[{"taxonomy":"category","embeddable":true,"href":"https:\/\/imgist.ru\/pt\/wp-json\/wp\/v2\/categories?post=134574"},{"taxonomy":"post_tag","embeddable":true,"href":"https:\/\/imgist.ru\/pt\/wp-json\/wp\/v2\/tags?post=134574"}],"curies":[{"name":"wp","href":"https:\/\/api.w.org\/{rel}","templated":true}]}}