{"id":134627,"date":"2026-01-28T17:25:43","date_gmt":"2026-01-28T15:25:43","guid":{"rendered":"http:\/\/aleksawn.bget.ru\/drugie\/stihi-pro-ovoshhi.html"},"modified":"2026-08-24T13:19:35","modified_gmt":"2026-08-24T10:19:35","slug":"poemas-sobre-vegetais","status":"publish","type":"post","link":"https:\/\/imgist.ru\/pt\/stihi-pro-ovoshhi\/","title":{"rendered":"Poemas sobre vegetais: rimas divertidas para crian\u00e7as"},"content":{"rendered":"<p>Os vegetais n\u00e3o s\u00e3o apenas alimentos saud\u00e1veis; s\u00e3o tamb\u00e9m uma fonte de inspira\u00e7\u00e3o para a criatividade. Possuem sua pr\u00f3pria beleza, sua pr\u00f3pria hist\u00f3ria, seu pr\u00f3prio car\u00e1ter. Estes poemas s\u00e3o uma tentativa de ver o mundo atrav\u00e9s dos olhos de tomates, pepinos, cenouras e outros frutos da terra, de compartilhar suas vidas e alegrias. Boa leitura e deleite-se com as novas impress\u00f5es!<\/p>\n<div class=\"poems\">\n<div class=\"poem\" data-poem=\"1\">\n<h2>Tomate vermelho<\/h2>\n<pre class=\"poem-text\">Um tomate maduro na horta brilha em vermelho como um sem\u00e1foro. \u00c9 redondo, suculento e grande, repleto da beleza do sol. Vou colher esse vegetal da horta, \u00e9 o mais delicioso do mundo, em algum lugar! Vou lav\u00e1-lo, pic\u00e1-lo e fazer uma salada \u2014 \u00e9 assim que eu amo tomates!\n<\/pre>\n<\/div>\n<div class=\"poem\" data-poem=\"2\">\n<h2>pepino verde<\/h2>\n<pre class=\"poem-text\">Um pepino banhado em orvalho, crocante e fresco, como um milagre. Ama o sol e a chuva, e \u00e9 muito refrescante no calor do ver\u00e3o. \u00c9 \u00f3timo em conserva no inverno e uma del\u00edcia quando comido fresco. Com endro e cebola \u00e0 m\u00e3o, sem d\u00favida trar\u00e1 alegria. \u00c9 cheio de umidade e calor, nos presenteando com sa\u00fade e amor. E em cada lar, encontrou sua merecida novidade.\n<\/pre>\n<\/div>\n<div class=\"poem\" data-poem=\"3\">\n<h2>Cenoura laranja<\/h2>\n<pre class=\"poem-text\">Uma cenoura jazia na terra, sua cabe\u00e7a laranja convidativa. Doce e flex\u00edvel, rica em vitaminas. Essencial para a vis\u00e3o e crucial para a sa\u00fade. Em uma salada ou suco, fica linda, e seu sabor \u00e9 sempre um sonho.\n<\/pre>\n<\/div>\n<div class=\"poem\" data-poem=\"4\">\n<h2>repolho branco<\/h2>\n<pre class=\"poem-text\">O repolho se destaca na horta, grande, rechonchudo e redondo. \u00c9 perfeito em uvas em conserva e tamb\u00e9m fresco. Suas folhas s\u00e3o como renda, crocantes e deliciosamente estaladi\u00e7as. \u00c9 uma explos\u00e3o de vitaminas, proporcionando toda a sa\u00fade que voc\u00ea precisa. E mesmo que o inverno ameace com geadas rigorosas, o repolho brilha com resili\u00eancia, aguardando o novo crescimento da primavera.\n<\/pre>\n<\/div>\n<div class=\"poem\" data-poem=\"5\">\n<h2>cebolinha<\/h2>\n<pre class=\"poem-text\">As cebolas crescem, minha amiga verde, captando o sol no jardim. Elas escondem um som doce no cora\u00e7\u00e3o e espalham uma fragr\u00e2ncia por todo o lado. Em saladas e sopas \u2013 simplesmente magn\u00edficas, e em tortas n\u00e3o ficam nada a dever. Acrescentam sabor e paix\u00e3o, e decoram os nossos pratos.\n<\/pre>\n<\/div>\n<div class=\"poem\" data-poem=\"6\">\n<h2>Piment\u00e3o doce<\/h2>\n<pre class=\"poem-text\">Piment\u00f5es vibrantes desabrochavam no jardim, verdes, amarelos, vermelhos, suculentos. Nos presenteavam com vitaminas, e seu sabor \u00e9 t\u00e3o oriental. Em uma salada, crocantes e brilhantes, s\u00e3o insubstitu\u00edveis no lecho. Agu\u00e7am nosso apetite e nos deixam alegres e fortes. Associam-nos ao sol do sul e nos atraem com seu aroma de ver\u00e3o. Neles reside a for\u00e7a, a alegria e a resili\u00eancia, escondidas em seu sabor.\n<\/pre>\n<\/div>\n<div class=\"poem\" data-poem=\"7\">\n<h2>Batatas douradas<\/h2>\n<pre class=\"poem-text\">As batatas amadureceram na terra, redondas, firmes, douradas. Elas nos presentearam com elas, e seu sabor era radiante. Pur\u00ea, fritas, em sopas e tortas \u2013 sempre maravilhosas. S\u00e3o nutritivas, deliciosas, familiares a todos e, em tempos dif\u00edceis, muito importantes.\n<\/pre>\n<\/div>\n<div class=\"poem\" data-poem=\"8\">\n<h2>Beterraba Borgonha<\/h2>\n<pre class=\"poem-text\">A beterraba roxa cresce, cuidadosamente escondida na terra. \u00c9 \u00f3tima no borscht e, em saladas, simplesmente incr\u00edvel. Ela nos d\u00e1 sa\u00fade e purifica o sangue, sem d\u00favida. E seu sabor nos conquistar\u00e1, a qualquer momento, sem d\u00favida.\n<\/pre>\n<\/div>\n<div class=\"poem\" data-poem=\"9\">\n<h2>Abobrinha verde<\/h2>\n<pre class=\"poem-text\">Uma abobrinha cresce, uma gigante verde, ocupando espa\u00e7o no canteiro. Frita, \u00e9 um diamante, e em caviar, encanta a todos.\n<\/pre>\n<\/div>\n<div class=\"poem\" data-poem=\"10\">\n<h2>berinjela roxa<\/h2>\n<pre class=\"poem-text\">A berinjela roxa brilha, como uma joia ao sol. Ela guarda sabor e aroma, e deixa sua melhor marca em cada prato. Em uma salada, um ensopado, ou simplesmente assim, ela \u00e9 tenra, macia e deliciosa. E quem a provar esquecer\u00e1 um jantar sofisticado. \u00c9 como veludo nos l\u00e1bios, e derrete delicadamente, sem deixar vest\u00edgios. Ela carrega o poder do sol e dos campos, e o esp\u00edrito persistente do ver\u00e3o.\n<\/pre>\n<\/div>\n<div class=\"poem\" data-poem=\"11\">\n<h2>Ab\u00f3bora dourada<\/h2>\n<pre class=\"poem-text\">No jardim jaz uma ab\u00f3bora dourada, grande, redonda e bela. \u00c9 \u00f3tima em mingau e em torta \u2014 \u00fanica. Nos d\u00e1 sa\u00fade e nos nutre com vitaminas. Seu sabor nos cativa e acende a alegria no cora\u00e7\u00e3o. \u00c9 como o sol no jardim e nos ilumina no outono. Cont\u00e9m for\u00e7a, alegria e, em del\u00edrio, o sonho de um jantar fabuloso.\n<\/pre>\n<\/div>\n<div class=\"poem\" data-poem=\"12\">\n<h2>nabo grande<\/h2>\n<pre class=\"poem-text\">Na terra jazia um nabo, grande, forte e redondo. Ele traz sa\u00fade a todos, e seu sabor \u00e9 inimit\u00e1vel.\n<\/pre>\n<\/div>\n<div class=\"poem\" data-poem=\"13\">\n<h2>Alho arom\u00e1tico<\/h2>\n<pre class=\"poem-text\">O alho cresce, meu amigo em forma de dente, captando o sol no jardim. Ele esconde um som penetrante no cora\u00e7\u00e3o e espalha aroma por todo lado. Em molhos e sopas \u2013 simplesmente soberbo, e em tortas n\u00e3o fica atr\u00e1s. Ele acrescenta sabor e paix\u00e3o, e embeleza nossos pratos. Ele nos proteger\u00e1 de doen\u00e7as e nos dar\u00e1 for\u00e7a de esp\u00edrito. E todos que o provarem brilhar\u00e3o com uma sa\u00fade renovada.\n<\/pre>\n<\/div>\n<div class=\"poem\" data-poem=\"14\">\n<h2>rabanete vermelho<\/h2>\n<pre class=\"poem-text\">Escondido na terra, havia um rabanete, rosado, crocante e pequeno. Estava cheio de frescor e vida, e seu sabor era t\u00e3o simples. Era um convidado maravilhoso em uma salada, e com manteiga, uma del\u00edcia. Trouxe alegria, como uma ponte para um momento saud\u00e1vel e feliz.\n<\/pre>\n<\/div>\n<div class=\"poem\" data-poem=\"15\">\n<h2>Ervilhas verdes<\/h2>\n<pre class=\"poem-text\">As ervilhas verdes dormem em suas vagens, pequenas e doces como p\u00e9rolas. Elas guardam o sol em seu interior, e seu sabor \u00e9 t\u00e3o precioso para o cora\u00e7\u00e3o. Em uma salada ou sopa \u2013 simplesmente divinas, e com manteiga \u2013 um abra\u00e7o terno. Elas d\u00e3o vigor, como uma terra onde h\u00e1 frescor, alegria e despedida.\n<\/pre>\n<\/div>\n<\/div>","protected":false},"excerpt":{"rendered":"<p>Os vegetais n\u00e3o s\u00e3o apenas alimentos saud\u00e1veis; s\u00e3o tamb\u00e9m uma fonte de inspira\u00e7\u00e3o para a criatividade. Cont\u00eam a sua pr\u00f3pria beleza, a sua pr\u00f3pria hist\u00f3ria, o seu pr\u00f3prio car\u00e1ter. Estes poemas s\u00e3o uma tentativa\u2026<\/p>","protected":false},"author":1,"featured_media":0,"comment_status":"open","ping_status":"open","sticky":false,"template":"","format":"standard","meta":{"footnotes":""},"categories":[59],"tags":[],"class_list":["post-134627","post","type-post","status-publish","format-standard","hentry","category-stihi"],"_links":{"self":[{"href":"https:\/\/imgist.ru\/pt\/wp-json\/wp\/v2\/posts\/134627","targetHints":{"allow":["GET"]}}],"collection":[{"href":"https:\/\/imgist.ru\/pt\/wp-json\/wp\/v2\/posts"}],"about":[{"href":"https:\/\/imgist.ru\/pt\/wp-json\/wp\/v2\/types\/post"}],"author":[{"embeddable":true,"href":"https:\/\/imgist.ru\/pt\/wp-json\/wp\/v2\/users\/1"}],"replies":[{"embeddable":true,"href":"https:\/\/imgist.ru\/pt\/wp-json\/wp\/v2\/comments?post=134627"}],"version-history":[{"count":1,"href":"https:\/\/imgist.ru\/pt\/wp-json\/wp\/v2\/posts\/134627\/revisions"}],"predecessor-version":[{"id":136198,"href":"https:\/\/imgist.ru\/pt\/wp-json\/wp\/v2\/posts\/134627\/revisions\/136198"}],"wp:attachment":[{"href":"https:\/\/imgist.ru\/pt\/wp-json\/wp\/v2\/media?parent=134627"}],"wp:term":[{"taxonomy":"category","embeddable":true,"href":"https:\/\/imgist.ru\/pt\/wp-json\/wp\/v2\/categories?post=134627"},{"taxonomy":"post_tag","embeddable":true,"href":"https:\/\/imgist.ru\/pt\/wp-json\/wp\/v2\/tags?post=134627"}],"curies":[{"name":"wp","href":"https:\/\/api.w.org\/{rel}","templated":true}]}}