{"id":134687,"date":"2026-01-25T16:46:23","date_gmt":"2026-01-25T14:46:23","guid":{"rendered":"http:\/\/aleksawn.bget.ru\/drugie\/stihi-pro-dvuh-synovej.html"},"modified":"2026-08-24T13:20:55","modified_gmt":"2026-08-24T10:20:55","slug":"poemas-sobre-dois-filhos","status":"publish","type":"post","link":"https:\/\/imgist.ru\/pt\/stihi-pro-dvuh-synovej\/","title":{"rendered":"Poemas sobre dois filhos: versos comoventes sobre o amor de uma m\u00e3e."},"content":{"rendered":"<div class=\"intro\">\nA fam\u00edlia \u00e9 mais do que la\u00e7os de sangue; \u00e9 um reflexo da alma, uma teia complexa de destinos e uma fonte inesgot\u00e1vel de inspira\u00e7\u00e3o. Particularmente tocante \u00e9 a rela\u00e7\u00e3o entre irm\u00e3os, dois filhos unidos n\u00e3o apenas pelo sangue, mas tamb\u00e9m por uma inf\u00e2ncia, sonhos e mem\u00f3rias compartilhados. Estes poemas buscam capturar a natureza multifacetada desse v\u00ednculo, suas alegrias e tristezas, rivalidade e apoio, ternura e compreens\u00e3o. S\u00e3o dedicados \u00e0queles que sabem o que significa ter um irm\u00e3o e \u00e0queles que est\u00e3o apenas come\u00e7ando a descobrir este mundo maravilhoso.\n<\/div>\n<div class=\"poems\">\n<div class=\"poem\">\n<h2>Primeiros passos juntos<\/h2>\n<pre class=\"poem-text\">\nNum ber\u00e7o, dois anjinhos dormem, duas respira\u00e7\u00f5es, dois cora\u00e7\u00f5es batendo em ritmo. Um vasto mundo os aguarda para explorar, e o destino escolheu um caminho comum para eles. Uma m\u00e3e se inclina sobre a beleza da crian\u00e7a, seus olhos cheios de esperan\u00e7a e pureza. Juntos, compartilhar\u00e3o um sonho, seu amor como \u00e1gua de nascente.\n    <\/pre>\n<\/p><\/div>\n<div class=\"poem\">\n<h2>Eco de jogos infantis<\/h2>\n<pre class=\"poem-text\">\nNa poeira das estradas, sob o sol dourado, irm\u00e3os corriam, risos ecoavam por toda parte. Um mundo esquecido, repleto de sonhos, e a cada instante, um amigo feliz e fiel. Agora, lugares outrora familiares est\u00e3o silenciosos, apenas a mem\u00f3ria sussurra o calor do passado. Mas no cora\u00e7\u00e3o de cada um vive aquela beleza, e a inf\u00e2ncia \u00e9 sonhada no orvalho da manh\u00e3.\n    <\/pre>\n<\/p><\/div>\n<div class=\"poem\">\n<h2>Rivalidade e amor<\/h2>\n<pre class=\"poem-text\">\nFa\u00edscas nos olhos, a\u00e7o afiado nas palavras, a rivalidade entre irm\u00e3os \u00e9 uma batalha eterna. Mas por tr\u00e1s deles reside uma tristeza constante, e a ajuda fraternal \u00e9 sempre a paz. S\u00e3o como uma chama que arde na noite, ora flamejando, ora queimando silenciosamente. Mas seu la\u00e7o \u00e9 t\u00e3o forte quanto as margens de um riacho, e o cora\u00e7\u00e3o de um irm\u00e3o jamais envelhece.\n    <\/pre>\n<\/p><\/div>\n<div class=\"poem\">\n<h2>Retrato de fam\u00edlia<\/h2>\n<pre class=\"poem-text\">\nNuma tela antiga, na n\u00e9voa do tempo, um retrato de fam\u00edlia, congelado no tempo. Dois filhos, um pai e a silhueta de uma m\u00e3e, sua felicidade em cada momento de quietude. Seus olhares transbordam amor e bondade, suas rugas revelam a sabedoria dos anos vividos. Suas almas est\u00e3o para sempre unidas, como flores, num jardim de esperan\u00e7as, onde n\u00e3o h\u00e1 tristeza nem grilh\u00f5es.\n    <\/pre>\n<\/p><\/div>\n<div class=\"poem\">\n<h2>Estradas diferentes<\/h2>\n<pre class=\"poem-text\">\nO destino os separou em terras diferentes, e cada um escolheu seu pr\u00f3prio caminho. Mas em seus cora\u00e7\u00f5es, a mem\u00f3ria de seus entes queridos arde, e a lealdade fraternal jamais \u00e9 esquecida, nem um pouco. Cartas voam atrav\u00e9s de mares e florestas, trazendo not\u00edcias, esperan\u00e7a e saudade. Seu la\u00e7o permanece inquebr\u00e1vel, como uma cruz maravilhosa, sobre suas cabe\u00e7as, como um anjo sobrenatural.\n    <\/pre>\n<\/p><\/div>\n<div class=\"poem\">\n<h2>Encontro ap\u00f3s a separa\u00e7\u00e3o<\/h2>\n<pre class=\"poem-text\">\nUm momento t\u00e3o esperado, uma emo\u00e7\u00e3o intensa, o reencontro de irm\u00e3os ap\u00f3s tantos anos. Como se o tempo tivesse retrocedido, desaparecido, e a inf\u00e2ncia retornasse como uma luz brilhante. Abra\u00e7os apertados, l\u00e1grimas nos olhos, lembran\u00e7as como velhos amigos. E juntos novamente em tempos esquecidos, o amor fraternal deles \u2013 luminoso e terno.\n    <\/pre>\n<\/p><\/div>\n<div class=\"poem\">\n<h2>Conselhos de um irm\u00e3o mais velho<\/h2>\n<pre class=\"poem-text\">\n\"&quot;N\u00e3o tenha medo, irm\u00e3o, de seguir seu pr\u00f3prio caminho, de cometer erros, de cair e se levantar novamente. Eu estarei l\u00e1, ajudarei voc\u00ea em tudo e apoiarei a f\u00e9 em seu cora\u00e7\u00e3o.&quot; Ele mesmo se lembra de como era dif\u00edcil viver, de como o mundo parecia cheio de escurid\u00e3o e maldade. Mas o amor fraternal o ajudou a perdoar e a encontrar esperan\u00e7a e conforto.\n    <\/pre>\n<\/p><\/div>\n<div class=\"poem\">\n<h2>Apoio em momentos dif\u00edceis<\/h2>\n<pre class=\"poem-text\">\nQuando os problemas baterem \u00e0 sua porta e seu cora\u00e7\u00e3o estiver pesado de saudade e dor, um irm\u00e3o vir\u00e1 em seu aux\u00edlio como um raio de sol, compartilhando o destino com voc\u00ea. Ele ouvir\u00e1, apoiar\u00e1, compreender\u00e1 e dar\u00e1 conselhos sobre como superar as adversidades. E a alegria florescer\u00e1 em seu cora\u00e7\u00e3o novamente, quando voc\u00ea sentir a luz fraternal.\n    <\/pre>\n<\/p><\/div>\n<div class=\"poem\">\n<h2>Lembran\u00e7as da minha m\u00e3e<\/h2>\n<pre class=\"poem-text\">\nSuas m\u00e3os eram delicadas, seu olhar terno, seu amor materno como um raio de sol. Ela nos ensinou bondade e fraternidade, e nos protegeu da adversidade e do tormento. Agora ela n\u00e3o est\u00e1 mais entre n\u00f3s, resta apenas o sil\u00eancio e, em nossos cora\u00e7\u00f5es, a lembran\u00e7a do calor de outrora. Mas n\u00f3s, dois filhos, sempre lhe seremos fi\u00e9is e nos lembraremos de sua bondade.\n    <\/pre>\n<\/p><\/div>\n<div class=\"poem\">\n<h2>Pai e seus filhos<\/h2>\n<pre class=\"poem-text\">\nEle se orgulha de seus filhos, da for\u00e7a de esp\u00edrito, da honestidade e da intelig\u00eancia deles. Acredita neles, apoia seus sonhos e lhes oferece carinho e seu lar. Lembra-se de como os criou, de como os amou, de como se preocupou com cada conquista deles. E, na velhice, sente-se feliz por eles estarem vivos e por lhe trazerem alegria todos os dias.\n    <\/pre>\n<\/p><\/div>\n<div class=\"poem\">\n<h2>dever fraternal<\/h2>\n<pre class=\"poem-text\">\nN\u00e3o abandonarei meu irm\u00e3o na dor ou na dificuldade, sempre o ajudarei se precisar. Pois o sangue chama, e o cora\u00e7\u00e3o n\u00e3o trai, e a lealdade fraternal jamais ser\u00e1 posta \u00e0 prova. Estamos para sempre unidos por um destino, e juntos podemos superar tudo. E neste mundo, cheio de trevas e maldade, o amor fraternal nos ajudar\u00e1 a ver a luz.\n    <\/pre>\n<\/p><\/div>\n<div class=\"poem\">\n<h2>tradi\u00e7\u00f5es familiares<\/h2>\n<pre class=\"poem-text\">\nTodos os anos nos reunimos, em fam\u00edlia, ao redor da mesa festiva. E relembramos o passado, a inf\u00e2ncia, e compartilhamos o carinho uns dos outros. Honramos as tradi\u00e7\u00f5es de nossos ancestrais e as transmitimos aos nossos filhos. E neste mundo, repleto de diferentes elementos, a fam\u00edlia \u00e9 a nossa ilha, a nossa mar\u00e9 tranquila.\n    <\/pre>\n<\/p><\/div>\n<div class=\"poem\">\n<h2>Uma carta do passado<\/h2>\n<pre class=\"poem-text\">\nO papel est\u00e1 amarelado, a tinta desbotada, uma carta do meu irm\u00e3o, escrita h\u00e1 muito tempo. Cont\u00e9m sonhos de juventude, versos ing\u00eanuos e uma f\u00e9 no futuro, como que m\u00e1gica. Leio-a novamente e meu cora\u00e7\u00e3o dispara, lembrando daqueles dias, repletos de amor. E o tempo parece voltar voando, e os irm\u00e3os est\u00e3o juntos novamente, como se estivessem muito distantes.\n    <\/pre>\n<\/p><\/div>\n<div class=\"poem\">\n<h2>Nova gera\u00e7\u00e3o<\/h2>\n<pre class=\"poem-text\">\nOs filhos e netos dos irm\u00e3os est\u00e3o crescendo, suas risadas ecoando como um sino no campo. Novas tradi\u00e7\u00f5es est\u00e3o sendo criadas, e a vida continua em uma nova liberdade. Eles aprendem com seus irm\u00e3os como ser bons pais e amigos. E em seus cora\u00e7\u00f5es arde a chama da vida, da esperan\u00e7a e da f\u00e9, mesmo \u00e0 dist\u00e2ncia.\n    <\/pre>\n<\/p><\/div>\n<div class=\"poem\">\n<h2>Noite de outono<\/h2>\n<pre class=\"poem-text\">\nNuma noite de outono, tranquila e fresca, os irm\u00e3os sentam-se juntos junto \u00e0 lareira. Recordam as suas vidas, passadas e elegantes, e partilham o seu calor humano. L\u00e1 fora, a chuva bate no telhado e o vento uiva como um animal na floresta. Mas dentro de casa reina o calor, o aconchego e o sil\u00eancio, e os irm\u00e3os est\u00e3o juntos, como na inf\u00e2ncia, no orvalho.\n    <\/pre>\n<\/p><\/div>\n<div class=\"poem\">\n<h2>Conto de Inverno<\/h2>\n<pre class=\"poem-text\">\nUm conto de fadas de inverno, a neve gira numa dan\u00e7a, irm\u00e3os constroem um boneco de neve no quintal. E um brilho feliz arde em seus olhos, e a inf\u00e2ncia retorna em janeiro. Eles se lembram de como brincavam quando crian\u00e7as, de como constru\u00edam fortes de neve e gelo. E de como sempre se protegiam, e de como sua amizade sempre foi forte.\n    <\/pre>\n<\/p><\/div>\n<div class=\"poem\">\n<h2>Despertar da primavera<\/h2>\n<pre class=\"poem-text\">\nA primavera desperta, o sol brilha intensamente, os irm\u00e3os passeiam juntos pelo parque. Inalam o doce aroma das flores e desfrutam a vida como se estivessem no para\u00edso. Lembram-se de como, na inf\u00e2ncia, plantavam \u00e1rvores e flores em seu jardim, de como sempre se apoiaram mutuamente e de como sua amizade sempre foi verdadeira.\n    <\/pre>\n<\/p><\/div>\n<div class=\"poem\">\n<h2>F\u00e9rias de ver\u00e3o<\/h2>\n<pre class=\"poem-text\">\nF\u00e9rias de ver\u00e3o, mar, sol e areia, os irm\u00e3os nadam, tomam sol, riem. E esquecem todas as suas preocupa\u00e7\u00f5es, e aproveitam a vida, como na inf\u00e2ncia. Lembram-se de como costumavam pescar com o pai, no rio com os amigos. E de como sempre se entendiam, e de como a amizade entre eles sempre foi forte.\n    <\/pre>\n<\/p><\/div>\n<div class=\"poem\">\n<h2>Ciclo da vida<\/h2>\n<pre class=\"poem-text\">\nNascimento, inf\u00e2ncia, adolesc\u00eancia e amor \u2014 irm\u00e3os vivenciam todas as fases da vida. Juntos, compartilham alegrias e tristezas e se apoiam mutuamente em todos os momentos dif\u00edceis. Seu la\u00e7o \u00e9 t\u00e3o inquebr\u00e1vel quanto o ciclo do tempo e viver\u00e1 para sempre nos cora\u00e7\u00f5es de seus filhos e netos. Seu amor fraternal \u00e9 como um sonho eterno e como a esperan\u00e7a de um futuro brilhante.\n    <\/pre>\n<\/p><\/div>\n<\/div>","protected":false},"excerpt":{"rendered":"<p>A fam\u00edlia n\u00e3o se resume a la\u00e7os de sangue; \u00e9 um reflexo da alma, uma teia complexa de destinos e uma fonte inesgot\u00e1vel de inspira\u00e7\u00e3o. Particularmente comovente \u00e9 a rela\u00e7\u00e3o entre irm\u00e3os, dois filhos unidos por\u2026<\/p>","protected":false},"author":1,"featured_media":0,"comment_status":"open","ping_status":"open","sticky":false,"template":"","format":"standard","meta":{"footnotes":""},"categories":[59],"tags":[],"class_list":["post-134687","post","type-post","status-publish","format-standard","hentry","category-stihi"],"_links":{"self":[{"href":"https:\/\/imgist.ru\/pt\/wp-json\/wp\/v2\/posts\/134687","targetHints":{"allow":["GET"]}}],"collection":[{"href":"https:\/\/imgist.ru\/pt\/wp-json\/wp\/v2\/posts"}],"about":[{"href":"https:\/\/imgist.ru\/pt\/wp-json\/wp\/v2\/types\/post"}],"author":[{"embeddable":true,"href":"https:\/\/imgist.ru\/pt\/wp-json\/wp\/v2\/users\/1"}],"replies":[{"embeddable":true,"href":"https:\/\/imgist.ru\/pt\/wp-json\/wp\/v2\/comments?post=134687"}],"version-history":[{"count":1,"href":"https:\/\/imgist.ru\/pt\/wp-json\/wp\/v2\/posts\/134687\/revisions"}],"predecessor-version":[{"id":137727,"href":"https:\/\/imgist.ru\/pt\/wp-json\/wp\/v2\/posts\/134687\/revisions\/137727"}],"wp:attachment":[{"href":"https:\/\/imgist.ru\/pt\/wp-json\/wp\/v2\/media?parent=134687"}],"wp:term":[{"taxonomy":"category","embeddable":true,"href":"https:\/\/imgist.ru\/pt\/wp-json\/wp\/v2\/categories?post=134687"},{"taxonomy":"post_tag","embeddable":true,"href":"https:\/\/imgist.ru\/pt\/wp-json\/wp\/v2\/tags?post=134687"}],"curies":[{"name":"wp","href":"https:\/\/api.w.org\/{rel}","templated":true}]}}