{"id":134696,"date":"2026-01-27T07:51:19","date_gmt":"2026-01-27T05:51:19","guid":{"rendered":"http:\/\/aleksawn.bget.ru\/drugie\/stihi-pro-grozu.html"},"modified":"2026-08-24T13:20:52","modified_gmt":"2026-08-24T10:20:52","slug":"poemas-sobre-tempestades","status":"publish","type":"post","link":"https:\/\/imgist.ru\/pt\/stihi-pro-grozu\/","title":{"rendered":"Poemas sobre tempestades: belos poemas que celebram o poder da natureza no ver\u00e3o."},"content":{"rendered":"<p>Uma tempestade \u00e9 sempre mais do que um simples fen\u00f4meno natural. Ela entrela\u00e7a medo e \u00eaxtase, purifica\u00e7\u00e3o e destrui\u00e7\u00e3o, o sil\u00eancio antes da tempestade e o estrondo ensurdecedor do raio. Estes poemas s\u00e3o uma tentativa de capturar estados de esp\u00edrito fugazes refletidos nos elementos furiosos, de capturar ecos de for\u00e7as ancestrais despertando no c\u00e9u. N\u00e3o h\u00e1 moral ou li\u00e7\u00e3o moral aqui, apenas experi\u00eancias e imagens sinceras nascidas sob os trov\u00f5es.<\/p>\n<div class=\"poems\">\n<div class=\"poem\">\n<h2>Primeiro raio<\/h2>\n<pre class=\"poem-text\">\nO jardim est\u00e1 silencioso, antecipando uma tempestade, e o ar oprime com sua densidade. Apenas um velho bordo, aparentemente deslocado, desliza sonolentamente seus galhos pelo ch\u00e3o. E ent\u00e3o o primeiro raio de luz atravessa o c\u00e9u, como se algu\u00e9m tivesse levantado uma cortina. Num piscar de olhos, o mundo se transforma, e um vago medo queima no cora\u00e7\u00e3o.\n    <\/pre>\n<\/p><\/div>\n<\/div>\n<div class=\"poems\">\n<div class=\"poem\">\n<h2>Nuvens escuras<\/h2>\n<pre class=\"poem-text\">\nNuvens escuras se acumulam sobre o mundo, e o sol desapareceu na dist\u00e2ncia acinzentada. Em um sil\u00eancio tenso, como que em tormento, a natureza permanece im\u00f3vel, pressentindo o desastre. Um brilho distante reluziu, como um sinal de alarme, e o vento rodopiava como uma fera. Caminhos vagos nascem na alma, e um sil\u00eancio agora quieto persiste no cora\u00e7\u00e3o. E agora uma cortina fresca de gotas lava a poeira das p\u00e9talas cansadas. No limiar dos elementos, como nos c\u00e9us, a liberdade encontra um novo f\u00f4lego.\n    <\/pre>\n<\/p><\/div>\n<\/div>\n<div class=\"poems\">\n<div class=\"poem\">\n<h2>Um estrondo de trov\u00e3o<\/h2>\n<pre class=\"poem-text\">\nUm estrondo distante, como o suspiro da terra, e o eco h\u00e1 muito perdido nos bosques. Nele reside um poder ancestral que ardeu eternamente, e os segredos do universo despertados. \u00c1rvores se curvam numa rajada de vento, e folhas giram numa dan\u00e7a fren\u00e9tica. A confus\u00e3o toma conta da alma, como se em algum lugar, um sonho esquecido tivesse despertado nesta hora. E uma parede de chuva, fria e cortante, lava toda d\u00favida e medo. Neste elemento selvagem e ferido, encontramos nosso sinal perdido. E nesta tempestade, nesta purifica\u00e7\u00e3o, nascem a esperan\u00e7a e a paz. Como se, ap\u00f3s longa languidez, a alma encontrasse o caminho de casa.\n    <\/pre>\n<\/p><\/div>\n<\/div>\n<div class=\"poems\">\n<div class=\"poem\">\n<h2>Raio<\/h2>\n<pre class=\"poem-text\">\nNum instante de beleza ofuscante, um rel\u00e2mpago cortou o espa\u00e7o. Era como se elementos celestiais tivessem se manifestado, e o mundo surgisse numa forma diferente, de outro mundo. E nessa luz, brilhante e fugaz, eu me vi, como num espelho. E percebi que, no fundo da minha alma, uma tempestade espreitava, tal como naquele c\u00e9u.\n    <\/pre>\n<\/p><\/div>\n<\/div>\n<div class=\"poems\">\n<div class=\"poem\">\n<h2>Chuva na janela<\/h2>\n<pre class=\"poem-text\">\nA chuva l\u00e1 fora pinta aquarelas, lavando as cores da melancolia cotidiana. E nesse sil\u00eancio, como numa cela, nascem poemas desconhecidos. Sussurra hist\u00f3rias antigas e novas, de terras distantes, de amor e sonhos. E nessa m\u00fasica, simples e modesta, me perco em meus sonhos. E parece que o mundo ao redor congelou, s\u00f3 a chuva cai, como minha fiel amiga. E nesse sil\u00eancio senti um recanto de paz e alegria no meu cora\u00e7\u00e3o.\n    <\/pre>\n<\/p><\/div>\n<\/div>\n<div class=\"poems\">\n<div class=\"poem\">\n<h2>Ap\u00f3s a tempestade<\/h2>\n<pre class=\"poem-text\">\nA tempestade passou, o trov\u00e3o cessou e o sol espreitou por entre as nuvens. H\u00e1 paz na minha alma, como depois de um coma. O mundo despertou e tudo parece ter voltado ao normal. O ar est\u00e1 fresco, repleto de frescor, e as folhas brilham como esmeraldas. E neste sil\u00eancio, t\u00e3o reconfortante, nasce a esperan\u00e7a, como um milagre. E o arco-\u00edris, como uma ponte para outras dist\u00e2ncias, nos lembrar\u00e1 da for\u00e7a e do amor. E nesta luz, brilhante e cansada, voltaremos a acreditar na felicidade e nos destinos. E nesta beleza, simples e eterna, encontramos harmonia e paz. Como se, ap\u00f3s uma tempestade passageira, a alma al\u00e7asse voo, como uma leve camisa.\n    <\/pre>\n<\/p><\/div>\n<\/div>\n<div class=\"poems\">\n<div class=\"poem\">\n<h2>Galhos e c\u00e9u<\/h2>\n<pre class=\"poem-text\">\nOs galhos das \u00e1rvores, como m\u00e3os que se estendem para o c\u00e9u, alcan\u00e7am as nuvens tempestuosas e pl\u00fambeas. E nesse gesto, silencioso e absurdo, leio uma ora\u00e7\u00e3o \u00e0 noite. E o vento sussurra confiss\u00f5es secretas sobre a for\u00e7a que reside nos elementos selvagens. E nesse som, repleto de expectativa, me perco em sonhos, como em um rio.\n    <\/pre>\n<\/p><\/div>\n<\/div>\n<div class=\"poems\">\n<div class=\"poem\">\n<h2>Espelho de Po\u00e7as<\/h2>\n<pre class=\"poem-text\">\nO c\u00e9u se reflete no espelho das po\u00e7as, e a tristeza espreita nessas profundezas. Como se o mundo, esquecido e absurdo, guardasse em si uma turbidez indiz\u00edvel. E gotas de chuva, como l\u00e1grimas de luz, escorrem pela face de nossa terra natal. E neste grito, silencioso e acarinhado, encontramos paz e um outro mundo. E neste sil\u00eancio, t\u00e3o profundo, nascem esperan\u00e7as e sonhos. E nesta beleza, simples e delicada, compreendemos o valor da beleza. E neste mundo, repleto de reflexos, nos encontramos, como em um espelho. E nesta dan\u00e7a, cheia de ternura, esquecemos a dor e a melancolia.\n    <\/pre>\n<\/p><\/div>\n<\/div>\n<div class=\"poems\">\n<div class=\"poem\">\n<h2>Horizonte Sombrio<\/h2>\n<pre class=\"poem-text\">\nUm horizonte escuro, como uma linha, divide o mundo em escurid\u00e3o e luz. E dentro dessa fronteira, como numa fogueira, a esperan\u00e7a arde como uma flor brilhante. E o vento uiva como uma fera na noite, e a chuva bate como um tambor. E nesse caos, como numa fornalha, nasce um novo e luminoso plano.\n    <\/pre>\n<\/p><\/div>\n<\/div>\n<div class=\"poems\">\n<div class=\"poem\">\n<h2>Eco do trov\u00e3o<\/h2>\n<pre class=\"poem-text\">\nO eco do trov\u00e3o ainda ressoa nas montanhas, lembrando-nos da tempestade que passou. E neste sil\u00eancio, a alma se aquieta, recordando alegrias e tristezas. E o sol espreitou por entre as nuvens, iluminando o mundo com seu calor. E nesta luz, brilhante e poderosa, nos sentimos em casa. E o arco-\u00edris, como uma ponte para outras terras, nos lembrar\u00e1 da for\u00e7a e do amor. E neste mundo cheio de tristeza, voltaremos a acreditar na felicidade e no destino.\n    <\/pre>\n<\/p><\/div>\n<\/div>\n<div class=\"poems\">\n<div class=\"poem\">\n<h2>Gotas no vidro<\/h2>\n<pre class=\"poem-text\">\nGotas no vidro, como l\u00e1grimas, escorrem, desenhando seu pr\u00f3prio padr\u00e3o. E nessa dan\u00e7a, repleta de gelo, eu me perco no mundo, como num sonho. E o vento uiva como uma fera selvagem, e a chuva bate como um tambor. E nesse caos, como se agora, um novo e luminoso plano nasce.\n    <\/pre>\n<\/p><\/div>\n<\/div>\n<div class=\"poems\">\n<div class=\"poem\">\n<h2>O cheiro de terra molhada<\/h2>\n<pre class=\"poem-text\">\nO cheiro de terra molhada, t\u00e3o familiar, preenche o ar depois de uma tempestade. E nesse aroma, delicado e discreto, sentimos o sopro da primavera. E o sol espreita por entre as nuvens, iluminando o mundo com seu calor. E nessa luz, brilhante e poderosa, nos sentimos em casa.\n    <\/pre>\n<\/p><\/div>\n<\/div>\n<div class=\"poems\">\n<div class=\"poem\">\n<h2>Luz ao longe<\/h2>\n<pre class=\"poem-text\">\nUma luz distante, como um raio de esperan\u00e7a, rompe a escurid\u00e3o tempestuosa. E nessa luz, repleta de serenidade, sentimos que tudo ainda ser\u00e1 compreendido. E o vento cessou, a chuva parou, e o mundo silenciou na expectativa da paz. E nesse sil\u00eancio, como se entr\u00e1ssemos em um sal\u00e3o, uma melodia diferente nasce.\n    <\/pre>\n<\/p><\/div>\n<\/div>\n<div class=\"poems\">\n<div class=\"poem\">\n<h2>Sombra na grama<\/h2>\n<pre class=\"poem-text\">\nUma sombra na grama, como um sinal do destino, nos lembra de uma tempestade passada. E nessa sombra, repleta de lutas, encontramos for\u00e7a em nossa natureza. E o sol espreita por tr\u00e1s das nuvens, iluminando o mundo com seu calor. E nessa luz, brilhante e poderosa, nos sentimos em casa.\n    <\/pre>\n<\/p><\/div>\n<\/div>\n<div class=\"poems\">\n<div class=\"poem\">\n<h2>O \u00faltimo estrondo<\/h2>\n<pre class=\"poem-text\">\nO \u00faltimo estrondo do trov\u00e3o ao longe, como uma despedida de uma tempestade que passa. E nesse sil\u00eancio, como num rio, nos dissolvemos no mundo, como uma f\u00faria. E o sol espreita por tr\u00e1s das nuvens, iluminando o mundo com seu calor. E nessa luz, brilhante e poderosa, nos sentimos em casa.\n    <\/pre>\n<\/p><\/div>\n<\/div>","protected":false},"excerpt":{"rendered":"<p>Uma tempestade \u00e9 sempre mais do que um simples fen\u00f4meno natural. Ela entrela\u00e7a medo e \u00eaxtase, purifica\u00e7\u00e3o e destrui\u00e7\u00e3o, o sil\u00eancio antes da tempestade e o estrondo ensurdecedor do raio.<\/p>","protected":false},"author":1,"featured_media":0,"comment_status":"open","ping_status":"open","sticky":false,"template":"","format":"standard","meta":{"footnotes":""},"categories":[59],"tags":[],"class_list":["post-134696","post","type-post","status-publish","format-standard","hentry","category-stihi"],"_links":{"self":[{"href":"https:\/\/imgist.ru\/pt\/wp-json\/wp\/v2\/posts\/134696","targetHints":{"allow":["GET"]}}],"collection":[{"href":"https:\/\/imgist.ru\/pt\/wp-json\/wp\/v2\/posts"}],"about":[{"href":"https:\/\/imgist.ru\/pt\/wp-json\/wp\/v2\/types\/post"}],"author":[{"embeddable":true,"href":"https:\/\/imgist.ru\/pt\/wp-json\/wp\/v2\/users\/1"}],"replies":[{"embeddable":true,"href":"https:\/\/imgist.ru\/pt\/wp-json\/wp\/v2\/comments?post=134696"}],"version-history":[{"count":1,"href":"https:\/\/imgist.ru\/pt\/wp-json\/wp\/v2\/posts\/134696\/revisions"}],"predecessor-version":[{"id":137612,"href":"https:\/\/imgist.ru\/pt\/wp-json\/wp\/v2\/posts\/134696\/revisions\/137612"}],"wp:attachment":[{"href":"https:\/\/imgist.ru\/pt\/wp-json\/wp\/v2\/media?parent=134696"}],"wp:term":[{"taxonomy":"category","embeddable":true,"href":"https:\/\/imgist.ru\/pt\/wp-json\/wp\/v2\/categories?post=134696"},{"taxonomy":"post_tag","embeddable":true,"href":"https:\/\/imgist.ru\/pt\/wp-json\/wp\/v2\/tags?post=134696"}],"curies":[{"name":"wp","href":"https:\/\/api.w.org\/{rel}","templated":true}]}}