{"id":134711,"date":"2026-01-27T09:21:27","date_gmt":"2026-01-27T07:21:27","guid":{"rendered":"http:\/\/aleksawn.bget.ru\/drugie\/stihi-pro-horoshee-nastroenie.html"},"modified":"2026-08-24T13:20:52","modified_gmt":"2026-08-24T10:20:52","slug":"poemas-sobre-bom-humor","status":"publish","type":"post","link":"https:\/\/imgist.ru\/pt\/stihi-pro-horoshee-nastroenie\/","title":{"rendered":"Poemas sobre bom humor: versos inspiradores sobre a alegria da vida e dos sonhos."},"content":{"rendered":"<p>\u00c0s vezes, tudo o que precisamos para sermos felizes \u00e9 um raio de sol, uma x\u00edcara de caf\u00e9 arom\u00e1tico e nossa m\u00fasica favorita. O bom humor n\u00e3o \u00e9 apenas uma emo\u00e7\u00e3o; \u00e9 um estado de esp\u00edrito que podemos cultivar, encontrando beleza nas pequenas coisas e nos alegrando com cada novo dia. Estes poemas s\u00e3o uma tentativa de capturar momentos fugazes de alegria, aquelas fa\u00edscas que acendem a luz dentro de n\u00f3s e nos ajudam a ver o mundo em cores vibrantes. Que eles sejam um pequeno gole de positividade e inspira\u00e7\u00e3o para voc\u00ea.<\/p>\n<div class=\"poems\">\n<div class=\"poem\">\n<h2>Luz da manh\u00e3<\/h2>\n<pre class=\"poem-text\">\nAo acordar, vejo o primeiro raio de sol iluminando timidamente o quarto. E o mundo ao meu redor se torna t\u00e3o radiante que meu cora\u00e7\u00e3o se enche de alegria. Todas as preocupa\u00e7\u00f5es e tristezas s\u00e3o esquecidas, restando apenas o sussurro suave do vento l\u00e1 fora. No abra\u00e7o da manh\u00e3, detalhes delicados me lembram: a felicidade est\u00e1 aqui, dentro de mim.\n    <\/pre>\n<\/p><\/div>\n<\/div>\n<div class=\"poems\">\n<div class=\"poem\">\n<h2>Chuva de ver\u00e3o<\/h2>\n<pre class=\"poem-text\">\nAtrav\u00e9s da poeira das estradas, atrav\u00e9s do verde dos \u00e1lamos, a chuva descia, brincando com a frescura. Lavava a tristeza que se acumulara ao longo dos dias, enchendo o ar de frescor. A terra suspirava, acolhendo avidamente a umidade vital que vinha de cima. E o mundo ao redor, como que ganhando vida, saudava a chuva como um presente dos seus sonhos. E nesse sil\u00eancio, nessa escurid\u00e3o fresca, nascem a esperan\u00e7a e a paz. Como se a chuva sussurrasse num or\u00e1culo silencioso: &quot;Tudo ficar\u00e1 bem, apenas espere.&quot;.\n    <\/pre>\n<\/p><\/div>\n<\/div>\n<div class=\"poems\">\n<div class=\"poem\">\n<h2>Valsa de Outono<\/h2>\n<pre class=\"poem-text\">\nUma folha gira, carmesim e cansada, numa valsa outonal, lenta e silenciosa. E o vento sussurra algo in\u00e9dito, sobre um ver\u00e3o que partiu para um lar distante. Mas nessa tristeza reside o seu pr\u00f3prio consolo, na dan\u00e7a de despedida da folhagem dourada. A natureza, com a sua sabedoria, recompensa-nos com a beleza dos seus rumores. E mesmo que o inverno se aproxime, para al\u00e9m do limiar, lembraremos deste dia luminoso. E aquecer-nos-emos com mem\u00f3rias, de um ver\u00e3o que se foi, mas cuja sombra n\u00e3o desaparecer\u00e1. E uma melodia suave ressoar\u00e1 no cora\u00e7\u00e3o, uma valsa outonal, triste e simples. Ela lembrar-nos-\u00e1 da vida, da liberdade e do amor que eternamente aguarda a paz.\n    <\/pre>\n<\/p><\/div>\n<\/div>\n<div class=\"poems\">\n<div class=\"poem\">\n<h2>Primeira neve<\/h2>\n<pre class=\"poem-text\">\nDe repente, o mundo silenciou e o c\u00e9u escureceu. A primeira neve caiu como um floco branco. Deitou-se tranquila e belamente sobre o ch\u00e3o, rodopiando numa dan\u00e7a como uma amiga fiel. Tudo se tornou puro, novo e mais luminoso, os dias cinzentos de outono esquecidos. E o cora\u00e7\u00e3o bateu alegremente, com mais for\u00e7a, saudando a neve como um milagre interior.\n    <\/pre>\n<\/p><\/div>\n<\/div>\n<div class=\"poems\">\n<div class=\"poem\">\n<h2>Ch\u00e1 com lim\u00e3o<\/h2>\n<pre class=\"poem-text\">\nL\u00e1 fora, o vento uiva como uma fera, mas aqui dentro, \u00e9 quente, aconchegante e luminoso. E uma x\u00edcara de ch\u00e1, como um esp\u00edrito benevolente, aquecer\u00e1 a alma, como num sonho distante. O aroma do lim\u00e3o e a do\u00e7ura do mel lembrar\u00e3o o calor e o amor. E neste sil\u00eancio, nesta decora\u00e7\u00e3o simples, a paz nasce na alma. E mesmo que os elementos se enfure\u00e7am l\u00e1 fora, beberemos ch\u00e1 e esperaremos em paz. Afinal, cada momento tem sua pr\u00f3pria magia, e a felicidade pode ser encontrada nas pequenas coisas.\n    <\/pre>\n<\/p><\/div>\n<\/div>\n<div class=\"poems\">\n<div class=\"poem\">\n<h2>Estrela da noite<\/h2>\n<pre class=\"poem-text\">\nNo c\u00e9u noturno, iluminando as estrelas, uma brilha, especialmente forte. Ela traz esperan\u00e7a ao cora\u00e7\u00e3o e d\u00e1 ao mundo sinais fabulosos. Seu brilho, como um sussurro suave, nos lembrar\u00e1 de sonhos e amor. E neste sil\u00eancio, neste voo noturno, acreditaremos no melhor, no destino. E mesmo que o caminho n\u00e3o seja f\u00e1cil, lembraremos desta estrela brilhante. Ela nos mostrar\u00e1 o caminho nesta vida e nos trar\u00e1 felicidade e sonhos. E uma melodia suave ressoar\u00e1 no cora\u00e7\u00e3o, a luz das estrelas, distante e familiar. Ela nos lembrar\u00e1 da eternidade, da liberdade e do amor que a paz eterna nos aguarda.\n    <\/pre>\n<\/p><\/div>\n<\/div>\n<div class=\"poems\">\n<div class=\"poem\">\n<h2>O sorriso de um estranho<\/h2>\n<pre class=\"poem-text\">\nEm meio \u00e0 multid\u00e3o, ao passar por algu\u00e9m, de repente voc\u00ea se depara com um olhar e um sorriso em resposta. E esse momento, t\u00e3o simples e terno, enche o cora\u00e7\u00e3o de alegria instant\u00e2nea. Como um raio de esperan\u00e7a na monotonia do cotidiano, como o sussurro de um anjo no sil\u00eancio. E nesse encontro, nesses olhares maravilhosos, nasce a f\u00e9 em dias melhores.\n    <\/pre>\n<\/p><\/div>\n<\/div>\n<div class=\"poems\">\n<div class=\"poem\">\n<h2>O aroma da lil\u00e1s<\/h2>\n<pre class=\"poem-text\">\nAs lilases florescem no jardim, perfumadas e delicadas, e sua fragr\u00e2ncia flutua no sil\u00eancio. Ela desperta sentimentos, luminosos e ilimitados, e preenche o cora\u00e7\u00e3o com toda a sua alma. \u00c9 como se um conto de fadas ganhasse vida em cores, como se a m\u00fasica soasse no jardim. E nessa beleza, na luz da primavera, esquecemos a tristeza e os problemas. E mesmo que os momentos sejam fugazes, como o vento, lembraremos dessa fragr\u00e2ncia. Ela aquecer\u00e1 a alma em um mundo frio e nos dar\u00e1 alegria e conforto. E uma melodia suave ressoar\u00e1 no cora\u00e7\u00e3o, a cor das lilases, primaveril e vibrante. Ela nos lembrar\u00e1 da eternidade, da liberdade e do amor que eternamente aguarda a paz.\n    <\/pre>\n<\/p><\/div>\n<\/div>\n<div class=\"poems\">\n<div class=\"poem\">\n<h2>Coelhinho ensolarado<\/h2>\n<pre class=\"poem-text\">\nUm raio de sol dan\u00e7a na parede, brincalh\u00e3o e leve como uma borboleta. Traz alegria como um raio de luz e dissipa as brasas da tristeza. Em seus movimentos reside o mist\u00e9rio e a liberdade, em seu brilho, a luz e o calor. E neste momento, neste mau tempo, sentimos como a vida \u00e9 boa.\n    <\/pre>\n<\/p><\/div>\n<\/div>\n<div class=\"poems\">\n<div class=\"poem\">\n<h2>Um livro e um cobertor<\/h2>\n<pre class=\"poem-text\">\nL\u00e1 fora chove, mas a casa est\u00e1 silenciosa, um livro na m\u00e3o e um cobertor macio e quentinho. E essa cena de inverno \u00e9 t\u00e3o terna que o cora\u00e7\u00e3o se enche de calor. Todas as preocupa\u00e7\u00f5es e ansiedades s\u00e3o esquecidas, restando apenas um mundo de fantasia, contos de fadas e sonhos. E nesse sil\u00eancio, nesse ref\u00fagio aconchegante, encontramos alegria e paz. E mesmo que os elementos rugam l\u00e1 fora, leremos e esperaremos em paz. Afinal, cada momento tem sua pr\u00f3pria magia, e a felicidade pode ser encontrada nas pequenas coisas. E uma melodia suave ressoar\u00e1 no cora\u00e7\u00e3o, o farfalhar das p\u00e1ginas, calmo e simples. Isso nos lembrar\u00e1 da eternidade, da liberdade e do amor que eternamente aguarda a paz.\n    <\/pre>\n<\/p><\/div>\n<\/div>\n<div class=\"poems\">\n<div class=\"poem\">\n<h2>P\u00e1ssaros cantando<\/h2>\n<pre class=\"poem-text\">\nO jardim ecoa com can\u00e7\u00f5es primaveris, o canto dos p\u00e1ssaros como a m\u00fasica da alma. Cantam de alegria, de inspira\u00e7\u00e3o, e o mundo ao redor torna-se mais luminoso e sereno. Como se anjos tivessem descido do c\u00e9u, presenteando-nos com suas melodias m\u00e1gicas. E nessa beleza, na luz da primavera, esquecemos a tristeza e a dor.\n    <\/pre>\n<\/p><\/div>\n<\/div>\n<div class=\"poems\">\n<div class=\"poem\">\n<h2>O cheiro de caf\u00e9<\/h2>\n<pre class=\"poem-text\">\nO aroma do caf\u00e9 perfuma a cozinha, despertando os sentidos, energizando e confortando. E este momento, t\u00e3o simples e agrad\u00e1vel, enche o cora\u00e7\u00e3o de alegria, como se algu\u00e9m o estivesse esperando. \u00c9 como se um conto de fadas ganhasse vida em uma x\u00edcara, como se a m\u00fasica soasse no sil\u00eancio. E nessa beleza, nessa dan\u00e7a matinal, esquecemos a tristeza e as mentiras. E mesmo que o dia esteja cheio de prova\u00e7\u00f5es, beberemos caf\u00e9 e esperaremos em paz. Afinal, cada momento cont\u00e9m suas pr\u00f3prias confiss\u00f5es, e a felicidade pode ser encontrada nas pequenas coisas. E uma melodia suave ressoar\u00e1 no cora\u00e7\u00e3o, o aroma do caf\u00e9, intenso e vibrante. Ele nos lembrar\u00e1 da eternidade, da liberdade e do amor que eternamente aguarda a paz.\n    <\/pre>\n<\/p><\/div>\n<\/div>\n<div class=\"poems\">\n<div class=\"poem\">\n<h2>Noite de ver\u00e3o<\/h2>\n<pre class=\"poem-text\">\nAs primeiras estrelas iluminaram o c\u00e9u, a noite de ver\u00e3o \u00e9 tranquila e sem pressa. E nesse sil\u00eancio, sem tempestades ou adversidades, o mundo parece bondoso e belo. Ouve-se um grilo na relva silenciosa, e o perfume das flores paira no ar. E nessa beleza, t\u00e3o viva e pura, esquecemos a tristeza e o tormento.\n    <\/pre>\n<\/p><\/div>\n<\/div>\n<div class=\"poems\">\n<div class=\"poem\">\n<h2>O calor da m\u00e3o<\/h2>\n<pre class=\"poem-text\">\nNum dia frio, quando a alma est\u00e1 cansada, o calor de uma m\u00e3o \u00e9 como um raio de luz na escurid\u00e3o. Aquece, como se a felicidade que tanto esper\u00e1vamos em um sonho finalmente chegasse. Nesse toque h\u00e1 for\u00e7a, ternura, cuidado e amor. E nesse instante, como que renovada, a esperan\u00e7a nos impulsiona novamente. Mesmo que o caminho n\u00e3o seja f\u00e1cil, lembraremos desse calor de m\u00e3o. Ele nos mostrar\u00e1 o caminho nesta vida e nos trar\u00e1 felicidade e sonhos. E uma melodia suave ressoar\u00e1 no cora\u00e7\u00e3o, o calor de uma m\u00e3o, um calor delicado. Ele nos lembrar\u00e1 da eternidade, da liberdade e do amor que eternamente aguarda a paz.\n    <\/pre>\n<\/p><\/div>\n<\/div>","protected":false},"excerpt":{"rendered":"<p>\u00c0s vezes, tudo o que precisamos para sermos felizes \u00e9 um raio de sol, uma x\u00edcara de caf\u00e9 arom\u00e1tico e nossa m\u00fasica favorita. Bom humor n\u00e3o \u00e9 apenas uma emo\u00e7\u00e3o; \u00e9 um estado de esp\u00edrito que podemos\u2026<\/p>","protected":false},"author":1,"featured_media":0,"comment_status":"open","ping_status":"open","sticky":false,"template":"","format":"standard","meta":{"footnotes":""},"categories":[59],"tags":[],"class_list":["post-134711","post","type-post","status-publish","format-standard","hentry","category-stihi"],"_links":{"self":[{"href":"https:\/\/imgist.ru\/pt\/wp-json\/wp\/v2\/posts\/134711","targetHints":{"allow":["GET"]}}],"collection":[{"href":"https:\/\/imgist.ru\/pt\/wp-json\/wp\/v2\/posts"}],"about":[{"href":"https:\/\/imgist.ru\/pt\/wp-json\/wp\/v2\/types\/post"}],"author":[{"embeddable":true,"href":"https:\/\/imgist.ru\/pt\/wp-json\/wp\/v2\/users\/1"}],"replies":[{"embeddable":true,"href":"https:\/\/imgist.ru\/pt\/wp-json\/wp\/v2\/comments?post=134711"}],"version-history":[{"count":1,"href":"https:\/\/imgist.ru\/pt\/wp-json\/wp\/v2\/posts\/134711\/revisions"}],"predecessor-version":[{"id":137603,"href":"https:\/\/imgist.ru\/pt\/wp-json\/wp\/v2\/posts\/134711\/revisions\/137603"}],"wp:attachment":[{"href":"https:\/\/imgist.ru\/pt\/wp-json\/wp\/v2\/media?parent=134711"}],"wp:term":[{"taxonomy":"category","embeddable":true,"href":"https:\/\/imgist.ru\/pt\/wp-json\/wp\/v2\/categories?post=134711"},{"taxonomy":"post_tag","embeddable":true,"href":"https:\/\/imgist.ru\/pt\/wp-json\/wp\/v2\/tags?post=134711"}],"curies":[{"name":"wp","href":"https:\/\/api.w.org\/{rel}","templated":true}]}}