{"id":134727,"date":"2026-01-27T10:31:07","date_gmt":"2026-01-27T08:31:07","guid":{"rendered":"http:\/\/aleksawn.bget.ru\/drugie\/stihi-pro-nadezhdu-i-veru.html"},"modified":"2026-08-24T13:20:52","modified_gmt":"2026-08-24T10:20:52","slug":"poemas-sobre-esperanca-e-fe","status":"publish","type":"post","link":"https:\/\/imgist.ru\/pt\/stihi-pro-nadezhdu-i-veru\/","title":{"rendered":"Poemas sobre esperan\u00e7a e f\u00e9: sobre paz de esp\u00edrito e o poder da ora\u00e7\u00e3o."},"content":{"rendered":"<p>A esperan\u00e7a e a f\u00e9 s\u00e3o duas companheiras silenciosas que nos guiam atrav\u00e9s das tempestades e adversidades. Elas n\u00e3o se alardeiam, mas sua luz \u00e9 palp\u00e1vel em cada novo dia, em cada respira\u00e7\u00e3o. Estes poemas s\u00e3o uma tentativa de capturar aquele sentimento fugaz de quando, apesar de tudo, o cora\u00e7\u00e3o continua a acreditar no melhor. Eles falam da import\u00e2ncia de manter a chama acesa dentro de n\u00f3s, mesmo quando parece que s\u00f3 a escurid\u00e3o nos cerca. Eles falam de como, mesmo na mais profunda tristeza, a semente da felicidade futura pode ser encontrada.<\/p>\n<div class=\"poems\">\n<div class=\"poem\">\n<h2>Primeiro raio<\/h2>\n<pre class=\"poem-text\">\nQuando o mundo inteiro est\u00e1 envolto em uma profunda melancolia, e as sombras do passado apertam o peito, de repente um raio inesperado irrompe, lembrando-nos: devemos viver um pouco. Ele sussurra suavemente: &quot;Tudo vir\u00e1, e a alegria florescer\u00e1 novamente no cora\u00e7\u00e3o.&quot; E a f\u00e9, como um p\u00e1ssaro, ganhar\u00e1 vida, e um novo dia trar\u00e1 esperan\u00e7a.\n    <\/pre>\n<\/p><\/div>\n<\/div>\n<div class=\"poems\">\n<div class=\"poem\">\n<h2>Fragmentos de Luz<\/h2>\n<pre class=\"poem-text\">\nA lua brilha atrav\u00e9s dos cacos de vidro quebrado, como uma lembran\u00e7a de dias luminosos que se foram. E parece que a vida j\u00e1 \u00e9 fr\u00e1gil, e a dor se dissolve em ondas invis\u00edveis. Mas mesmo nas rachaduras, no sil\u00eancio vazio, um brilho cintila, fraco e simples. Ele diz: &quot;N\u00e3o tenha medo, n\u00e3o se apresse, h\u00e1 esperan\u00e7a, contanto que voc\u00ea esteja com ela \u2014 em casa.&quot; E mesmo que uma tempestade de inverno ruga ao redor, um n\u00facleo vivo de calor permanecer\u00e1 na alma. Pois mesmo no lar mais escuro e sombrio, um raio penetrar\u00e1, como uma promessa de fidelidade.\n    <\/pre>\n<\/p><\/div>\n<\/div>\n<div class=\"poems\">\n<div class=\"poem\">\n<h2>Porto tranquilo<\/h2>\n<pre class=\"poem-text\">\nQuando estiver cansado da luta mundana, e seu cora\u00e7\u00e3o anseia por paz e sono, encontre seu pr\u00f3prio destino isolado, onde a f\u00e9 \u00e9 um ref\u00fagio e o amor \u00e9 primavera. L\u00e1, as ondas do medo n\u00e3o tocar\u00e3o o fundo, e as tempestades da vida n\u00e3o ser\u00e3o assustadoras. L\u00e1, o sil\u00eancio, como m\u00fasica, \u00e9 ouvido, e a luz da esperan\u00e7a jorra das profundezas. L\u00e1 voc\u00ea pode simplesmente ser, sem esperar ou procurar, sentir como \u00e9 f\u00e1cil respirar. E neste ref\u00fagio, descanse em paz, preenchendo seu cora\u00e7\u00e3o com luz e calor. E novamente, com for\u00e7a renovada, siga em frente, sabendo que existe um porto seguro no mundo. E nos momentos dif\u00edceis, n\u00e3o caia e n\u00e3o desista, mas lembre-se de que o amor sempre salvou.\n    <\/pre>\n<\/p><\/div>\n<\/div>\n<div class=\"poems\">\n<div class=\"poem\">\n<h2>Eco da F\u00e9<\/h2>\n<pre class=\"poem-text\">\nNos corredores vazios de anos passados, o eco da f\u00e9 ressoa, suave e t\u00eanue. Preserva uma silhueta esquecida e sussurra um nome t\u00e3o caro ao cora\u00e7\u00e3o. E parece que o tempo n\u00e3o tem pressa, mas congela, escutando no sil\u00eancio. E nesse eco, algo fala do que ainda \u00e9 poss\u00edvel para a alma. Chama, atrav\u00e9s dos anos e s\u00e9culos, a n\u00e3o perder a esperan\u00e7a e os sonhos. E a lembrar que o amor est\u00e1 sempre perto, e que \u00e9 o fundamento e a ess\u00eancia. E mesmo que o caminho n\u00e3o seja f\u00e1cil, e mesmo que as d\u00favidas corroam por dentro, o eco da f\u00e9 ser\u00e1 sempre um farol, guiando para a luz, para a felicidade e para o amor.\n    <\/pre>\n<\/p><\/div>\n<\/div>\n<div class=\"poems\">\n<div class=\"poem\">\n<h2>Vaga-lume<\/h2>\n<pre class=\"poem-text\">\nNa escurid\u00e3o da noite, no sil\u00eancio da floresta, um vaga-lume brilhou como um s\u00edmbolo de f\u00e9. Ele acenava \u00e0 dist\u00e2ncia, ao longo de um caminho solit\u00e1rio, e prometia liberta\u00e7\u00e3o da quimera. Seu brilho era uma fa\u00edsca fraca, mas na escurid\u00e3o reluzia intensamente. E uma melancolia serena se dissipava no cora\u00e7\u00e3o, e a f\u00e9 em milagres voltava a ressoar em n\u00f3s.\n    <\/pre>\n<\/p><\/div>\n<\/div>\n<div class=\"poems\">\n<div class=\"poem\">\n<h2>Melodia Esquecida<\/h2>\n<pre class=\"poem-text\">\nEm uma casa antiga, em meio \u00e0 poeira e ao sil\u00eancio, um caderno de partituras foi encontrado, como um tesouro. E uma melodia comovente come\u00e7ou a soar, relembrando-nos de tempos passados. Ela \u00e9 repleta de esperan\u00e7a e amor, convidando-nos \u00e0 bondade e \u00e0 luz. E nela ressoam palavras t\u00e3o importantes, sobre como a vida \u00e9 bela e simples. E embora essa melodia seja simples, ela cont\u00e9m um grande poder. Ela pode curar cora\u00e7\u00f5es e inspirar novos empreendimentos.\n    <\/pre>\n<\/p><\/div>\n<\/div>\n<div class=\"poems\">\n<div class=\"poem\">\n<h2>Atrav\u00e9s do v\u00e9u da chuva<\/h2>\n<pre class=\"poem-text\">\nAtrav\u00e9s do v\u00e9u da chuva, como atrav\u00e9s dos anos, o sol dourado espreita. E a f\u00e9 em milagres, como um fio, sempre conecta o cora\u00e7\u00e3o a uma paz transcendental. E que as tempestades e os ventos rugam ao redor, e que a tristeza envolva a alma, uma fa\u00edsca de esperan\u00e7a brilha dentro de n\u00f3s, e a f\u00e9 de que tudo dar\u00e1 certo \u00e9 obediente. Ela nos d\u00e1 a for\u00e7a para viver e amar, e n\u00e3o ceder \u00e0s dificuldades. E em cada novo dia, como se abrisse, uma oportunidade para momentos felizes. E que a chuva lave toda a tristeza e a dor, e o sol enxugue as l\u00e1grimas dos nossos olhos. Afinal, o mais importante na vida \u00e9 acreditar e amar, e lembrar da esperan\u00e7a em nossos cora\u00e7\u00f5es.\n    <\/pre>\n<\/p><\/div>\n<\/div>\n<div class=\"poems\">\n<div class=\"poem\">\n<h2>Sussurro do vento<\/h2>\n<pre class=\"poem-text\">\nO vento sussurra nas copas dos pinheiros antigos, palavras de esperan\u00e7a, calmas, simples. Diz: &quot;N\u00e3o tenha medo dos altos e baixos, tudo ficar\u00e1 bem, acredite em mim, meu bem.&quot; Ele leva embora as tristezas e a melancolia, e traz frescor e paz. E nesse sussurro eu ou\u00e7o apenas uma coisa, a melodia de uma alma que \u00e9 eternamente jovem.\n    <\/pre>\n<\/p><\/div>\n<\/div>\n<div class=\"poems\">\n<div class=\"poem\">\n<h2>Gr\u00e3o no Escuro<\/h2>\n<pre class=\"poem-text\">\nEscondida na terra \u00famida, na escurid\u00e3o total, est\u00e1 uma semente que guarda um sonho. Ela aguarda o sol, aguarda o calor da primavera, para brotar e contemplar a beleza. E a f\u00e9 em milagres, como um raio sutil, penetra a terra, aquecendo-a. E nessa semente, como uma pequena chave, reside a esperan\u00e7a de um bem renovado. Ela brotar\u00e1 e se tornar\u00e1 uma muda, buscando o sol, a luz e o calor. E se transformar\u00e1 em uma espiga dourada, enchendo o cora\u00e7\u00e3o de alegria e beleza. E mesmo que o caminho para a luz seja dif\u00edcil, e mesmo que obst\u00e1culos se interponham, a semente brotar\u00e1 e crescer\u00e1 forte, e ser\u00e1 capaz de transmitir a f\u00e9 em milagres.\n    <\/pre>\n<\/p><\/div>\n<\/div>\n<div class=\"poems\">\n<div class=\"poem\">\n<h2>Farol antigo<\/h2>\n<pre class=\"poem-text\">\nEm um penhasco cinzento, \u00e0 beira-mar, ergue-se um farol, testemunha de muitos anos. Ele brilha na noite como um s\u00edmbolo de f\u00e9 e amor, guiando navios rumo \u00e0 esperan\u00e7a, \u00e0 luz. Seu feixe de luz atravessa a neblina e a escurid\u00e3o, dando aos viajantes a esperan\u00e7a da salva\u00e7\u00e3o. E nessa luz, como um sinal m\u00e1gico, reside grande poder e inspira\u00e7\u00e3o. Ele testemunhou tempestades, tormentas e f\u00faria, mas jamais se apagou, jamais desistiu. Permaneceu inabal\u00e1vel, como uma cruz ancestral, infundindo a todos f\u00e9 em milagres. E embora os anos passem e o tempo voe, o farol permanecer\u00e1 em seu lugar. Brilhar\u00e1, dar\u00e1 esperan\u00e7a e guiar\u00e1 os navios para um amanhecer feliz.\n    <\/pre>\n<\/p><\/div>\n<\/div>\n<div class=\"poems\">\n<div class=\"poem\">\n<h2>Primeira neve<\/h2>\n<pre class=\"poem-text\">\nA primeira neve caiu como uma gra\u00e7a sobre a terra cansada e exausta. Ela est\u00e1 pronta para transformar tudo ao redor e convert\u00ea-lo em um conto de fadas, t\u00e3o desejado. \u00c9 pura, branca, como uma folha nova na qual se pode escrever um sonho. E nessa neve, como num assobio m\u00e1gico, ressoa a esperan\u00e7a, brilhante e simples.\n    <\/pre>\n<\/p><\/div>\n<\/div>\n<div class=\"poems\">\n<div class=\"poem\">\n<h2>Neblina matinal<\/h2>\n<pre class=\"poem-text\">\nNa n\u00e9voa da manh\u00e3, como num sonho, escondem-se esperan\u00e7as, silenciosas e ternas. Ela envolve tudo ao redor, como num ber\u00e7o, e concede uma paz serena. Dissipar-se-\u00e1 com os primeiros raios de sol, revelando beleza e luz ao mundo. E neste momento, como num fundo m\u00e1gico, sentiremos a esperan\u00e7a de um novo amanhecer. E mesmo que a n\u00e9voa nos fa\u00e7a lembrar o passado, as tristezas e m\u00e1goas que nos acompanharam, ela se dissipar\u00e1, e apenas a luz, a bondade, e a f\u00e9 de que tudo ficar\u00e1 bem, permanecer\u00e3o. E respiraremos profundamente o ar puro, e sentiremos como a vida \u00e9 bela e simples. E acreditaremos em milagres, num futuro brilhante, e lembraremos sempre da esperan\u00e7a em nossos cora\u00e7\u00f5es.\n    <\/pre>\n<\/p><\/div>\n<\/div>\n<div class=\"poems\">\n<div class=\"poem\">\n<h2>Jardim tranquilo<\/h2>\n<pre class=\"poem-text\">\nNum jardim tranquilo onde rosas florescem, a esperan\u00e7a vive, terna e radiante. E os p\u00e1ssaros cantam, e as abelhas zumbem, e a vida \u00e9 bela, t\u00e3o acolhedora. Aqui voc\u00ea pode esquecer todas as suas preocupa\u00e7\u00f5es e simplesmente desfrutar da beleza. E neste jardim, como numa frota m\u00e1gica, sentiremos harmonia e paz.\n    <\/pre>\n<\/p><\/div>\n<\/div>\n<div class=\"poems\">\n<div class=\"poem\">\n<h2>Noite Estrelada<\/h2>\n<pre class=\"poem-text\">\nNuma noite estrelada, quando tudo congela e o sil\u00eancio envolve a terra, a f\u00e9 nos milagres ganha vida no cora\u00e7\u00e3o e d\u00e1 esperan\u00e7a, como num ber\u00e7o. Milh\u00f5es de estrelas brilham no c\u00e9u, como pequenas chamas de esperan\u00e7a. E nessa luz, como num conto m\u00e1gico, sentiremos grandeza e imensid\u00e3o. Elas nos lembram do eterno, que a vida \u00e9 apenas um instante. E que devemos valorizar cada instante e acreditar em milagres, num futuro brilhante. E mesmo que a noite seja escura e fria, as estrelas sempre brilhar\u00e3o para n\u00f3s. Elas dar\u00e3o esperan\u00e7a e luz, e nos conduzir\u00e3o \u00e0 felicidade e ao amor.\n    <\/pre>\n<\/p><\/div>\n<\/div>\n<div class=\"poems\">\n<div class=\"poem\">\n<h2>A \u00faltima folha<\/h2>\n<pre class=\"poem-text\">\nNum galho nu, tr\u00eamulo, solit\u00e1rio, uma folha se agarra, a\u00e7oitada pelo vento outonal. Como s\u00edmbolo de f\u00e9, fr\u00e1gil e inocente, aguarda a primavera, alada de esperan\u00e7a.\n    <\/pre>\n<\/p><\/div>\n<\/div>","protected":false},"excerpt":{"rendered":"<p>A esperan\u00e7a e a f\u00e9 s\u00e3o duas companheiras silenciosas que nos guiam atrav\u00e9s das tempestades e adversidades. Elas n\u00e3o alardeiam, mas sua luz \u00e9 palp\u00e1vel em todos...<\/p>","protected":false},"author":1,"featured_media":0,"comment_status":"open","ping_status":"open","sticky":false,"template":"","format":"standard","meta":{"footnotes":""},"categories":[59],"tags":[],"class_list":["post-134727","post","type-post","status-publish","format-standard","hentry","category-stihi"],"_links":{"self":[{"href":"https:\/\/imgist.ru\/pt\/wp-json\/wp\/v2\/posts\/134727","targetHints":{"allow":["GET"]}}],"collection":[{"href":"https:\/\/imgist.ru\/pt\/wp-json\/wp\/v2\/posts"}],"about":[{"href":"https:\/\/imgist.ru\/pt\/wp-json\/wp\/v2\/types\/post"}],"author":[{"embeddable":true,"href":"https:\/\/imgist.ru\/pt\/wp-json\/wp\/v2\/users\/1"}],"replies":[{"embeddable":true,"href":"https:\/\/imgist.ru\/pt\/wp-json\/wp\/v2\/comments?post=134727"}],"version-history":[{"count":1,"href":"https:\/\/imgist.ru\/pt\/wp-json\/wp\/v2\/posts\/134727\/revisions"}],"predecessor-version":[{"id":137590,"href":"https:\/\/imgist.ru\/pt\/wp-json\/wp\/v2\/posts\/134727\/revisions\/137590"}],"wp:attachment":[{"href":"https:\/\/imgist.ru\/pt\/wp-json\/wp\/v2\/media?parent=134727"}],"wp:term":[{"taxonomy":"category","embeddable":true,"href":"https:\/\/imgist.ru\/pt\/wp-json\/wp\/v2\/categories?post=134727"},{"taxonomy":"post_tag","embeddable":true,"href":"https:\/\/imgist.ru\/pt\/wp-json\/wp\/v2\/tags?post=134727"}],"curies":[{"name":"wp","href":"https:\/\/api.w.org\/{rel}","templated":true}]}}