{"id":134745,"date":"2026-01-28T04:10:32","date_gmt":"2026-01-28T02:10:32","guid":{"rendered":"http:\/\/aleksawn.bget.ru\/drugie\/korotkie-stihi-pro-babe-leto.html"},"modified":"2026-08-24T13:20:50","modified_gmt":"2026-08-24T10:20:50","slug":"poemas-curtos-sobre-o-verao-de-babe","status":"publish","type":"post","link":"https:\/\/imgist.ru\/pt\/korotkie-stihi-pro-babe-leto\/","title":{"rendered":"Poemas curtos sobre o ver\u00e3o indiano: sobre o amor e a tristeza dos dias de outono."},"content":{"rendered":"<p>O ver\u00e3o indiano \u00e9 uma \u00e9poca curta, mas vibrante, em que a natureza parece se despedir do seu calor, presenteando-nos com seus \u00faltimos dias dourados. Durante esse per\u00edodo, o sil\u00eancio e a tranquilidade s\u00e3o especialmente comoventes, como se tudo ao redor estivesse congelado na expectativa do inverno. O ar se enche com o aroma das folhas ca\u00eddas, e o sol brilha com menos intensidade, mas ainda suavemente. \u00c9 um tempo para reflex\u00e3o, passeios e para apreciar a beleza da natureza que se despede. Que estes breves poemas transmitam um pouco dessa \u00e9poca m\u00e1gica.<\/p>\n<div class=\"poems\">\n<div class=\"poem\" data-poem=\"1\">\n<h2>Teia Dourada<\/h2>\n<pre class=\"poem-text\">\nA poeira paira no ar, o sol aquece com tanta facilidade, o outono nos d\u00e1 seu estilo, guardando os resqu\u00edcios de setembro.\n    <\/pre>\n<\/p><\/div>\n<div class=\"poem\" data-poem=\"2\">\n<h2>novembro<\/h2>\n<pre class=\"poem-text\">\nFolhas amarelas voam, o vento as carrega silenciosamente, os p\u00e1ssaros olham para o sul, no c\u00e9u, o voo dos grous.\n    <\/pre>\n<\/p><\/div>\n<div class=\"poem\" data-poem=\"3\">\n<h2>Raio de sol<\/h2>\n<pre class=\"poem-text\">\nUm raio de luz rompeu a neblina, iluminando os campos e prados, o belo acampamento do outono, o melhor amigo do ver\u00e3o indiano.\n    <\/pre>\n<\/p><\/div>\n<div class=\"poem\" data-poem=\"4\">\n<h2>Sil\u00eancio na floresta<\/h2>\n<pre class=\"poem-text\">\nH\u00e1 sil\u00eancio na floresta, apenas o farfalhar das folhas. O outono \u00e9 uma feiticeira, uma maga, que nos d\u00e1 motivos para um conto de fadas.\n    <\/pre>\n<\/p><\/div>\n<div class=\"poem\" data-poem=\"5\">\n<h2>As \u00faltimas flores<\/h2>\n<pre class=\"poem-text\">\nAs \u00e1steres est\u00e3o murchando junto \u00e0 cerca, mas o buqu\u00ea ainda \u00e9 belo, a triste armadura do outono, o ver\u00e3o indiano \u00e9 t\u00e3o divertido.\n    <\/pre>\n<\/p><\/div>\n<div class=\"poem\" data-poem=\"6\">\n<h2>O cheiro de ma\u00e7\u00e3s<\/h2>\n<pre class=\"poem-text\">\nO aroma das ma\u00e7\u00e3s no pomar \u00e9 doce, \u00e1cido e intenso; o outono nos recompensa generosamente, oferecendo-nos um dourado ver\u00e3o indiano.\n    <\/pre>\n<\/p><\/div>\n<div class=\"poem\" data-poem=\"7\">\n<h2>Neblina sobre o rio<\/h2>\n<pre class=\"poem-text\">\nA n\u00e9voa paira sobre o rio, escondendo as margens ao longe. O outono canta baixinho uma can\u00e7\u00e3o sobre o passado, uma dist\u00e2ncia acolhedora.\n    <\/pre>\n<\/p><\/div>\n<div class=\"poem\" data-poem=\"8\">\n<h2>Rosa desbotada<\/h2>\n<pre class=\"poem-text\">\nA rosa no jardim est\u00e1 terminando sua flora\u00e7\u00e3o, as p\u00e9talas j\u00e1 murcham, o outono se aproxima silenciosamente, o ver\u00e3o indiano promete.\n    <\/pre>\n<\/p><\/div>\n<div class=\"poem\" data-poem=\"9\">\n<h2>Carmim de bordo<\/h2>\n<pre class=\"poem-text\">\nO bordo \u00e9 carmesim como o fogo, a fuma\u00e7a flutua no c\u00e9u, o outono \u00e9 uma \u00e9poca maravilhosa, o veranico \u00e9 uma n\u00e9voa suave.\n    <\/pre>\n<\/p><\/div>\n<div class=\"poem\" data-poem=\"10\">\n<h2>Um suspiro de despedida<\/h2>\n<pre class=\"poem-text\">\nO vento sussurra no sil\u00eancio, melodia de despedida do outono, ver\u00e3o indiano ao longe, apenas um vest\u00edgio de mem\u00f3rias.\n    <\/pre>\n<\/p><\/div>\n<div class=\"poem\" data-poem=\"11\">\n<h2>coelhinhos ensolarados<\/h2>\n<pre class=\"poem-text\">\nOs raios de sol brilham na grama, uma sauda\u00e7\u00e3o suave, um ver\u00e3o indiano, como se n\u00e3o houvesse men\u00e7\u00e3o ao ver\u00e3o passado.\n    <\/pre>\n<\/p><\/div>\n<div class=\"poem\" data-poem=\"12\">\n<h2>\u00c1guas tranquilas<\/h2>\n<pre class=\"poem-text\">\nA piscina est\u00e1 calma como um espelho, refletindo o c\u00e9u azul; o ver\u00e3o indiano j\u00e1 passou, levando consigo a epopeia voadora.\n    <\/pre>\n<\/p><\/div>\n<div class=\"poem\" data-poem=\"13\">\n<h2>Temporada de cogumelos<\/h2>\n<pre class=\"poem-text\">\nNa floresta de cogumelos, uma fam\u00edlia se ergue, sob uma b\u00e9tula, junto a um toco. O outono nos oferece generosamente o ver\u00e3o indiano \u2013 um templo maravilhoso.\n    <\/pre>\n<\/p><\/div>\n<div class=\"poem\" data-poem=\"14\">\n<h2>Tapete amarelo<\/h2>\n<pre class=\"poem-text\">\nAs folhas formam um tapete amarelo, sussurram suavemente sob os p\u00e9s, o outono \u00e9 um exemplo dourado, o ver\u00e3o indiano \u00e9 um olhar doce.\n    <\/pre>\n<\/p><\/div>\n<div class=\"poem\" data-poem=\"15\">\n<h2>Geada matinal<\/h2>\n<pre class=\"poem-text\">\nDe manh\u00e3, a geada cobre a relva, o frio respira por tr\u00e1s de ti, um ver\u00e3o indiano no azul, que passou silenciosamente, como mais um sonho.\n    <\/pre>\n<\/p><\/div>\n<div class=\"poem\" data-poem=\"16\">\n<h2>P\u00e1ssaros em um fio<\/h2>\n<pre class=\"poem-text\">\nP\u00e1ssaros tristes no fio, olhando para a dist\u00e2ncia, para a extremidade sul, o ver\u00e3o indiano em seda fina, voa para longe, como um para\u00edso triste.\n    <\/pre>\n<\/p><\/div>\n<div class=\"poem\" data-poem=\"17\">\n<h2>O cheiro de fuma\u00e7a<\/h2>\n<pre class=\"poem-text\">\nH\u00e1 fuma\u00e7a no ar, proveniente de fogueiras em jardins e campos. O ver\u00e3o indiano \u00e9 um hino suave, e o outono imp\u00f5e sua vontade.\n    <\/pre>\n<\/p><\/div>\n<div class=\"poem\" data-poem=\"18\">\n<h2>O \u00faltimo dia quente<\/h2>\n<pre class=\"poem-text\">\nEste \u00e9 o \u00faltimo dia quente, o sol brilha dourado, o ver\u00e3o indiano, silenciosamente, timidamente, se esvai l\u00e1 fora, pela janela.\n    <\/pre>\n<\/p><\/div>\n<div class=\"poem\" data-poem=\"19\">\n<h2>Chuva de outono<\/h2>\n<pre class=\"poem-text\">\nA chuva de outono cai em forma de chuvisco, bate suavemente no vidro, o ver\u00e3o indiano se perde na dist\u00e2ncia, guardando sua tristeza no cora\u00e7\u00e3o.\n    <\/pre>\n<\/p><\/div>\n<div class=\"poem\" data-poem=\"20\">\n<h2>Adeus, ver\u00e3o indiano<\/h2>\n<pre class=\"poem-text\">\nAdeus, ver\u00e3o indiano, meu sonho, uma cascata de cores vibrantes. Nos encontraremos na nova esta\u00e7\u00e3o, e haver\u00e1 uma nova cascata de uma vida fabulosa.\n    <\/pre>\n<\/p><\/div>\n<\/div>","protected":false},"excerpt":{"rendered":"<p>O ver\u00e3o indiano \u00e9 uma \u00e9poca curta, mas vibrante, do ano, quando a natureza parece se despedir do seu calor, presenteando-nos com seus \u00faltimos dias dourados. Durante esse per\u00edodo, a sensa\u00e7\u00e3o de\u2026<\/p>","protected":false},"author":1,"featured_media":0,"comment_status":"open","ping_status":"open","sticky":false,"template":"","format":"standard","meta":{"footnotes":""},"categories":[59],"tags":[],"class_list":["post-134745","post","type-post","status-publish","format-standard","hentry","category-stihi"],"_links":{"self":[{"href":"https:\/\/imgist.ru\/pt\/wp-json\/wp\/v2\/posts\/134745","targetHints":{"allow":["GET"]}}],"collection":[{"href":"https:\/\/imgist.ru\/pt\/wp-json\/wp\/v2\/posts"}],"about":[{"href":"https:\/\/imgist.ru\/pt\/wp-json\/wp\/v2\/types\/post"}],"author":[{"embeddable":true,"href":"https:\/\/imgist.ru\/pt\/wp-json\/wp\/v2\/users\/1"}],"replies":[{"embeddable":true,"href":"https:\/\/imgist.ru\/pt\/wp-json\/wp\/v2\/comments?post=134745"}],"version-history":[{"count":1,"href":"https:\/\/imgist.ru\/pt\/wp-json\/wp\/v2\/posts\/134745\/revisions"}],"predecessor-version":[{"id":137522,"href":"https:\/\/imgist.ru\/pt\/wp-json\/wp\/v2\/posts\/134745\/revisions\/137522"}],"wp:attachment":[{"href":"https:\/\/imgist.ru\/pt\/wp-json\/wp\/v2\/media?parent=134745"}],"wp:term":[{"taxonomy":"category","embeddable":true,"href":"https:\/\/imgist.ru\/pt\/wp-json\/wp\/v2\/categories?post=134745"},{"taxonomy":"post_tag","embeddable":true,"href":"https:\/\/imgist.ru\/pt\/wp-json\/wp\/v2\/tags?post=134745"}],"curies":[{"name":"wp","href":"https:\/\/api.w.org\/{rel}","templated":true}]}}