{"id":134805,"date":"2026-01-31T12:36:09","date_gmt":"2026-01-31T10:36:09","guid":{"rendered":"http:\/\/aleksawn.bget.ru\/drugie\/chechenskie-stihi.html"},"modified":"2026-08-24T13:20:49","modified_gmt":"2026-08-24T10:20:49","slug":"poemas-chechenos","status":"publish","type":"post","link":"https:\/\/imgist.ru\/pt\/chechenskie-stihi\/","title":{"rendered":"Poemas chechenos: sobre amor e p\u00e1tria, versos sinceros para a alma."},"content":{"rendered":"<p>A Chech\u00eania \u00e9 uma terra de tradi\u00e7\u00f5es orgulhosas, hist\u00f3ria ancestral e um esp\u00edrito inabal\u00e1vel. Sua poesia, assim como a pr\u00f3pria rep\u00fablica, \u00e9 permeada pela dor da perda, pelo amor \u00e0 p\u00e1tria e pela f\u00e9 em um futuro brilhante. Esses poemas refletem a alma chechena, sua luta por liberdade e justi\u00e7a, sua profunda conex\u00e3o com os ancestrais e a natureza. Falam de coragem, honra, amor e esperan\u00e7a, da beleza das montanhas e estepes, da trag\u00e9dia da guerra e da for\u00e7a do esp\u00edrito humano, capaz de ressurgir das cinzas.<\/p>\n<div class=\"poems\">\n<div class=\"poem\" data-poem=\"1\">\n<h2>Riacho da montanha<\/h2>\n<pre class=\"poem-text\">\nNas montanhas, onde o vento sopra livremente, um riacho cristalino entoa uma can\u00e7\u00e3o. Silenciosamente, fala-nos do passado, dos ancestrais que guardam esta terra. Tra\u00e7a o seu caminho entre as pedras at\u00e9 um vale onde reinam a paz e a tranquilidade. E o eco nas rochas responde-lhe, de amor eterno, do nosso destino ancestral.\n    <\/pre>\n<\/p><\/div>\n<div class=\"poem\" data-poem=\"2\">\n<h2>Mem\u00f3ria dos ancestrais<\/h2>\n<pre class=\"poem-text\">\nEm cada pedra, em cada pico, vive a mem\u00f3ria de nossos ancestrais, sua trajet\u00f3ria gloriosa. Eles nos deixaram um legado de ru\u00ednas e a f\u00e9 de que o esp\u00edrito n\u00e3o pode ser quebrado. Seus nomes ressoam em lendas, seus feitos vivem em can\u00e7\u00f5es. Lutaram pela liberdade sem hesitar e nos legaram a prote\u00e7\u00e3o de sua terra. Que o vento da montanha carregue suas palavras de honra, de coragem, de amor. E sua mem\u00f3ria viver\u00e1 para sempre nos cora\u00e7\u00f5es dos chechenos, em cada fam\u00edlia.\n    <\/pre>\n<\/p><\/div>\n<div class=\"poem\" data-poem=\"3\">\n<h2>Terra natal<\/h2>\n<pre class=\"poem-text\">\nMinha terra, tu \u00e9s meu orgulho e minha for\u00e7a, Tu \u00e9s minha vida, meu destino. Tuas extens\u00f5es s\u00e3o belas como uma can\u00e7\u00e3o, E tu est\u00e1s sempre em meu cora\u00e7\u00e3o. Tuas montanhas s\u00e3o como guardi\u00e3s eternas, Teus rios s\u00e3o como a corrente da vida. Eu te amo, minha terra chechena, E guardarei tua fonte sagrada.\n    <\/pre>\n<\/p><\/div>\n<div class=\"poem\" data-poem=\"4\">\n<h2>Eco da guerra<\/h2>\n<pre class=\"poem-text\">\nOs ecos da guerra est\u00e3o congelados nas montanhas, dor e sofrimento em cada pedra. Lares destru\u00eddos, sonhos queimados e l\u00e1grimas de m\u00e3es nas chamas l\u00fagubres. Mas o esp\u00edrito do povo permanece inabal\u00e1vel, inextingu\u00edvel, ele ressurgir\u00e1 das cinzas e das brasas. E das ru\u00ednas, uma nova era surgir\u00e1, uma era de paz, liberdade e um novo destino. Lembramos daqueles que tombaram em batalha, seu sacrif\u00edcio n\u00e3o ser\u00e1 esquecido. Guardamos seus nomes como sagrados e viveremos para nos lembrarmos deles.\n    <\/pre>\n<\/p><\/div>\n<div class=\"poem\" data-poem=\"5\">\n<h2>Noite na aldeia<\/h2>\n<pre class=\"poem-text\">\nA aldeia est\u00e1 silenciosa, envolta em escurid\u00e3o, apenas as estrelas brilham no c\u00e9u noturno. E o sussurro suave do vento dentro de mim me lembra do meu lar. Fogueiras ardem \u00e0 dist\u00e2ncia, e can\u00e7\u00f5es ecoam sobre o rio. O entardecer na aldeia \u00e9 como um sonho, leve e doce, repleto de paz e tranquilidade.\n    <\/pre>\n<\/p><\/div>\n<div class=\"poem\" data-poem=\"6\">\n<h2>mulher chechena<\/h2>\n<pre class=\"poem-text\">\nEm seus olhos reside a sabedoria ancestral, em sua alma, for\u00e7a e orgulho. Ela preserva as tradi\u00e7\u00f5es de seus ancestrais, e a lealdade \u00e0 fam\u00edlia \u00e9 sua santidade. Ela \u00e9 apoio, esperan\u00e7a e luz, em tempos dif\u00edceis, seu ombro amigo. Ela \u00e9 s\u00edmbolo de honra, amor e vit\u00f3ria, uma mulher chechena \u00e9 a melhor que existe. Sua beleza \u00e9 como uma flor da montanha, delicada, fr\u00e1gil e bela. Ela \u00e9 a alma do povo, sua ess\u00eancia, e seu amor \u00e9 infinito e puro.\n    <\/pre>\n<\/p><\/div>\n<div class=\"poem\" data-poem=\"7\">\n<h2>\u00c1guia da montanha<\/h2>\n<pre class=\"poem-text\">\nUma \u00e1guia-das-montanhas plana no c\u00e9u, livre, forte e audaz. \u00c9 um s\u00edmbolo de coragem e determina\u00e7\u00e3o, voando habilmente sobre as montanhas. Ela v\u00ea tudo do alto e conhece os segredos da terra. A \u00e1guia \u00e9 a guardi\u00e3 da beleza das montanhas e um s\u00edmbolo do destino checheno.\n    <\/pre>\n<\/p><\/div>\n<div class=\"poem\" data-poem=\"8\">\n<h2>Can\u00e7\u00e3o sobre her\u00f3is<\/h2>\n<pre class=\"poem-text\">\nCan\u00e7\u00f5es entoam os nomes dos her\u00f3is, daqueles que lutaram pela liberdade. Seus feitos s\u00e3o lembrados pelas na\u00e7\u00f5es, seu esp\u00edrito permanece em nossos cora\u00e7\u00f5es. Eles deram suas vidas por sua p\u00e1tria, por honra, por dignidade, pela paz. Seu sacrif\u00edcio n\u00e3o ser\u00e1 esquecido, sua mem\u00f3ria viver\u00e1 para sempre. Sempre nos lembraremos deles e seguiremos seu exemplo. E construiremos uma nova vida, em um pa\u00eds livre e feliz.\n    <\/pre>\n<\/p><\/div>\n<div class=\"poem\" data-poem=\"9\">\n<h2>Neblina matinal<\/h2>\n<pre class=\"poem-text\">\nA neblina se dissipa nas montanhas, revelando a beleza dos picos. E um novo dia, como uma ilus\u00e3o luminosa, preenche o cora\u00e7\u00e3o como um sonho maravilhoso. A natureza desperta ao redor, e os p\u00e1ssaros cantam suas can\u00e7\u00f5es. A neblina da manh\u00e3 \u2013 como uma amiga gentil \u2013 traz esperan\u00e7a e boas not\u00edcias.\n    <\/pre>\n<\/p><\/div>\n<div class=\"poem\" data-poem=\"10\">\n<h2>Sombra do Passado<\/h2>\n<pre class=\"poem-text\">\nA sombra do passado ainda paira sobre uma terra devastada pela guerra. A dor e o sofrimento jamais se dissipam, e a mem\u00f3ria dos que tombaram permanece comigo. Mas seguimos em frente, sem olhar para tr\u00e1s, rumo a novas conquistas, a novos sonhos. E acreditamos que o futuro chegar\u00e1 e a paz reinar\u00e1 em nossos lares. Construiremos uma nova vida sobre as ru\u00ednas do passado, com f\u00e9 em nossas almas. E nos lembraremos daqueles que deram suas vidas pela liberdade, pela paz, pela nossa felicidade.\n    <\/pre>\n<\/p><\/div>\n<div class=\"poem\" data-poem=\"11\">\n<h2>Flores da montanha<\/h2>\n<pre class=\"poem-text\">\nFlores silvestres desabrocham nas montanhas, vibrantes, delicadas e belas. S\u00e3o um s\u00edmbolo de vida e beleza, seus aromas m\u00e1gicos e apaixonantes. Crescem entre rochas e penhascos, imunes ao vento e ao frio. S\u00e3o um s\u00edmbolo de resili\u00eancia e for\u00e7a, e o orgulho da terra chechena.\n    <\/pre>\n<\/p><\/div>\n<div class=\"poem\" data-poem=\"12\">\n<h2>Retornar<\/h2>\n<pre class=\"poem-text\">\nVoltar para casa \u00e9 como uma celebra\u00e7\u00e3o da alma, como um reencontro com a fam\u00edlia, como uma luz na escurid\u00e3o. E o cora\u00e7\u00e3o se enche de alegria e paz ao contemplar a terra natal em um sonho. Retornamos \u00e0s nossas ra\u00edzes, \u00e0 terra dos nossos ancestrais, \u00e0s nossas tradi\u00e7\u00f5es. E construiremos uma nova vida, em um pa\u00eds livre e feliz. Lembraremos daqueles que nos esperaram e amaremos nossa p\u00e1tria. E viveremos para glorific\u00e1-la, para que ela seja sempre forte e bela.\n    <\/pre>\n<\/p><\/div>\n<div class=\"poem\" data-poem=\"13\">\n<h2>Estrela da noite<\/h2>\n<pre class=\"poem-text\">\nUma estrela da noite brilha no c\u00e9u, como um farol na escurid\u00e3o distante. Ela sempre traz esperan\u00e7a e ilumina o caminho \u00e0 frente. \u00c9 um s\u00edmbolo de f\u00e9 e amor, e um s\u00edmbolo de beleza eterna. A estrela da noite \u00e9 um chamado luminoso \u00e0 bondade, \u00e0 paz, aos sonhos.\n    <\/pre>\n<\/p><\/div>\n<div class=\"poem\" data-poem=\"14\">\n<h2>Voz das Montanhas<\/h2>\n<pre class=\"poem-text\">\nA voz das montanhas \u00e9 como um conto ancestral, que narra o passado. De coragem, honra e bravura, dos ancestrais que guardaram a terra. Ela ressoa no sussurro do vento, no murm\u00fario dos rios e no canto dos p\u00e1ssaros. A voz das montanhas \u00e9 como o chamado dos ancestrais, \u00e0 liberdade, \u00e0 paz, a uma nova vida. Ouviremos a voz das montanhas e seguiremos seus preceitos. E construiremos uma nova vida, em uma terra livre e feliz.\n    <\/pre>\n<\/p><\/div>\n<div class=\"poem\" data-poem=\"15\">\n<h2>Ter esperan\u00e7a<\/h2>\n<pre class=\"poem-text\">\nA esperan\u00e7a reside em cada cora\u00e7\u00e3o, como um fogo que nunca se apaga. Ela nos d\u00e1 f\u00e9 no melhor e nos ajuda a seguir em frente. A esperan\u00e7a \u00e9 uma luz na escurid\u00e3o, \u00e9 a for\u00e7a que nos ajuda a viver. A esperan\u00e7a \u00e9 um sonho de felicidade e a f\u00e9 de que tudo ficar\u00e1 bem.\n    <\/pre>\n<\/p><\/div>\n<\/div>","protected":false},"excerpt":{"rendered":"<p>A Chech\u00eania \u00e9 uma terra de tradi\u00e7\u00f5es orgulhosas, hist\u00f3ria antiga e um esp\u00edrito inabal\u00e1vel. Sua poesia, assim como a pr\u00f3pria rep\u00fablica, \u00e9 permeada pela dor da perda, pelo amor \u00e0 terra natal e pela f\u00e9\u2026<\/p>","protected":false},"author":1,"featured_media":0,"comment_status":"open","ping_status":"open","sticky":false,"template":"","format":"standard","meta":{"footnotes":""},"categories":[59],"tags":[],"class_list":["post-134805","post","type-post","status-publish","format-standard","hentry","category-stihi"],"_links":{"self":[{"href":"https:\/\/imgist.ru\/pt\/wp-json\/wp\/v2\/posts\/134805","targetHints":{"allow":["GET"]}}],"collection":[{"href":"https:\/\/imgist.ru\/pt\/wp-json\/wp\/v2\/posts"}],"about":[{"href":"https:\/\/imgist.ru\/pt\/wp-json\/wp\/v2\/types\/post"}],"author":[{"embeddable":true,"href":"https:\/\/imgist.ru\/pt\/wp-json\/wp\/v2\/users\/1"}],"replies":[{"embeddable":true,"href":"https:\/\/imgist.ru\/pt\/wp-json\/wp\/v2\/comments?post=134805"}],"version-history":[{"count":1,"href":"https:\/\/imgist.ru\/pt\/wp-json\/wp\/v2\/posts\/134805\/revisions"}],"predecessor-version":[{"id":137470,"href":"https:\/\/imgist.ru\/pt\/wp-json\/wp\/v2\/posts\/134805\/revisions\/137470"}],"wp:attachment":[{"href":"https:\/\/imgist.ru\/pt\/wp-json\/wp\/v2\/media?parent=134805"}],"wp:term":[{"taxonomy":"category","embeddable":true,"href":"https:\/\/imgist.ru\/pt\/wp-json\/wp\/v2\/categories?post=134805"},{"taxonomy":"post_tag","embeddable":true,"href":"https:\/\/imgist.ru\/pt\/wp-json\/wp\/v2\/tags?post=134805"}],"curies":[{"name":"wp","href":"https:\/\/api.w.org\/{rel}","templated":true}]}}