{"id":134857,"date":"2026-01-27T20:50:52","date_gmt":"2026-01-27T18:50:52","guid":{"rendered":"http:\/\/aleksawn.bget.ru\/drugie\/stihi-pro-pogodu.html"},"modified":"2026-08-24T13:20:50","modified_gmt":"2026-08-24T10:20:50","slug":"poemas-sobre-o-tempo","status":"publish","type":"post","link":"https:\/\/imgist.ru\/pt\/stihi-pro-pogodu\/","title":{"rendered":"Poemas sobre o tempo: belas cole\u00e7\u00f5es para crian\u00e7as e adultos"},"content":{"rendered":"<p>O tempo n\u00e3o \u00e9 apenas a temperatura l\u00e1 fora. \u00c9 o humor da natureza, um reflexo dos nossos sentimentos, o sussurro suave do vento ou o estrondo trovejante de um aguaceiro. Nestes poemas, tentei capturar os estados fugazes do c\u00e9u, da terra e da \u00e1gua, as nuances e os humores que o clima mut\u00e1vel nos oferece. Dos raios de sol \u00e0 melancolia outonal, do calor do ver\u00e3o ao frescor do inverno \u2014 cada dia \u00e9 \u00fanico em sua pr\u00f3pria sinfonia clim\u00e1tica.<\/p>\n<div class=\"poems\">\n<div class=\"poem\">\n<h2>A primeira chuva<\/h2>\n<pre class=\"poem-text\">\nA cidade cinzenta suspirou cansada, a poeira das ruas pressionada contra o ch\u00e3o. A primeira chuva, como um recome\u00e7o, refletia-se em cada janela.\n<\/pre>\n<\/p><\/div>\n<\/div>\n<div class=\"poems\">\n<div class=\"poem\">\n<h2>Dia de ver\u00e3o<\/h2>\n<pre class=\"poem-text\">\nO sol derrama seu n\u00e9ctar dourado, um gafanhoto cantante se esconde na grama. Uma brisa suave \u00e9 um fogo delicado, um dia pregui\u00e7oso flutua nas nuvens. O perfume das flores, rico e doce, o zumbido das abelhas, um ritmo tranquilo. O mundo ao redor \u00e9 t\u00e3o simples e sereno, este ver\u00e3o \u00e9 uma festa para a vida.\n<\/pre>\n<\/p><\/div>\n<\/div>\n<div class=\"poems\">\n<div class=\"poem\">\n<h2>Melancolia de Outono<\/h2>\n<pre class=\"poem-text\">\nFolhas rodopiam numa valsa lenta, uma cascata de amarelo, vermelho e marrom. O outono comp\u00f5e baladas tristes no parque silencioso onde o olhar vagueia. O c\u00e9u chora em tons de cinza, o vento uiva como uma fera na noite. Velhos contos de fadas s\u00e3o relembrados, e os raios quentes se dissipam. Asfalto molhado, um poste de luz fraco, solid\u00e3o em cada quintal. O outono \u00e9 o pesadelo silencioso do tempo, e a esperan\u00e7a est\u00e1 em algum lugar ao longe.\n<\/pre>\n<\/p><\/div>\n<\/div>\n<div class=\"poems\">\n<div class=\"poem\">\n<h2>Cativeiro de neve<\/h2>\n<pre class=\"poem-text\">\nUma dan\u00e7a branca l\u00e1 fora, pela janela, o mundo congelado num sono cristalino. Sil\u00eancio, como um doce sonho, no inverno, um cativeiro de conto de fadas.\n<\/pre>\n<\/p><\/div>\n<\/div>\n<div class=\"poems\">\n<div class=\"poem\">\n<h2>Vento de primavera<\/h2>\n<pre class=\"poem-text\">\nUma brisa fresca e travessa desperta as \u00e1rvores de seu sono. Traz paz, esperan\u00e7a e a primavera em abund\u00e2ncia. Gotas derretem nos galhos, o sol aquece com cada vez mais intensidade. Nestes dias suaves e luminosos, o mundo ao nosso redor floresce. Os p\u00e1ssaros retornam para casa, um arco-\u00edris surge no c\u00e9u. O vento sussurra: &quot;Haver\u00e1 uma luta!&quot; Por amor e pela primavera em abund\u00e2ncia.\n<\/pre>\n<\/p><\/div>\n<\/div>\n<div class=\"poems\">\n<div class=\"poem\">\n<h2>Tempestade<\/h2>\n<pre class=\"poem-text\">\nNuvens escuras rastejam lentamente, o ar impregnado com o aroma de oz\u00f4nio e neblina. Uma tempestade se aproxima com for\u00e7a, encobrindo os \u00faltimos dias. O primeiro trov\u00e3o, como um aviso; o segundo, mais pr\u00f3ximo, mais forte, mais aterrador. Rel\u00e2mpagos \u2013 uma revela\u00e7\u00e3o v\u00edvida, no fogo celestial e trovejante. O aguaceiro cai como uma muralha, lavando a poeira e a tristeza. O mundo permanece congelado em sil\u00eancio absoluto, aguardando um novo horizonte. Ap\u00f3s a tempestade, frescor e pureza, e um arco-\u00edris no c\u00e9u, como uma sauda\u00e7\u00e3o radiante. Nesta tempestade, a beleza da vida e a esperan\u00e7a de um novo amanhecer.\n<\/pre>\n<\/p><\/div>\n<\/div>\n<div class=\"poems\">\n<div class=\"poem\">\n<h2>Coelhinho ensolarado<\/h2>\n<pre class=\"poem-text\">\nUm raio de sol na parede, alegre, l\u00fadico, dourado. Dan\u00e7a no sil\u00eancio, lembrando-nos do ver\u00e3o, da paz.\n<\/pre>\n<\/p><\/div>\n<\/div>\n<div class=\"poems\">\n<div class=\"poem\">\n<h2>Manh\u00e3 enevoada<\/h2>\n<pre class=\"poem-text\">\nA cidade est\u00e1 mergulhada numa n\u00e9voa branca, sons abafados, como num sonho. Uma manh\u00e3 enevoada \u00e9 um jardim tranquilo, onde segredos s\u00e3o guardados em sil\u00eancio. Lanternas brilham atrav\u00e9s do v\u00e9u, criando uma luz misteriosa e p\u00e1lida. Essa n\u00e9voa tem sua pr\u00f3pria beleza, um mist\u00e9rio, um segredo silencioso. O mundo ao redor parece diferente, como um conto de fadas, uma terra m\u00e1gica. Uma manh\u00e3 enevoada \u00e9 um momento sagrado, quando se pode sonhar e se inspirar no para\u00edso.\n<\/pre>\n<\/p><\/div>\n<\/div>\n<div class=\"poems\">\n<div class=\"poem\">\n<h2>Conto de Inverno<\/h2>\n<pre class=\"poem-text\">\nA neve gira como um sonho m\u00e1gico, cobrindo o ch\u00e3o com um tapete branco. Um conto de fadas de inverno est\u00e1 em cada janela e no cora\u00e7\u00e3o, aquecido pelo calor.\n<\/pre>\n<\/p><\/div>\n<\/div>\n<div class=\"poems\">\n<div class=\"poem\">\n<h2>Noite chuvosa<\/h2>\n<pre class=\"poem-text\">\nA chuva bate monotonamente nos telhados, criando uma melancolia aconchegante e silenciosa. Uma noite chuvosa \u2013 t\u00e3o modesta, mas com algo \u00edntimo, algo inumer\u00e1vel. Livros, ch\u00e1 e um cobertor quentinho, o som dos carros passando ao longe. Esta noite tem seu pr\u00f3prio segredo, paz e sil\u00eancio sem motivo aparente. A chuva lava todas as preocupa\u00e7\u00f5es, deixando apenas sonhos luminosos. Esta noite tem sua pr\u00f3pria beleza e a esperan\u00e7a de novos dias.\n<\/pre>\n<\/p><\/div>\n<\/div>\n<div class=\"poems\">\n<div class=\"poem\">\n<h2>Arco-\u00edris depois da chuva<\/h2>\n<pre class=\"poem-text\">\nUma ponte brilhante no c\u00e9u alto, sete cores, como um presente m\u00e1gico. Um arco-\u00edris depois da chuva \u2013 luz, que lembra felicidade, fogo.\n<\/pre>\n<\/p><\/div>\n<\/div>\n<div class=\"poems\">\n<div class=\"poem\">\n<h2>Calor de ver\u00e3o<\/h2>\n<pre class=\"poem-text\">\nO sol castiga impiedosamente, o calor derrete o ar ao redor. \u00c9 fresco na sombra das \u00e1rvores, e o sil\u00eancio, como um amigo, \u00e9 desejado. O asfalto fumega com o calor, crian\u00e7as brincam no rio, rindo. O ver\u00e3o est\u00e1 em pleno andamento, implorando por frescor, por leveza, sem se esconder. Este calor tem seu pr\u00f3prio charme, e o fluir pregui\u00e7oso dos dias. O ver\u00e3o \u00e9 tempo de milagres, de alegria e de ideias brilhantes.\n<\/pre>\n<\/p><\/div>\n<\/div>\n<div class=\"poems\">\n<div class=\"poem\">\n<h2>Folha de outono<\/h2>\n<pre class=\"poem-text\">\nUma folha gira como uma borboleta no campo, vestida de amarelo, vermelho e carmesim. Ela dan\u00e7a na vastid\u00e3o do outono e silenciosamente se acomoda no jardim.\n<\/pre>\n<\/p><\/div>\n<\/div>\n<div class=\"poems\">\n<div class=\"poem\">\n<h2>Noite de inverno<\/h2>\n<pre class=\"poem-text\">\nUma nevasca se abate l\u00e1 fora, a neve cai sobre as casas. A noite de inverno \u00e9 tranquila e prop\u00edcia para sonhos e aconchego. A lenha crepita na lareira, o ch\u00e1 aquece as m\u00e3os e a alma. Esta noite, meu ref\u00fagio \u00e9 a paz e o sil\u00eancio. A luz de velas tremula suavemente, criando uma atmosfera acolhedora. Nesta noite, tudo \u00e9 infinito, e a esperan\u00e7a renova a f\u00e9.\n<\/pre>\n<\/p><\/div>\n<\/div>","protected":false},"excerpt":{"rendered":"<p>O tempo n\u00e3o \u00e9 apenas a temperatura l\u00e1 fora. \u00c9 o humor da natureza, um reflexo dos nossos sentimentos, o sussurro suave do vento ou o estrondo trovejante de um aguaceiro. Nestes poemas, eu...<\/p>","protected":false},"author":1,"featured_media":0,"comment_status":"open","ping_status":"open","sticky":false,"template":"","format":"standard","meta":{"footnotes":""},"categories":[59],"tags":[],"class_list":["post-134857","post","type-post","status-publish","format-standard","hentry","category-stihi"],"_links":{"self":[{"href":"https:\/\/imgist.ru\/pt\/wp-json\/wp\/v2\/posts\/134857","targetHints":{"allow":["GET"]}}],"collection":[{"href":"https:\/\/imgist.ru\/pt\/wp-json\/wp\/v2\/posts"}],"about":[{"href":"https:\/\/imgist.ru\/pt\/wp-json\/wp\/v2\/types\/post"}],"author":[{"embeddable":true,"href":"https:\/\/imgist.ru\/pt\/wp-json\/wp\/v2\/users\/1"}],"replies":[{"embeddable":true,"href":"https:\/\/imgist.ru\/pt\/wp-json\/wp\/v2\/comments?post=134857"}],"version-history":[{"count":1,"href":"https:\/\/imgist.ru\/pt\/wp-json\/wp\/v2\/posts\/134857\/revisions"}],"predecessor-version":[{"id":137541,"href":"https:\/\/imgist.ru\/pt\/wp-json\/wp\/v2\/posts\/134857\/revisions\/137541"}],"wp:attachment":[{"href":"https:\/\/imgist.ru\/pt\/wp-json\/wp\/v2\/media?parent=134857"}],"wp:term":[{"taxonomy":"category","embeddable":true,"href":"https:\/\/imgist.ru\/pt\/wp-json\/wp\/v2\/categories?post=134857"},{"taxonomy":"post_tag","embeddable":true,"href":"https:\/\/imgist.ru\/pt\/wp-json\/wp\/v2\/tags?post=134857"}],"curies":[{"name":"wp","href":"https:\/\/api.w.org\/{rel}","templated":true}]}}