{"id":134895,"date":"2026-01-31T16:46:05","date_gmt":"2026-01-31T14:46:05","guid":{"rendered":"http:\/\/aleksawn.bget.ru\/drugie\/stihi-pro-zemlyu.html"},"modified":"2026-08-24T13:20:48","modified_gmt":"2026-08-24T10:20:48","slug":"poemas-sobre-a-terra","status":"publish","type":"post","link":"https:\/\/imgist.ru\/pt\/stihi-pro-zemlyu\/","title":{"rendered":"Poemas sobre a Terra: sobre a beleza da natureza e a fragilidade do mundo"},"content":{"rendered":"<p>A Terra \u00e9 nosso lar comum, o ber\u00e7o da vida, uma fonte de inspira\u00e7\u00e3o e eterna admira\u00e7\u00e3o. Ela guarda a hist\u00f3ria do universo, sussurra lendas aos ventos e oferece frutos abundantes aos seus filhos. Nestes poemas, buscamos capturar a beleza e a grandeza do nosso planeta, sua fragilidade e for\u00e7a, seus mist\u00e9rios e esperan\u00e7as. Mergulhe no mundo da poesia dedicada \u00e0 Terra e sinta seu sopro.<\/p>\n<div class=\"poems\">\n<div class=\"poem\" data-poem=\"1\">\n<h2>respira\u00e7\u00e3o terrena<\/h2>\n<pre class=\"poem-text\">\nO mundo permanece im\u00f3vel no orvalho da aurora, a Terra desperta, respirando em sil\u00eancio. A floresta esmeralda, como uma baleia, ondula na n\u00e9voa matinal. E o sol generosamente derrama seus raios dourados sobre a terra. Saudando o novo dia com vida, a natureza canta uma can\u00e7\u00e3o.\n    <\/pre>\n<\/p><\/div>\n<div class=\"poem\" data-poem=\"2\">\n<h2>A imensid\u00e3o da M\u00e3e Terra<\/h2>\n<pre class=\"poem-text\">\nOs campos se estendem como um mar dourado, e os rios fluem, prateados no sil\u00eancio. Nossa terra \u00e9 uma maravilha, vasta e preciosa, sua beleza transborda luz eterna e primavera. Florestas ancestrais guardam seus segredos, montanhas se elevam ao c\u00e9u como guardi\u00e3s. Ocultas em suas profundezas est\u00e3o riquezas antigas, e a vida pulsa, alheia \u00e0 reflex\u00e3o. Ame a Terra, aprecie os momentos, pois nosso \u00fanico lar \u00e9 o nosso planeta. D\u00ea a ele ternura e inspira\u00e7\u00e3o, e que ele seja eternamente aquecido.\n    <\/pre>\n<\/p><\/div>\n<div class=\"poem\" data-poem=\"3\">\n<h2>Pedra e grama<\/h2>\n<pre class=\"poem-text\">\nEntre as pedras, onde o vento uiva, brotou um pouco de grama, tenra e fr\u00e1gil. A vida em cada talo geme silenciosamente, e um raio de sol a banha com a luz do c\u00e9u. Perseveran\u00e7a, for\u00e7a, f\u00e9 em milagres, na luta pela vida, por um dia melhor. A terra preserva tal milagre e d\u00e1 ao mundo uma nova sombra.\n    <\/pre>\n<\/p><\/div>\n<div class=\"poem\" data-poem=\"4\">\n<h2>Can\u00e7\u00e3o da Terra<\/h2>\n<pre class=\"poem-text\">\nA terra canta no farfalhar das folhas, no murm\u00fario dos rios e no rugido das ondas. Em seu canto reside a alegria e a pureza, e a tristeza pelos dias passados da primavera. Ela canta o amor e a esperan\u00e7a, o poder da vida, o calor eterno. Em seu canto reside a sabedoria, como antes, e o segredo oculto na terra. Escute o canto da terra, ele lhe revelar\u00e1 um outro mundo. Em seus sons reside a harmonia e os dias, e a paz eterna.\n    <\/pre>\n<\/p><\/div>\n<div class=\"poem\" data-poem=\"5\">\n<h2>Neblina matinal<\/h2>\n<pre class=\"poem-text\">\nUma n\u00e9voa paira sobre o campo, como um fantasma, leve e invis\u00edvel. A terra despertou, silenciosa, estranha, abra\u00e7ada por uma bruma prateada. E o sol espreita por entre a n\u00e9voa, aquecendo a terra com seus raios. A natureza fala silenciosamente de um novo dia, do jogo da vida.\n    <\/pre>\n<\/p><\/div>\n<div class=\"poem\" data-poem=\"6\">\n<h2>Cora\u00e7\u00e3o do Planeta<\/h2>\n<pre class=\"poem-text\">\nNas profundezas da Terra, onde reina a escurid\u00e3o e a paz, pulsa o cora\u00e7\u00e3o do planeta, poderoso e forte. Ele nutre a vida, concedendo-lhe o que lhe \u00e9 pr\u00f3prio, uma energia eternamente abundante. Em vulc\u00f5es ardentes, nas entranhas da Terra, esconde-se o poder que cria. Ele d\u00e1 origem a um novo horizonte e pode preservar a vida na Terra. Proteja o cora\u00e7\u00e3o do seu planeta, n\u00e3o prejudique a Terra, n\u00e3o a destrua. Pois nele reside a nossa vida, a nossa luz, a nossa paz e o nosso futuro, e tudo o que lhe pertence.\n    <\/pre>\n<\/p><\/div>\n<div class=\"poem\" data-poem=\"7\">\n<h2>Orvalho da noite<\/h2>\n<pre class=\"poem-text\">\nNa relva, o orvalho brilha como p\u00e9rolas, nos raios do sol poente. A terra adormece, silenciosa e tranquila, no abra\u00e7o da noite, terna e sagrada.\n    <\/pre>\n<\/p><\/div>\n<div class=\"poem\" data-poem=\"8\">\n<h2>Terra e c\u00e9u<\/h2>\n<pre class=\"poem-text\">\nA Terra e o c\u00e9u s\u00e3o uma uni\u00e3o eterna, em harmonia, em amor, em unidade. Eles nos d\u00e3o luz e sabor, beleza e bondade. O c\u00e9u protege a Terra das dificuldades, e a Terra d\u00e1 ao c\u00e9u vastid\u00e3o. Juntos, s\u00e3o luz eterna e os padr\u00f5es da vida eterna. Que sua uni\u00e3o seja forte e sagrada, e que estejam sempre juntos. Pois nessa uni\u00e3o reside a ess\u00eancia da vida, a felicidade eterna e um lugar eterno.\n    <\/pre>\n<\/p><\/div>\n<div class=\"poem\" data-poem=\"9\">\n<h2>Sussurro do vento<\/h2>\n<pre class=\"poem-text\">\nO vento sussurra seus segredos \u00e0 Terra, sobre terras distantes, sobre mares. Traz consigo aromas estranhos e hist\u00f3rias de terras distantes.\n    <\/pre>\n<\/p><\/div>\n<div class=\"poem\" data-poem=\"10\">\n<h2>Conto de Inverno da Terra<\/h2>\n<pre class=\"poem-text\">\nA terra est\u00e1 coberta por um tapete branco, no abra\u00e7o do inverno, frio e silencioso. Flocos de neve dan\u00e7am no c\u00edrculo invernal, e o mundo congela, como em poesia. As \u00e1rvores permanecem como em um sonho de conto de fadas, em meio \u00e0 geada prateada e brilhante. A terra repousa no sil\u00eancio do inverno, reunindo for\u00e7as para uma nova felicidade. Que o inverno nos d\u00ea magia, um conto de fadas, alegria e inspira\u00e7\u00e3o. Pois na Terra invernal h\u00e1 pureza e bondade, e a eterna continua\u00e7\u00e3o da vida.\n    <\/pre>\n<\/p><\/div>\n<div class=\"poem\" data-poem=\"11\">\n<h2>Primeiro raio<\/h2>\n<pre class=\"poem-text\">\nO primeiro raio de luz penetrou a escurid\u00e3o, despertando a Terra com um toque suave. E o mundo ao redor foi subitamente transformado num esplendor de luz que retornou ao cora\u00e7\u00e3o.\n    <\/pre>\n<\/p><\/div>\n<div class=\"poem\" data-poem=\"12\">\n<h2>D\u00e1diva da Terra<\/h2>\n<pre class=\"poem-text\">\nA Terra nos d\u00e1 frutos e flores, \u00e1gua e ar, e a luz pura do sol. Ela \u00e9 a fonte da vida e da beleza, um presente inestim\u00e1vel, puro e belo. Devemos valoriz\u00e1-la, am\u00e1-la e cuidar dela como uma m\u00e3e. Afinal, a Terra \u00e9 nosso lar, nossa morada, nosso futuro e nossa felicidade. Que a Terra sempre flores\u00e7a e seja repleta de vida, alegria e luz. E que sejamos gratos a ela por tudo o que nos d\u00e1 neste planeta.\n    <\/pre>\n<\/p><\/div>\n<div class=\"poem\" data-poem=\"13\">\n<h2>Riacho da montanha<\/h2>\n<pre class=\"poem-text\">\nUm riacho corre, murmurando e brincando, do alto da montanha, impetuoso at\u00e9 o vale. A terra o recebe com ternura, e lhe d\u00e1 vida e alegria.\n    <\/pre>\n<\/p><\/div>\n<div class=\"poem\" data-poem=\"14\">\n<h2>Valsa de Outono da Terra<\/h2>\n<pre class=\"poem-text\">\nO vento outonal agita as folhas, numa valsa de despedida, silenciosa e triste. A terra se prepara para dormir, no abra\u00e7o da paz, brilhante e pura. As \u00e1rvores se despojam de suas vestes, em tons de ouro e carmesim, brilhantes e delicados. A terra se envolve, como se em suas pr\u00f3prias vestes, na expectativa do inverno, frio e nevado. Que o outono nos d\u00ea beleza, inspira\u00e7\u00e3o, sabedoria e paz. Pois no outono a terra tem seu pr\u00f3prio sonho e a eterna continua\u00e7\u00e3o da pr\u00f3pria vida.\n    <\/pre>\n<\/p><\/div>\n<div class=\"poem\" data-poem=\"15\">\n<h2>A Terra \u00e9 o nosso lar.<\/h2>\n<pre class=\"poem-text\">\nA Terra \u00e9 a nossa casa, o nosso abrigo comum, onde vivemos, amamos e sonhamos. Protejamo-la como se fosse nossa, cuidemos dela e jamais a esque\u00e7amos.\n    <\/pre>\n<\/p><\/div>\n<\/div>","protected":false},"excerpt":{"rendered":"<p>A Terra \u00e9 nossa casa comum, o ber\u00e7o da vida, uma fonte de inspira\u00e7\u00e3o e eterna admira\u00e7\u00e3o. Ela guarda em si a hist\u00f3ria do universo, sussurra lendas aos ventos e produz frutos em abund\u00e2ncia\u2026<\/p>","protected":false},"author":1,"featured_media":0,"comment_status":"open","ping_status":"open","sticky":false,"template":"","format":"standard","meta":{"footnotes":""},"categories":[59],"tags":[],"class_list":["post-134895","post","type-post","status-publish","format-standard","hentry","category-stihi"],"_links":{"self":[{"href":"https:\/\/imgist.ru\/pt\/wp-json\/wp\/v2\/posts\/134895","targetHints":{"allow":["GET"]}}],"collection":[{"href":"https:\/\/imgist.ru\/pt\/wp-json\/wp\/v2\/posts"}],"about":[{"href":"https:\/\/imgist.ru\/pt\/wp-json\/wp\/v2\/types\/post"}],"author":[{"embeddable":true,"href":"https:\/\/imgist.ru\/pt\/wp-json\/wp\/v2\/users\/1"}],"replies":[{"embeddable":true,"href":"https:\/\/imgist.ru\/pt\/wp-json\/wp\/v2\/comments?post=134895"}],"version-history":[{"count":1,"href":"https:\/\/imgist.ru\/pt\/wp-json\/wp\/v2\/posts\/134895\/revisions"}],"predecessor-version":[{"id":137436,"href":"https:\/\/imgist.ru\/pt\/wp-json\/wp\/v2\/posts\/134895\/revisions\/137436"}],"wp:attachment":[{"href":"https:\/\/imgist.ru\/pt\/wp-json\/wp\/v2\/media?parent=134895"}],"wp:term":[{"taxonomy":"category","embeddable":true,"href":"https:\/\/imgist.ru\/pt\/wp-json\/wp\/v2\/categories?post=134895"},{"taxonomy":"post_tag","embeddable":true,"href":"https:\/\/imgist.ru\/pt\/wp-json\/wp\/v2\/tags?post=134895"}],"curies":[{"name":"wp","href":"https:\/\/api.w.org\/{rel}","templated":true}]}}