{"id":135024,"date":"2026-01-22T05:47:14","date_gmt":"2026-01-22T02:47:14","guid":{"rendered":"http:\/\/aleksawn.bget.ru\/drugie\/stihi-pro-tsveta.html"},"modified":"2026-08-24T13:20:58","modified_gmt":"2026-08-24T10:20:58","slug":"poemas-sobre-flores-2","status":"publish","type":"post","link":"https:\/\/imgist.ru\/pt\/stihi-pro-tsveta\/","title":{"rendered":"Poemas sobre cores e matizes: inspira\u00e7\u00e3o para artistas e poetas"},"content":{"rendered":"<p>Cores e tonalidades nos acompanham despercebidas, mas definem o humor do dia, as mem\u00f3rias e as palavras. Atrav\u00e9s da cor, o mundo se comunica de forma mais silenciosa do que por meio de eventos, por\u00e9m com mais precis\u00e3o e honestidade. Nestes poemas, as tonalidades se transformam em sentimentos: azul \u2014 sil\u00eancio, vermelho \u2014 pulsa\u00e7\u00e3o, cinza \u2014 pausa, e tons claros \u2014 esperan\u00e7a. N\u00e3o h\u00e1 cores aleat\u00f3rias aqui; cada uma carrega seu pr\u00f3prio significado e ritmo intr\u00ednseco. Esta colet\u00e2nea \u00e9 uma tentativa de captar como a cor se transforma em emo\u00e7\u00e3o e permanece no verso.<\/p>\n<div class=\"poems\">\n<div class=\"poem\" data-poem=\"1\">\n<h2>Azul<\/h2>\n<pre class=\"poem-text\">\nO azul \u00e9 a cor das palavras calmas, da profundidade e da dist\u00e2ncia. Vive sem sonhos estridentes, sem preocupa\u00e7\u00f5es e promessas. Cont\u00e9m o c\u00e9u e a \u00e1gua, e o h\u00e1bito de fazer as coisas devagar. O azul, \u00e0s vezes, nos ensina simplesmente a ser e simplesmente viver. <\/pre>\n<\/p><\/div>\n<div class=\"poem\" data-poem=\"2\">\n<h2>Dia Vermelho<\/h2>\n<pre class=\"poem-text\">\nUm dia vermelho \u00e9 como uma respira\u00e7\u00e3o aguda, como uma confiss\u00e3o repentina. N\u00e3o tolera meias palavras, \u00e9 movimento e conhecimento. No vermelho h\u00e1 pulso e calor, um passo \u00e0 frente sem olhar para tr\u00e1s. Pode ser uma vela e uma queima impiedosa. Mas quando n\u00e3o grita, e queima silenciosamente por dentro, o vermelho preserva cuidadosamente a coragem de ser si mesmo com dignidade. <\/pre>\n<\/p><\/div>\n<div class=\"poem\" data-poem=\"3\">\n<h2>Manh\u00e3 branca<\/h2>\n<pre class=\"poem-text\">\nUma manh\u00e3 branca \u00e9 uma folha sem linhas, um sil\u00eancio sem expectativas. Nenhuma s\u00edlaba foi escolhida para as d\u00favidas e os desejos. O branco n\u00e3o \u00e9 vazio, mas honesto; fala da escolha que se avizinha. A cor do come\u00e7o, a cor apropriada, onde tudo \u00e9 poss\u00edvel \u2014 espere. <\/pre>\n<\/p><\/div>\n<div class=\"poem\" data-poem=\"4\">\n<h2>Dias cinzentos<\/h2>\n<pre class=\"poem-text\">\nO cinza n\u00e3o gosta de discuss\u00f5es; ele habita os extremos. \u00c9 livre de gritos e repreens\u00f5es; ele acolhe o ordin\u00e1rio. O cinza \u00e9 a cor da estrada, do asfalto, dos pensamentos e das pausas. N\u00e3o \u00e9 um inimigo nem uma conclus\u00e3o \u2014 \u00e9 um espa\u00e7o para o equil\u00edbrio. H\u00e1 um tra\u00e7o de calor em um dia cinzento, se voc\u00ea ouvir com aten\u00e7\u00e3o, sem pressa. \u00c0s vezes, \u00e9 a melhor cor para um momento de tranquilidade. <\/pre>\n<\/p><\/div>\n<div class=\"poem\" data-poem=\"5\">\n<h2>Verde<\/h2>\n<pre class=\"poem-text\">\nO verde sabe crescer sem grandes palavras ou ordens. Ele escolhe o caminho interior, com paci\u00eancia e expectativa. Nele h\u00e1 grama, a primeira folha e esperan\u00e7a incondicional. O verde \u00e9 o significado mais honesto da vida, na simples repeti\u00e7\u00e3o. <\/pre>\n<\/p><\/div>\n<div class=\"poem\" data-poem=\"6\">\n<h2>Luz amarela<\/h2>\n<pre class=\"poem-text\">\nA luz amarela \u00e9 como um ch\u00e1 quente numa casa de passos silenciosos. N\u00e3o nos chama para uma terra distante, permanece perto de n\u00f3s. \u00c9 a cor das palavras, cartas, l\u00e2mpadas e despedidas do outono. No amarelo reside a mem\u00f3ria das noites e a tranquilidade das confiss\u00f5es. N\u00e3o \u00e9 brilhante, nem cegante, mas confi\u00e1vel e viva. <\/pre>\n<\/p><\/div>\n<div class=\"poem\" data-poem=\"7\">\n<h2>Preto<\/h2>\n<pre class=\"poem-text\">\nO preto nem sempre representa medo, \u00e0s vezes representa profundidade. Ele guarda a perspectiva de outra pessoa e o sil\u00eancio da noite. No preto, todas as cores amadurecem, apenas ocultas por ora. \u00c9 uma pausa, uma linha, onde uma linha nasce. <\/pre>\n<\/p><\/div>\n<div class=\"poem\" data-poem=\"8\">\n<h2>Tons<\/h2>\n<pre class=\"poem-text\">\nEntre o branco e a linha, existem milhares de estados. Cada tonalidade \u00e9 como um humor, nossos pensamentos e confiss\u00f5es. N\u00e3o vivemos em uma \u00fanica cor, somos uma paleta sem limites. O tempo nos pinta, como crian\u00e7as, sem apagar nossos rostos. E nessa tela complexa, n\u00e3o existem decis\u00f5es erradas. As tonalidades s\u00e3o a verdade sobre voc\u00ea, sem defini\u00e7\u00f5es diretas. <\/pre>\n<\/p><\/div>\n<div class=\"poem\" data-poem=\"9\">\n<h2>Azul<\/h2>\n<pre class=\"poem-text\">\nO azul representa um sono leve, uma respira\u00e7\u00e3o sem dor. Ele surge como uma rever\u00eancia celestial \u00e0 pr\u00f3pria liberdade. N\u00e3o possui aspereza nem profundidade, e sim uma f\u00e9 incondicional. O azul, como o sil\u00eancio, fala com mais for\u00e7a do que qualquer palavra. <\/pre>\n<\/p><\/div>\n<div class=\"poem\" data-poem=\"10\">\n<h2>Noite Roxa<\/h2>\n<pre class=\"poem-text\">\nO entardecer p\u00farpura \u00e9 suave, como um pensamento que surge espontaneamente. N\u00e3o exige sinais, respostas ou cartas. Mistura luz e sombra, experi\u00eancia, mem\u00f3ria e d\u00favida. \u00c9 a cor daqueles momentos em que uma decis\u00e3o nasce. O p\u00farpura n\u00e3o \u00e9 vibrante, mas profundo e paciente. \u00c9 o resultado dos ajustes do dia e de um interl\u00fadio de calma. <\/pre>\n<\/p><\/div>\n<div class=\"poem\" data-poem=\"11\">\n<h2>Rosa<\/h2>\n<pre class=\"poem-text\">\nO rosa n\u00e3o \u00e9 ing\u00eanuo, mas sim suave e compassivo. \u00c9 a cor de um mundo onde se preza a cortesia, onde o calor humano \u00e9 mais importante que a felicidade. N\u00e3o discute nem pressiona, sabe ser atencioso. O rosa sempre se manifesta no gesto mais gentil. <\/pre>\n<\/p><\/div>\n<div class=\"poem\" data-poem=\"12\">\n<h2>Paleta do dia<\/h2>\n<pre class=\"poem-text\">\nCada dia \u00e9 como uma tela em branco, com pinceladas ainda \u00famidas. Nela, constru\u00edmos uma ponte entre pensamentos e sonhos. A manh\u00e3 \u00e9 um ponto de luz, o meio-dia uma obra vibrante. O entardecer \u00e9 um gr\u00e3o quente de sil\u00eancio e transforma\u00e7\u00e3o. E quando a linha do horizonte escurece, n\u00e3o se apresse em apagar o passado. Toda a paleta \u00e9 voc\u00ea, inteiro e vivo. <\/pre>\n<\/p><\/div>\n<div class=\"poem\" data-poem=\"13\">\n<h2>Marrom<\/h2>\n<pre class=\"poem-text\">\nO marrom \u00e9 a cor da terra, do p\u00e3o, da madeira e do lar. N\u00e3o exige amor, \u00e9 confi\u00e1vel e familiar. Cont\u00e9m paz e simplicidade, sem almejar grandes conquistas. O marrom \u00e9 como um apoio que sempre reside dentro de voc\u00ea. <\/pre>\n<\/p><\/div>\n<div class=\"poem\" data-poem=\"14\">\n<h2>Cor do humor<\/h2>\n<pre class=\"poem-text\">\nO humor n\u00e3o \u00e9 um signo, mas uma nuance sem nome. Muda assim, sem raz\u00e3o ou reconhecimento. Hoje \u00e9 suave, amanh\u00e3 \u00e9 \u00e1spero, depois de amanh\u00e3 \u00e9 indefinido. A cor do humor \u00e9 honesta, trata-se de equil\u00edbrio interior. N\u00e3o tente limit\u00e1-lo, n\u00e3o o force a entrar em um dicion\u00e1rio. Melhor simplesmente aceitar este calend\u00e1rio da vida. <\/pre>\n<\/p><\/div>\n<div class=\"poem\" data-poem=\"15\">\n<h2>Cor sem nome<\/h2>\n<pre class=\"poem-text\">\nExiste uma cor sem nome, que vive entre a luz e a sombra. Ela aparece no momento certo e caminha com voc\u00ea despercebida. \u00c9 a sombra das suas decis\u00f5es, do sil\u00eancio e dos passos firmes. N\u00e3o precisa de confirma\u00e7\u00e3o, \u00e9 simplesmente a verdade sem palavras. <\/pre>\n<\/p><\/div>\n<\/div>","protected":false},"excerpt":{"rendered":"<p>Cores e tonalidades nos acompanham despercebidas, mas definem o clima do dia, as mem\u00f3rias e as palavras. Atrav\u00e9s da cor, o mundo se comunica de forma mais silenciosa do que por meio de eventos, por\u00e9m com mais precis\u00e3o\u2026<\/p>","protected":false},"author":1,"featured_media":0,"comment_status":"open","ping_status":"open","sticky":false,"template":"","format":"standard","meta":{"footnotes":""},"categories":[59],"tags":[],"class_list":["post-135024","post","type-post","status-publish","format-standard","hentry","category-stihi"],"_links":{"self":[{"href":"https:\/\/imgist.ru\/pt\/wp-json\/wp\/v2\/posts\/135024","targetHints":{"allow":["GET"]}}],"collection":[{"href":"https:\/\/imgist.ru\/pt\/wp-json\/wp\/v2\/posts"}],"about":[{"href":"https:\/\/imgist.ru\/pt\/wp-json\/wp\/v2\/types\/post"}],"author":[{"embeddable":true,"href":"https:\/\/imgist.ru\/pt\/wp-json\/wp\/v2\/users\/1"}],"replies":[{"embeddable":true,"href":"https:\/\/imgist.ru\/pt\/wp-json\/wp\/v2\/comments?post=135024"}],"version-history":[{"count":1,"href":"https:\/\/imgist.ru\/pt\/wp-json\/wp\/v2\/posts\/135024\/revisions"}],"predecessor-version":[{"id":137842,"href":"https:\/\/imgist.ru\/pt\/wp-json\/wp\/v2\/posts\/135024\/revisions\/137842"}],"wp:attachment":[{"href":"https:\/\/imgist.ru\/pt\/wp-json\/wp\/v2\/media?parent=135024"}],"wp:term":[{"taxonomy":"category","embeddable":true,"href":"https:\/\/imgist.ru\/pt\/wp-json\/wp\/v2\/categories?post=135024"},{"taxonomy":"post_tag","embeddable":true,"href":"https:\/\/imgist.ru\/pt\/wp-json\/wp\/v2\/tags?post=135024"}],"curies":[{"name":"wp","href":"https:\/\/api.w.org\/{rel}","templated":true}]}}