{"id":135192,"date":"2026-01-26T11:10:51","date_gmt":"2026-01-26T09:10:51","guid":{"rendered":"http:\/\/aleksawn.bget.ru\/drugie\/ctihi-zhan-zhene.html"},"modified":"2026-08-24T13:19:59","modified_gmt":"2026-08-24T10:19:59","slug":"ctihi-zhan-zhene","status":"publish","type":"post","link":"https:\/\/imgist.ru\/pt\/ctihi-zhan-zhene\/","title":{"rendered":"Poemas no estilo de Jean Genet: significado profundo e motiva\u00e7\u00f5es filos\u00f3ficas"},"content":{"rendered":"<p>Jean Genet \u00e9 uma figura tr\u00e1gica e fascinante, poeta e dramaturgo que sobreviveu \u00e0 pris\u00e3o para se tornar um \u00edcone intelectual. Seus poemas s\u00e3o as confiss\u00f5es de uma alma rebelde, uma rebeli\u00e3o contra as conven\u00e7\u00f5es e uma busca pela beleza nos rec\u00f4nditos mais obscuros da exist\u00eancia humana. Eles entrela\u00e7am temas como pecado, reden\u00e7\u00e3o, amor e morte, escritos em uma linguagem simultaneamente brutal e refinada. Genet explora os limites do permitido, expondo a hipocrisia da sociedade e as contradi\u00e7\u00f5es internas do homem. Esta colet\u00e2nea \u00e9 uma tentativa de mergulhar nesse mundo complexo e cativante.<\/p>\n<div class=\"poems\">\n<div class=\"poem\">\n<h2>Le Fou<\/h2>\n<pre class=\"poem-text\">\nSou um louco que encara o sol, sabendo que ele vai queimar. Mas no fogo encontro o anel daquele mundo esquecido. Em meus olhos h\u00e1 um reflexo daquela terra onde a lei n\u00e3o passa de um som vazio. Onde a liberdade reside nas correntes do sil\u00eancio, e o v\u00edcio \u00e9 um c\u00edrculo sagrado. Rio do destino e da moralidade, da ingenuidade das pessoas boas. Pois s\u00f3 na dor se conhece a realidade, na dan\u00e7a da morte, no jogo das sombras.\n    <\/pre>\n<\/p><\/div>\n<div class=\"poem\">\n<h2>Noturno<\/h2>\n<pre class=\"poem-text\">\nA noite caiu como seda negra sobre uma cidade cansada e repleta de mentiras. Cada janela fala de desespero, cada respira\u00e7\u00e3o, uma premoni\u00e7\u00e3o da alma. Caminho sozinho pelas ruas escuras, como um fantasma esquecido na escurid\u00e3o. Busco consolo nos rostos dos transeuntes, mas encontro apenas o vazio interior. O luar, frio e impiedoso, ilumina meus pecados. Sou prisioneiro da noite, condenado e lament\u00e1vel, aguardando um novo elemento.\n    <\/pre>\n<\/p><\/div>\n<div class=\"poem\">\n<h2>L&#039;Aube<\/h2>\n<pre class=\"poem-text\">\nO amanhecer chega como uma senten\u00e7a, sobre um mundo cheio de medo e mentiras. Ele exp\u00f5e cada falha e sussurra sobre a culpa iminente. Eu o aguardo, como um carrasco sua espada, pronto para um novo tormento e dor. Pois em cada dia h\u00e1 apenas um breve momento antes que ele caia novamente no esquecimento. Mas mesmo nesta imagem sombria, vejo um vislumbre de esperan\u00e7a e luz. Pois depois da noite sempre vem a manh\u00e3, e a vida continua, aconte\u00e7a o que acontecer.\n    <\/pre>\n<\/p><\/div>\n<div class=\"poem\">\n<h2>O Prisioneiro<\/h2>\n<pre class=\"poem-text\">\nAtr\u00e1s das grades est\u00e1 o meu mundo, a minha paz, n\u00e3o h\u00e1 lugar para mentiras e enganos. Sou prisioneiro do destino, para sempre sozinho, dentro de muros de pedra, sem falhas. Mas mesmo nesta morada apertada, sinto a liberdade da minha alma. Pois os meus pensamentos s\u00e3o como p\u00e1ssaros em voo, sem conhecer limites ou sil\u00eancio. Lembro-me do passado, do amor, daqueles dias em que eu era livre. Mas agora estou aqui, e esta \u00e9 a minha vida, aguardando um novo amanhecer.\n    <\/pre>\n<\/p><\/div>\n<div class=\"poem\">\n<h2>A Rosa Negra<\/h2>\n<pre class=\"poem-text\">\nA rosa negra \u00e9 um s\u00edmbolo de tristeza, floresce no jardim da minha alma. Suas p\u00e9talas s\u00e3o como gotas de cristal, refletem dor e sil\u00eancio. Amo-a por sua beleza, por seus espinhos e orgulho. Ela \u00e9 como eu, solit\u00e1ria e vazia, neste mundo cheio de v\u00edcios e mal\u00edcia. Mas mesmo neste amor sombrio, encontro conforto e paz. Pois a rosa negra \u00e9 parte de mim, meu destino, minha eterna melancolia.\n    <\/pre>\n<\/p><\/div>\n<div class=\"poem\">\n<h2>Le Regard<\/h2>\n<pre class=\"poem-text\">\nSeu olhar \u00e9 como uma faca que perfura minha alma, expondo todos os meus medos e pecados. Tento me esconder, desaparecer, mas seu olhar me alcan\u00e7a no sil\u00eancio. Nele residem o desprezo, a piedade e a paix\u00e3o, todos esses sentimentos que tanto temo. Sou prisioneiro do seu olhar, c\u00famplice para sempre neste jogo em que sempre perderei. Mas mesmo nessa impot\u00eancia, encontro um estranho prazer. Afinal, ser transpassado pelo seu olhar \u00e9 estar vivo, ser real.\n    <\/pre>\n<\/p><\/div>\n<div class=\"poem\">\n<h2>L&#039;Ombre<\/h2>\n<pre class=\"poem-text\">\nMinha sombra \u00e9 minha fiel companheira, ela me segue por toda parte. \u00c9 um reflexo da minha alma, dos meus medos, das minhas esperan\u00e7as e tormentos. Tento escapar dela, mas ela sempre me alcan\u00e7a. Afinal, a sombra \u00e9 parte de mim, minha ess\u00eancia, meu destino eterno. \u00c0s vezes penso que a sombra \u00e9 minha verdadeira identidade. E eu sou apenas uma m\u00e1scara, uma ilus\u00e3o, neste mundo cheio de enganos e mentiras.\n    <\/pre>\n<\/p><\/div>\n<div class=\"poem\">\n<h2>O Sil\u00eancio<\/h2>\n<pre class=\"poem-text\">\nO sil\u00eancio \u00e9 o som mais ensurdecedor, ensurdece-me com seu vazio. Reflete minha alma, meus pensamentos, meus sentimentos e minha dor. Tento preench\u00ea-lo com palavras, mas elas apenas intensificam sua profundidade. Pois o sil\u00eancio \u00e9 a eternidade, na qual estou para sempre condenado. \u00c0s vezes penso que o sil\u00eancio \u00e9 meu verdadeiro lar. E o mundo \u00e9 apenas ru\u00eddo, apenas vaidade, na qual jamais encontrarei paz.\n    <\/pre>\n<\/p><\/div>\n<div class=\"poem\">\n<h2>A M\u00e1scara<\/h2>\n<pre class=\"poem-text\">\nUso uma m\u00e1scara para esconder minha dor, para impedir que minha fraqueza se revele ao mundo. Mas a m\u00e1scara me sufoca, me rouba a liberdade e me transforma em um rob\u00f4 sem rosto. Tento tir\u00e1-la, mas n\u00e3o consigo, pois ela se tornou parte de mim. Sou prisioneiro da m\u00e1scara, condenado para sempre a este jogo em que sempre perderei. Mas mesmo nessa impot\u00eancia, encontro um estranho consolo. Pois a m\u00e1scara me permite sobreviver neste mundo cheio de crueldade e maldade.\n    <\/pre>\n<\/p><\/div>\n<div class=\"poem\">\n<h2>O Espelho<\/h2>\n<pre class=\"poem-text\">\nO espelho reflete minha alma, meus medos, minhas esperan\u00e7as e meus pecados. Olho para mim mesmo e n\u00e3o reconhe\u00e7o quem realmente sou. Tento encontrar a resposta em meus olhos, mas eles apenas me encaram com reprova\u00e7\u00e3o. Sou prisioneiro do espelho, acorrentado para sempre a esta ilus\u00e3o, a esta melancolia eterna. Mas mesmo nesta impot\u00eancia, encontro um estranho prazer. Afinal, o espelho me permite ver a mim mesmo, como realmente sou.\n    <\/pre>\n<\/p><\/div>\n<div class=\"poem\">\n<h2>L&#039;\u00c9toile Filante<\/h2>\n<pre class=\"poem-text\">\nUma estrela cadente \u00e9 um sonho fugaz, um desejo sussurrado na quietude da noite. Ela cruza o c\u00e9u e desaparece, sem deixar rastro de alma. Eu a observo e penso na vida, em sua efemeridade e fragilidade. Somos todos como estrelas cadentes, fadados a desaparecer na eternidade. Mas mesmo nessa tristeza, encontro um estranho consolo. Afinal, cada momento da vida \u00e9 um milagre, para ser valorizado e amado.\n    <\/pre>\n<\/p><\/div>\n<div class=\"poem\">\n<h2>A Viagem<\/h2>\n<pre class=\"poem-text\">\nEstou partindo numa jornada, em busca de mim mesmo, em busca de significado. Percorro os caminhos da vida, sem saber o que me espera adiante. Encontro pessoas diferentes, ou\u00e7o hist\u00f3rias diferentes. Aprendo a amar e odiar, a acreditar e a duvidar. E no fim dessa jornada, compreendo que o mais importante \u00e9 ser voc\u00ea mesmo e viver a sua vida.\n    <\/pre>\n<\/p><\/div>\n<div class=\"poem\">\n<h2>O Jardim Secreto<\/h2>\n<pre class=\"poem-text\">\nNo meu jardim secreto, as flores crescem, invis\u00edveis, belas, selvagens. Desabrocham s\u00f3 para mim, longe de olhares e ouvidos curiosos. Passo horas nesse jardim, desfrutando da paz e do sil\u00eancio. Falo com as flores, compartilhando meus pensamentos e sentimentos com elas. E nesse jardim, encontro a mim mesma, minha verdadeira ess\u00eancia, minha liberdade. Pois este \u00e9 o meu mundo, meu ref\u00fagio, meu amor e paix\u00e3o eternos.\n    <\/pre>\n<\/p><\/div>\n<div class=\"poem\">\n<h2>O Canto do Cisne<\/h2>\n<pre class=\"poem-text\">\nO canto do cisne \u00e9 um grito de despedida, soa na antecipa\u00e7\u00e3o da morte e do sil\u00eancio. Canta sobre sua vida, seu amor, suas esperan\u00e7as e decep\u00e7\u00f5es. Escuto seu canto e penso em mim, na minha vida, no meu destino. Compreendo que em breve tamb\u00e9m terei que dizer adeus a este mundo, a esta vida. Mas mesmo nesta tristeza, encontro um estranho consolo. Afinal, a morte \u00e9 apenas uma transi\u00e7\u00e3o, para outro mundo, para outra realidade.\n    <\/pre>\n<\/p><\/div>\n<div class=\"poem\">\n<h2>A Aus\u00eancia<\/h2>\n<pre class=\"poem-text\">\nSua aus\u00eancia \u00e9 como o inverno em minha alma, fria, implac\u00e1vel, vazia. Procuro por voc\u00ea em cada rosto, mas encontro apenas o reflexo da minha pr\u00f3pria dor. Lembro-me dos nossos encontros, das nossas conversas, dos nossos sonhos. Tento trazer o passado de volta, mas ele me escapa como areia entre os dedos. E neste desespero, compreendo que voc\u00ea permanecer\u00e1 para sempre, em meu cora\u00e7\u00e3o, em minha mem\u00f3ria, meu eterno amor e saudade.\n    <\/pre>\n<\/p><\/div>\n<\/div>","protected":false},"excerpt":{"rendered":"<p>Jean Genet \u00e9 uma figura tr\u00e1gica e fascinante, um poeta e dramaturgo que sobreviveu \u00e0 pris\u00e3o e se tornou um \u00edcone intelectual. Seus poemas s\u00e3o as confiss\u00f5es de uma alma rebelde\u2026<\/p>","protected":false},"author":1,"featured_media":0,"comment_status":"open","ping_status":"open","sticky":false,"template":"","format":"standard","meta":{"footnotes":""},"categories":[59],"tags":[],"class_list":["post-135192","post","type-post","status-publish","format-standard","hentry","category-stihi"],"_links":{"self":[{"href":"https:\/\/imgist.ru\/pt\/wp-json\/wp\/v2\/posts\/135192","targetHints":{"allow":["GET"]}}],"collection":[{"href":"https:\/\/imgist.ru\/pt\/wp-json\/wp\/v2\/posts"}],"about":[{"href":"https:\/\/imgist.ru\/pt\/wp-json\/wp\/v2\/types\/post"}],"author":[{"embeddable":true,"href":"https:\/\/imgist.ru\/pt\/wp-json\/wp\/v2\/users\/1"}],"replies":[{"embeddable":true,"href":"https:\/\/imgist.ru\/pt\/wp-json\/wp\/v2\/comments?post=135192"}],"version-history":[{"count":1,"href":"https:\/\/imgist.ru\/pt\/wp-json\/wp\/v2\/posts\/135192\/revisions"}],"predecessor-version":[{"id":136882,"href":"https:\/\/imgist.ru\/pt\/wp-json\/wp\/v2\/posts\/135192\/revisions\/136882"}],"wp:attachment":[{"href":"https:\/\/imgist.ru\/pt\/wp-json\/wp\/v2\/media?parent=135192"}],"wp:term":[{"taxonomy":"category","embeddable":true,"href":"https:\/\/imgist.ru\/pt\/wp-json\/wp\/v2\/categories?post=135192"},{"taxonomy":"post_tag","embeddable":true,"href":"https:\/\/imgist.ru\/pt\/wp-json\/wp\/v2\/tags?post=135192"}],"curies":[{"name":"wp","href":"https:\/\/api.w.org\/{rel}","templated":true}]}}