{"id":13551,"date":"2026-06-05T11:20:26","date_gmt":"2026-06-05T08:20:26","guid":{"rendered":"https:\/\/imgist.ru\/oliviya-rodrigo-vybrala-korotkoe-i-elegantnoe-mikro-mini-plate-ot-rudi-gernrajha\/"},"modified":"2026-06-05T11:20:26","modified_gmt":"2026-06-05T08:20:26","slug":"olivia-rodrigo-optou-por-um-prato-micro-mini-curto-e-elegante-de-rudi-gernrajha","status":"publish","type":"post","link":"https:\/\/imgist.ru\/pt\/oliviya-rodrigo-vybrala-korotkoe-i-elegantnoe-mikro-mini-plate-ot-rudi-gernrajha\/","title":{"rendered":"Olivia Rodrigo escolheu um vestido micro-mini curto e elegante da grife Rudi Gernreich."},"content":{"rendered":"<p><strong>Olivia Rodrigo<\/strong> Mais uma vez, ela demonstrou seu amor por po\u00e1s, desta vez em um microvestido Rudi Gernreich cujo detalhe vibrante chamou a aten\u00e7\u00e3o dos fashionistas. A cantora transformou uma chegada comum aos est\u00fadios da BBC em Londres em um verdadeiro momento fashion, provando mais uma vez que seu estilo do dia a dia \u00e9 t\u00e3o cativante quanto seus looks de tapete vermelho.<\/p>\n<h2> Olivia Rodrigo arrasa em Londres com um min\u00fasculo microvestido Rudi Gernreich e um colete.<\/h2>\n<p> Olivia Rodrigo exibiu um estilo retr\u00f4 divertido, aparecendo em p\u00fablico com uma pe\u00e7a vintage rara do lend\u00e1rio designer Rudi Gernreich. Seu look consistia em um microvestido preto com grandes bolinhas brancas, gola e mangas curtas. A silhueta era simples e jovial, mas Rodrigo a transformou com uma t\u00e9cnica de sobreposi\u00e7\u00e3o inesperada.<\/p>\n<p> Um colete de tric\u00f4 sem mangas em um vibrante verde-lim\u00e3o foi usado sobre o vestido, tornando-se instantaneamente o ponto focal do conjunto. O colete curto criou um contraste marcante com a estampa de bolinhas monocrom\u00e1tica, adicionando cor e personalidade ao look. A combina\u00e7\u00e3o transmitiu uma sensa\u00e7\u00e3o simultaneamente nost\u00e1lgica e moderna, mesclando influ\u00eancias dos anos 60 com o estilo caracter\u00edstico da Gera\u00e7\u00e3o Z de Rodrigo.<\/p>\n<p> A vencedora do Grammy manteve o estilo vintage, complementando o visual com \u00f3culos de sol Ray-Ban Wayfarer pretos cl\u00e1ssicos para um toque de eleg\u00e2ncia casual. Ela prendeu uma mecha do cabelo castanho-escuro com um grampo preto simples, mantendo um look minimalista.<\/p>\n<p> Os acess\u00f3rios foram mantidos simples e minimalistas. Rodrigo carregava uma bolsa Paloma de l\u00e3 preta brilhante, que complementava os elementos monocrom\u00e1ticos de seu look sem chamar muita aten\u00e7\u00e3o. Ela usava sapatos de salto alto de couro preto, supostamente Prada vintage. Ela os combinou com meias brancas acima do joelho, acentuando ainda mais seu visual colegial.<\/p>\n<p> Enquanto muitas celebridades se apoiam nas tend\u00eancias da moda, a cantora continua a privilegiar pe\u00e7as vintage e \u00fanicas. Combinando um vestido raro de Rudi Gernreich com uma ousada combina\u00e7\u00e3o de cores e acess\u00f3rios cuidadosamente escolhidos, Rodrigo transformou um look de est\u00fadio comum em um momento marcante de street style. O resultado foi original, sofisticado e totalmente a cara de Olivia Rodrigo. \u00c9 a prova de que at\u00e9 mesmo um microvestido pode ser uma pe\u00e7a impactante quando escolhido e combinado corretamente.<\/p>\n<p> <em>A reportagem original de Viha Shah foi publicada no FashionSpot.<\/em><\/p>\n<p> O artigo &quot;Olivia Rodrigo opta por um microvestido curto e elegante de Rudi Gernreich&quot; foi publicado originalmente no site Reality Tea.<\/p>","protected":false},"excerpt":{"rendered":"<p>Olivia Rodrigo demonstrou mais uma vez seu amor por bolinhas, desta vez em um microvestido Rudi Gernreich que chamou a aten\u00e7\u00e3o dos especialistas em moda com seu detalhe vibrante\u2026<\/p>","protected":false},"author":1,"featured_media":13552,"comment_status":"open","ping_status":"closed","sticky":false,"template":"","format":"standard","meta":{"footnotes":""},"categories":[5],"tags":[],"class_list":["post-13551","post","type-post","status-publish","format-standard","has-post-thumbnail","hentry","category-selebriti","hvn-theme-has-thumbnail"],"_links":{"self":[{"href":"https:\/\/imgist.ru\/pt\/wp-json\/wp\/v2\/posts\/13551","targetHints":{"allow":["GET"]}}],"collection":[{"href":"https:\/\/imgist.ru\/pt\/wp-json\/wp\/v2\/posts"}],"about":[{"href":"https:\/\/imgist.ru\/pt\/wp-json\/wp\/v2\/types\/post"}],"author":[{"embeddable":true,"href":"https:\/\/imgist.ru\/pt\/wp-json\/wp\/v2\/users\/1"}],"replies":[{"embeddable":true,"href":"https:\/\/imgist.ru\/pt\/wp-json\/wp\/v2\/comments?post=13551"}],"version-history":[{"count":0,"href":"https:\/\/imgist.ru\/pt\/wp-json\/wp\/v2\/posts\/13551\/revisions"}],"wp:featuredmedia":[{"embeddable":true,"href":"https:\/\/imgist.ru\/pt\/wp-json\/wp\/v2\/media\/13552"}],"wp:attachment":[{"href":"https:\/\/imgist.ru\/pt\/wp-json\/wp\/v2\/media?parent=13551"}],"wp:term":[{"taxonomy":"category","embeddable":true,"href":"https:\/\/imgist.ru\/pt\/wp-json\/wp\/v2\/categories?post=13551"},{"taxonomy":"post_tag","embeddable":true,"href":"https:\/\/imgist.ru\/pt\/wp-json\/wp\/v2\/tags?post=13551"}],"curies":[{"name":"wp","href":"https:\/\/api.w.org\/{rel}","templated":true}]}}