{"id":13640,"date":"2026-06-05T13:04:21","date_gmt":"2026-06-05T10:04:21","guid":{"rendered":"https:\/\/imgist.ru\/chempionat-mira-po-futbolu-fifa-2026-shakira-vystupit-na-czeremonii-otkrytiya-chempionata-v-meksike-utochneno-vremya\/"},"modified":"2026-08-29T12:12:21","modified_gmt":"2026-08-29T09:12:21","slug":"shakira-se-apresentara-na-cerimonia-de-abertura-da-copa-do-mundo-da-fifa-de-2026-no-mexico-o-horario-ja-foi-confirmado","status":"publish","type":"post","link":"https:\/\/imgist.ru\/pt\/chempionat-mira-po-futbolu-fifa-2026-shakira-vystupit-na-czeremonii-otkrytiya-chempionata-v-meksike-utochneno-vremya\/","title":{"rendered":"Copa do Mundo FIFA 2026: Shakira se apresentar\u00e1 na cerim\u00f4nia de abertura no M\u00e9xico (hor\u00e1rio confirmado)."},"content":{"rendered":"<p><strong>Uma lenda da Copa do Mundo retornar\u00e1 ao torneio de 2026 ainda este m\u00eas, com a FIFA confirmando que a \u00edcone da m\u00fasica Shakira se apresentar\u00e1 na cerim\u00f4nia de abertura no M\u00e9xico.<\/strong><\/p>\n<p> Pode-se afirmar com justi\u00e7a que o astro colombiano eternizou seu nome na hist\u00f3ria da Copa do Mundo com sua m\u00fasica &quot;Waka Waka (This Time for Africa)&quot;, apresentada no torneio de 2010 na \u00c1frica do Sul.<\/p>\n<p> Quase duas d\u00e9cadas depois, essa m\u00fasica ainda resiste ao teste do tempo. \u00c9 realmente um dos hinos mais ic\u00f4nicos da hist\u00f3ria da Copa do Mundo e ainda pode ser ouvida hoje.<\/p>\n<p> Em prepara\u00e7\u00e3o para a Copa do Mundo da FIFA de 2026, que ser\u00e1 realizada nos Estados Unidos, Canad\u00e1 e M\u00e9xico, Shakira lan\u00e7ou uma nova m\u00fasica chamada &quot;Dai Dai&quot;, e os f\u00e3s de futebol poder\u00e3o ver a cantora de 49 anos interpret\u00e1-la ao vivo.<\/p>\n<h2> Shakira apresentar\u00e1 sua nova m\u00fasica da Copa do Mundo ao vivo no M\u00e9xico.<\/h2>\n<p> A FIFA, entidade m\u00e1xima do futebol, confirmou que Shakira apresentar\u00e1 sua m\u00fasica oficial da Copa do Mundo ao lado de Burna Boy antes da partida de abertura do torneio no Est\u00e1dio Azteca, na Cidade do M\u00e9xico.<\/p>\n<p> A partida entre M\u00e9xico e \u00c1frica do Sul acontecer\u00e1 no dia 11 de junho, \u00e0s 13h (hor\u00e1rio de Bras\u00edlia), com a cerim\u00f4nia de abertura come\u00e7ando \u00e0s 11h30.<\/p>\n<p> O astro colombiano do reggaeton J Balvin tamb\u00e9m se apresentar\u00e1 na cerim\u00f4nia de abertura no M\u00e9xico, juntamente com a cantora e compositora sul-africana Tayla. <\/p>\n<p> Foto de Elena Di Vincenzo\/Archivio Elena Di Vincenzo\/Mondadori Portf\u00f3lio via Getty Images<\/p>\n<p> O Canad\u00e1 e os Estados Unidos tamb\u00e9m realizar\u00e3o suas pr\u00f3prias cerim\u00f4nias de abertura antes da primeira partida em seus respectivos pa\u00edses. Esta \u00e9 a primeira vez que a Copa do Mundo \u00e9 realizada em tr\u00eas pa\u00edses diferentes, e a FIFA, consequentemente, n\u00e3o poupou esfor\u00e7os.<\/p>\n<p> Michael Bubl\u00e9 e Alanis Morissette se apresentar\u00e3o em Toronto um dia ap\u00f3s a cerim\u00f4nia de abertura no M\u00e9xico, antes da partida do Canad\u00e1 contra a B\u00f3snia e Herzegovina, em 12 de junho.<\/p>\n<p> Nos Estados Unidos, Katy Perry se apresentar\u00e1 ao lado do rapper Future antes da partida da sele\u00e7\u00e3o americana contra o Paraguai, em Los Angeles, ainda naquele dia.<\/p>\n<p> <strong>Leia mais:<\/strong><\/p>\n<p> Por que a cerim\u00f4nia de abertura da Copa do Mundo da FIFA de 2026 n\u00e3o acontecer\u00e1 nos Estados Unidos?<\/p>\n<p> Como funciona o ranking da Copa do Mundo FIFA de 2026 e o que ele representa.<\/p>\n<p> Por que \u00e9 prov\u00e1vel que os jogos da Copa do Mundo nos EUA sejam interrompidos por pelo menos 30 minutos?<\/p>","protected":false},"excerpt":{"rendered":"<p>Uma lenda da Copa do Mundo retornar\u00e1 ao torneio de 2026 ainda este m\u00eas: a FIFA confirmou que a \u00edcone da m\u00fasica Shakira se apresentar\u00e1 na cerim\u00f4nia de abertura\u2026<\/p>","protected":false},"author":1,"featured_media":13641,"comment_status":"open","ping_status":"closed","sticky":false,"template":"","format":"standard","meta":{"footnotes":""},"categories":[7],"tags":[],"class_list":["post-13640","post","type-post","status-publish","format-standard","has-post-thumbnail","hentry","category-muzyka","hvn-theme-has-thumbnail"],"_links":{"self":[{"href":"https:\/\/imgist.ru\/pt\/wp-json\/wp\/v2\/posts\/13640","targetHints":{"allow":["GET"]}}],"collection":[{"href":"https:\/\/imgist.ru\/pt\/wp-json\/wp\/v2\/posts"}],"about":[{"href":"https:\/\/imgist.ru\/pt\/wp-json\/wp\/v2\/types\/post"}],"author":[{"embeddable":true,"href":"https:\/\/imgist.ru\/pt\/wp-json\/wp\/v2\/users\/1"}],"replies":[{"embeddable":true,"href":"https:\/\/imgist.ru\/pt\/wp-json\/wp\/v2\/comments?post=13640"}],"version-history":[{"count":1,"href":"https:\/\/imgist.ru\/pt\/wp-json\/wp\/v2\/posts\/13640\/revisions"}],"predecessor-version":[{"id":157061,"href":"https:\/\/imgist.ru\/pt\/wp-json\/wp\/v2\/posts\/13640\/revisions\/157061"}],"wp:featuredmedia":[{"embeddable":true,"href":"https:\/\/imgist.ru\/pt\/wp-json\/wp\/v2\/media\/13641"}],"wp:attachment":[{"href":"https:\/\/imgist.ru\/pt\/wp-json\/wp\/v2\/media?parent=13640"}],"wp:term":[{"taxonomy":"category","embeddable":true,"href":"https:\/\/imgist.ru\/pt\/wp-json\/wp\/v2\/categories?post=13640"},{"taxonomy":"post_tag","embeddable":true,"href":"https:\/\/imgist.ru\/pt\/wp-json\/wp\/v2\/tags?post=13640"}],"curies":[{"name":"wp","href":"https:\/\/api.w.org\/{rel}","templated":true}]}}