{"id":13826,"date":"2026-06-05T15:18:50","date_gmt":"2026-06-05T12:18:50","guid":{"rendered":"https:\/\/imgist.ru\/geri-kuper-i-veronika-balf-prekrasno-spravlyalis-s-vzletami-i-padeniyami-v-lichnoj-zhizni-rasskazala-ih-doch\/"},"modified":"2026-06-05T15:18:50","modified_gmt":"2026-06-05T12:18:50","slug":"geri-cooper-e-veronica-balf-lidaram-bem-com-os-altos-e-baixos-de-suas-vidas-pessoais-disseram-suas-filhas","status":"publish","type":"post","link":"https:\/\/imgist.ru\/pt\/geri-kuper-i-veronika-balf-prekrasno-spravlyalis-s-vzletami-i-padeniyami-v-lichnoj-zhizni-rasskazala-ih-doch\/","title":{"rendered":"Gary Cooper e Veronica Balfe lidaram bem com os altos e baixos de suas vidas pessoais, disse a filha deles."},"content":{"rendered":"<p>Quando as filhas <strong>Gary Cooper<\/strong> , <strong>De Maria<\/strong> , Maria, de 88 anos, tinha 12 anos e queria a mesma coisa que todas as suas amigas em Hollywood: um cavalo. Ele recusou. Por qu\u00ea? &quot;Ele disse: &#039;\u00c9 importante ter paci\u00eancia. Se voc\u00ea ainda quiser um cavalo aos 14 anos, conversaremos sobre isso&#039;&quot;, contou Maria \u00e0 publica\u00e7\u00e3o. <em>Mais perto<\/em> . &quot;\u00c9 claro que, aos 14 anos, eu j\u00e1 n\u00e3o me importava se teria um cavalo ou n\u00e3o. Essa li\u00e7\u00e3o me ajudou muito na vida.&quot;.<\/p>\n<p> O ator imperturb\u00e1vel n\u00e3o precisava se esfor\u00e7ar muito para interpretar homens virtuosos em filmes cl\u00e1ssicos como <em>\u00abSargento York\u00bb<\/em> , <em>\u00abOrgulho dos Yankees\u00bb<\/em> \u0438 <em>\u00abMeio-dia\u00bb<\/em> . &quot;Para ser querido pelas pessoas, eu acreditava que precisava ser uma esp\u00e9cie de ideal&quot;, disse ele. Maria acrescenta: &quot;Ele queria mostrar o melhor que um homem poderia ser. Essas qualidades se refletiam em seus relacionamentos com a fam\u00edlia e os amigos.&quot;. <\/p>\n<p><img alt='&lt;span class=&quot;wp-caption-text&quot;&gt;Getty Images&lt;\/span&gt;&lsquo;&amp;#039; src=&raquo;https:\/\/s.yimg.com\/ny\/api\/res\/1.2\/7PPMlQrqUUUkmdia6uj5rw&mdash;\/YXBwaWQ9aGlnaGxhbmRlcjt3PTk2MDtoPTcxM DtjZj13ZWJw\/https:\/\/media.zenfs.com\/en\/closer_weekly_articles_556\/8aa419ca4829a8dda759c9de9d97b7bd&amp;quot;&amp;gt; Getty Images&lt;\/p&gt;&lt;p&gt; Gary se adaptou facilmente ao papel de cowboy, tendo crescido em um rancho em Montana com seus pais imigrantes ingleses. Durante uma visita a Hollywood, ele conseguiu trabalho como dubl&ecirc; em filmes de faroeste e logo conquistou um papel principal. &amp;quot;Ele era alto, tinha lindos olhos azuis e um rosto esculpido&amp;quot;, explica a revista Closer. &lt;strong&gt;Glenn Frankel&lt;\/strong&gt; , autor do livro &lt;em&gt;&laquo;Matar ou Morrer: A Lista Negra de Hollywood e a Cria&ccedil;&atilde;o de um Cl&aacute;ssico Americano&raquo;&lt;\/em&gt; . Quando os filmes mudos deram lugar aos filmes falados, o fato de Gary &amp;quot;ter uma voz muito agrad&aacute;vel&amp;quot; tamb&eacute;m ajudou&amp;quot;, acrescenta Frankel.&lt;\/p&gt;&lt;p&gt; Em 1933, ele se casou com uma debutante. &lt;strong&gt;Ver&ocirc;nica Balfe&lt;\/strong&gt; , E quatro anos depois, Maria nasceu. O casamento deles passou por alguns momentos dif&iacute;ceis &mdash; Gary teve casos com suas colegas de elenco. &lt;strong&gt;Ingrid Bergman&lt;\/strong&gt; \u0438 &lt;strong&gt;Patr&iacute;cia Neel&lt;\/strong&gt; , E o casal se separou por tr&ecirc;s anos na d&eacute;cada de 1950. Mas eles se reconciliaram e se fortaleceram ainda mais. &amp;quot;Eles se amavam e se respeitavam ainda mais&amp;quot;, diz Maria. &amp;quot;E me trataram maravilhosamente bem.&amp;quot;. &lt;\/p&gt;&lt;p&gt;&amp;lt;img alt='<span class=\"wp-caption-text\">Maria Cooper Janice\/Facebook<\/span>\u2018Maria Cooper Janice\/Facebook<\/p>\n<p> Conhecido nas telas como um personagem forte e taciturno, Gary n\u00e3o era diferente como pai. &quot;Ele me ensinou mais pelo exemplo do que pelas palavras&quot;, diz Maria. &quot;Ele foi um pai maravilhoso. Pratic\u00e1vamos muitos esportes em fam\u00edlia.&quot;.<\/p>\n<p> O mundo ficou chocado quando ele foi diagnosticado com c\u00e2ncer de pr\u00f3stata no in\u00edcio da d\u00e9cada de 1960. &quot;Sua atitude era: &#039;Vamos rezar por um milagre&#039;&quot;, lembra Maria. Quando o milagre n\u00e3o aconteceu, &quot;nunca o ouvi reclamar, mas um dia ele disse: &#039;Droga, justo quando eu estava come\u00e7ando a entender o que era atuar.&#039;&quot;.<\/p>\n<p> Ele morreu aos 60 anos, em 1961, mas seu legado \u2014 seu compromisso em fazer o que \u00e9 certo dentro e fora das telas \u2014 permanece vivo. &quot;A forma como ele \u00e9 lembrado o deixaria muito grato e feliz&quot;, diz Maria. &quot;Ele conquistou tanto na vida e contribuiu tanto para ela.&quot;.<\/p>\n<p> Leia mais artigos da Closer Weekly.<\/p>\n<ul>\n<li>\n<p> D\u00e9cadas depois, os f\u00e3s ainda n\u00e3o conseguem esquecer o vil\u00e3o da TV por quem tinham uma queda secreta.<\/p>\n<\/li>\n<li>\n<p> Houve algumas mudan\u00e7as s\u00e9rias nos bastidores de Days of Our Lives, com a sa\u00edda de um roteirista muito querido pelos f\u00e3s de General Hospital.<\/p>\n<\/li>\n<li>\n<p> O final da s\u00e9rie Os Waltons n\u00e3o foi originalmente concebido para ser o fim, e os f\u00e3s ainda debatem isso.<\/p>\n<\/li>\n<\/ul>\n<p> Este artigo, &quot;Gary Cooper e Veronica Balfe lidaram bem com os altos e baixos do relacionamento&quot;, revela a filha deles, foi publicado originalmente na Closer Weekly. Assine. <strong>Closer Semanal<\/strong> \u0432 <strong>Yahoo<\/strong> , para n\u00e3o perder as pr\u00f3ximas publica\u00e7\u00f5es.<\/p>","protected":false},"excerpt":{"rendered":"<p>Quando Maria, filha de Gary Cooper, tinha 12 anos, ela queria a mesma coisa que todas as suas amigas em Hollywood: um cavalo. Ele recusou o pedido dela\u2026.<\/p>","protected":false},"author":1,"featured_media":13827,"comment_status":"open","ping_status":"closed","sticky":false,"template":"","format":"standard","meta":{"footnotes":""},"categories":[5],"tags":[],"class_list":["post-13826","post","type-post","status-publish","format-standard","has-post-thumbnail","hentry","category-selebriti","hvn-theme-has-thumbnail"],"_links":{"self":[{"href":"https:\/\/imgist.ru\/pt\/wp-json\/wp\/v2\/posts\/13826","targetHints":{"allow":["GET"]}}],"collection":[{"href":"https:\/\/imgist.ru\/pt\/wp-json\/wp\/v2\/posts"}],"about":[{"href":"https:\/\/imgist.ru\/pt\/wp-json\/wp\/v2\/types\/post"}],"author":[{"embeddable":true,"href":"https:\/\/imgist.ru\/pt\/wp-json\/wp\/v2\/users\/1"}],"replies":[{"embeddable":true,"href":"https:\/\/imgist.ru\/pt\/wp-json\/wp\/v2\/comments?post=13826"}],"version-history":[{"count":0,"href":"https:\/\/imgist.ru\/pt\/wp-json\/wp\/v2\/posts\/13826\/revisions"}],"wp:featuredmedia":[{"embeddable":true,"href":"https:\/\/imgist.ru\/pt\/wp-json\/wp\/v2\/media\/13827"}],"wp:attachment":[{"href":"https:\/\/imgist.ru\/pt\/wp-json\/wp\/v2\/media?parent=13826"}],"wp:term":[{"taxonomy":"category","embeddable":true,"href":"https:\/\/imgist.ru\/pt\/wp-json\/wp\/v2\/categories?post=13826"},{"taxonomy":"post_tag","embeddable":true,"href":"https:\/\/imgist.ru\/pt\/wp-json\/wp\/v2\/tags?post=13826"}],"curies":[{"name":"wp","href":"https:\/\/api.w.org\/{rel}","templated":true}]}}